{"id":55457,"date":"2023-07-28T07:32:00","date_gmt":"2023-07-28T10:32:00","guid":{"rendered":"https:\/\/blogopara.com.br\/?p=55457"},"modified":"2023-07-26T16:34:12","modified_gmt":"2023-07-26T19:34:12","slug":"gestao-suzana-ramos-requalifica-setor-de-transportes-da-secretaria-de-saude-e-garante-mais-investimentos","status":"publish","type":"post","link":"https:\/\/blogopara.com.br\/index.php\/2023\/07\/28\/gestao-suzana-ramos-requalifica-setor-de-transportes-da-secretaria-de-saude-e-garante-mais-investimentos","title":{"rendered":"Gest\u00e3o Suzana Ramos requalifica setor de transportes da Secretaria de Sa\u00fade e garante mais investimentos"},"content":{"rendered":"<p style=\"text-align: justify;\">Em dois anos e meio, a gest\u00e3o Suzana Ramos requalificou e vem reestruturando toda a frota de ve\u00edculos da Secretaria de Sa\u00fade.\u00a0 Foram contratados ve\u00edculos novos, entre eles, ambul\u00e2ncias sociais como a que ser\u00e1 destinada para o distrito de Ab\u00f3bora. As ambul\u00e2ncias sociais realizam o transporte de usu\u00e1rios do interior que t\u00eam dificuldades de transporte e deslocamento.<br aria-hidden=\"true\" \/><br aria-hidden=\"true\" \/>A prefeita Suzana Ramos destacou que a gest\u00e3o est\u00e1 comprometida com um atendimento de qualidade na sa\u00fade. &#8220;A nossa preocupa\u00e7\u00e3o \u00e9 com uma sa\u00fade eficiente em todos os sentidos, humana. Sempre procuro saber sobre as nossas ambul\u00e2ncias e as seis do Servi\u00e7o de Atendimento M\u00f3vel &#8211; SAMU est\u00e3o em funcionamento. Temos duas unidades de suporte avan\u00e7ado e quatro unidades de suporte b\u00e1sico com cinco macas novas e outras cinco recuperadas, totalizando 15 unidades do equipamento. Este m\u00eas tamb\u00e9m anunciamos a libera\u00e7\u00e3o da emenda de R$ 500 mil do deputado federal L\u00e9o Prates para a compra de uma USA, unidade de suporte avan\u00e7ado na modalidade UTI. S\u00e3o investimentos como esses que demonstram nosso compromisso com um servi\u00e7o de qualidade&#8221;, enfatizou.<br aria-hidden=\"true\" \/><br aria-hidden=\"true\" \/><b>UMO<\/b><br aria-hidden=\"true\" \/><br aria-hidden=\"true\" \/>A gest\u00e3o adquiriu tamb\u00e9m com recursos pr\u00f3prios a Unidade M\u00f3vel Odontol\u00f3gica (UMO) que, semanalmente, est\u00e1 nas comunidades dando suporte ao atendimento odontol\u00f3gico do munic\u00edpio.<br aria-hidden=\"true\" \/><br aria-hidden=\"true\" \/>O secret\u00e1rio de sa\u00fade Allan Jones, refor\u00e7ou que os ve\u00edculos necessitam constantemente de manuten\u00e7\u00e3o. &#8220;S\u00e3o ve\u00edculos que diariamente prestam servi\u00e7os para a popula\u00e7\u00e3o. \u00c9 natural que haja um desgaste do equipamento e que seja encaminhado para manuten\u00e7\u00e3o. O importante \u00e9 que a popula\u00e7\u00e3o est\u00e1 consciente de que os investimentos na sa\u00fade n\u00e3o param. De equipamentos, a atendimentos e insumos&#8221;, concluiu o secret\u00e1rio.<\/p>\n","protected":false},"excerpt":{"rendered":"<p>Em dois anos e meio, a gest\u00e3o Suzana Ramos requalificou e vem reestruturando toda a frota de ve\u00edculos da Secretaria de Sa\u00fade.\u00a0 Foram contratados ve\u00edculos novos, entre eles, ambul\u00e2ncias sociais como a que ser\u00e1 destinada para o distrito de Ab\u00f3bora. As ambul\u00e2ncias sociais realizam o transporte de usu\u00e1rios do interior que t\u00eam dificuldades de transporte [&hellip;]<\/p>\n","protected":false},"author":1,"featured_media":10626,"comment_status":"closed","ping_status":"open","sticky":false,"template":"","format":"standard","meta":{"_uag_custom_page_level_css":"","_monsterinsights_skip_tracking":false,"_monsterinsights_sitenote_active":false,"_monsterinsights_sitenote_note":"","_monsterinsights_sitenote_category":0,"jetpack_post_was_ever_published":false,"_jetpack_newsletter_access":"","_jetpack_dont_email_post_to_subs":false,"_jetpack_newsletter_tier_id":0,"_jetpack_memberships_contains_paywalled_content":false,"_jetpack_memberships_contains_paid_content":false,"footnotes":"","jetpack_publicize_message":"","jetpack_publicize_feature_enabled":true,"jetpack_social_post_already_shared":true,"jetpack_social_options":{"image_generator_settings":{"template":"highway","default_image_id":0,"font":"","enabled":false},"version":2}},"categories":[205],"tags":[],"class_list":["post-55457","post","type-post","status-publish","format-standard","has-post-thumbnail","hentry","category-saude"],"jetpack_publicize_connections":[],"jetpack_featured_media_url":"https:\/\/blogopara.com.br\/wp-content\/uploads\/2020\/05\/samu-juazeiro-A-1.jpg","uagb_featured_image_src":{"full":["https:\/\/blogopara.com.br\/wp-content\/uploads\/2020\/05\/samu-juazeiro-A-1.jpg",400,300,false],"thumbnail":["https:\/\/blogopara.com.br\/wp-content\/uploads\/2020\/05\/samu-juazeiro-A-1-150x150.jpg",150,150,true],"medium":["https:\/\/blogopara.com.br\/wp-content\/uploads\/2020\/05\/samu-juazeiro-A-1-300x225.jpg",300,225,true],"medium_large":["https:\/\/blogopara.com.br\/wp-content\/uploads\/2020\/05\/samu-juazeiro-A-1.jpg",400,300,false],"large":["https:\/\/blogopara.com.br\/wp-content\/uploads\/2020\/05\/samu-juazeiro-A-1.jpg",400,300,false],"1536x1536":["https:\/\/blogopara.com.br\/wp-content\/uploads\/2020\/05\/samu-juazeiro-A-1.jpg",400,300,false],"2048x2048":["https:\/\/blogopara.com.br\/wp-content\/uploads\/2020\/05\/samu-juazeiro-A-1.jpg",400,300,false],"mantranews-slider-large":["https:\/\/blogopara.com.br\/wp-content\/uploads\/2020\/05\/samu-juazeiro-A-1.jpg",400,300,false],"mantranews-featured-medium":["https:\/\/blogopara.com.br\/wp-content\/uploads\/2020\/05\/samu-juazeiro-A-1.jpg",400,300,false],"mantranews-featured-long":["https:\/\/blogopara.com.br\/wp-content\/uploads\/2020\/05\/samu-juazeiro-A-1-300x300.jpg",300,300,true],"mantranews-block-medium":["https:\/\/blogopara.com.br\/wp-content\/uploads\/2020\/05\/samu-juazeiro-A-1-400x290.jpg",400,290,true],"mantranews-carousel-image":["https:\/\/blogopara.com.br\/wp-content\/uploads\/2020\/05\/samu-juazeiro-A-1.jpg",400,300,false],"mantranews-block-thumb":["https:\/\/blogopara.com.br\/wp-content\/uploads\/2020\/05\/samu-juazeiro-A-1.jpg",307,230,false],"mantranews-single-large":["https:\/\/blogopara.com.br\/wp-content\/uploads\/2020\/05\/samu-juazeiro-A-1.jpg",400,300,false]},"uagb_author_info":{"display_name":"Reda\u00e7\u00e3o geral","author_link":"https:\/\/blogopara.com.br\/index.php\/author\/blogopara"},"uagb_comment_info":0,"uagb_excerpt":"Em dois anos e meio, a gest\u00e3o Suzana Ramos requalificou e vem reestruturando toda a frota de ve\u00edculos da Secretaria de Sa\u00fade.\u00a0 Foram contratados ve\u00edculos novos, entre eles, ambul\u00e2ncias sociais como a que ser\u00e1 destinada para o distrito de Ab\u00f3bora. As ambul\u00e2ncias sociais realizam o transporte de usu\u00e1rios do interior que t\u00eam dificuldades de transporte&hellip;","jetpack_sharing_enabled":true,"jetpack_likes_enabled":true,"_links":{"self":[{"href":"https:\/\/blogopara.com.br\/index.php\/wp-json\/wp\/v2\/posts\/55457","targetHints":{"allow":["GET"]}}],"collection":[{"href":"https:\/\/blogopara.com.br\/index.php\/wp-json\/wp\/v2\/posts"}],"about":[{"href":"https:\/\/blogopara.com.br\/index.php\/wp-json\/wp\/v2\/types\/post"}],"author":[{"embeddable":true,"href":"https:\/\/blogopara.com.br\/index.php\/wp-json\/wp\/v2\/users\/1"}],"replies":[{"embeddable":true,"href":"https:\/\/blogopara.com.br\/index.php\/wp-json\/wp\/v2\/comments?post=55457"}],"version-history":[{"count":1,"href":"https:\/\/blogopara.com.br\/index.php\/wp-json\/wp\/v2\/posts\/55457\/revisions"}],"predecessor-version":[{"id":55458,"href":"https:\/\/blogopara.com.br\/index.php\/wp-json\/wp\/v2\/posts\/55457\/revisions\/55458"}],"wp:featuredmedia":[{"embeddable":true,"href":"https:\/\/blogopara.com.br\/index.php\/wp-json\/wp\/v2\/media\/10626"}],"wp:attachment":[{"href":"https:\/\/blogopara.com.br\/index.php\/wp-json\/wp\/v2\/media?parent=55457"}],"wp:term":[{"taxonomy":"category","embeddable":true,"href":"https:\/\/blogopara.com.br\/index.php\/wp-json\/wp\/v2\/categories?post=55457"},{"taxonomy":"post_tag","embeddable":true,"href":"https:\/\/blogopara.com.br\/index.php\/wp-json\/wp\/v2\/tags?post=55457"}],"curies":[{"name":"wp","href":"https:\/\/api.w.org\/{rel}","templated":true}]}}