{"id":55468,"date":"2023-07-29T10:41:00","date_gmt":"2023-07-29T13:41:00","guid":{"rendered":"https:\/\/blogopara.com.br\/?p=55468"},"modified":"2023-07-26T16:43:55","modified_gmt":"2023-07-26T19:43:55","slug":"praca-da-pedra-do-lord-comeca-a-receber-intervencao-paisagistica-da-prefeitura-de-juazeiro","status":"publish","type":"post","link":"https:\/\/blogopara.com.br\/index.php\/2023\/07\/29\/praca-da-pedra-do-lord-comeca-a-receber-intervencao-paisagistica-da-prefeitura-de-juazeiro","title":{"rendered":"Pra\u00e7a da Pedra do Lord come\u00e7a a receber interven\u00e7\u00e3o paisag\u00edstica da Prefeitura de Juazeiro"},"content":{"rendered":"<p class=\"x_MsoNormal\" style=\"text-align: justify;\">A Prefeitura de Juazeiro, atrav\u00e9s da secretaria de Obras e Desenvolvimento Urbano (Sedur), iniciou uma interven\u00e7\u00e3o paisag\u00edstica na pracinha do bairro Pedra do Lord, localizada na Avenida Sebasti\u00e3o Almeida Branco. O espa\u00e7o come\u00e7ou a receber servi\u00e7os de paisagismo com grama, britas e seixos, reestrutura\u00e7\u00e3o dos bancos e pintura, al\u00e9m do melhoramento na ilumina\u00e7\u00e3o. O principal objetivo dessas a\u00e7\u00f5es \u00e9 revitalizar os espa\u00e7os p\u00fablicos do munic\u00edpio com mais embelezamento.<\/p>\n<p class=\"x_MsoNormal\" style=\"text-align: justify;\">A moradora Valdeci Gomes aguardava por essa interven\u00e7\u00e3o h\u00e1 anos e agradeceu a gest\u00e3o municipal. \u201cQuero agradecer a gest\u00e3o municipal, em nome da prefeita Suzana Ramos. Um grande sonho est\u00e1 sendo realizado, \u00e9 mais verde, \u00e9 mais vida em nossa pracinha que estava precisando dessa interven\u00e7\u00e3o h\u00e1 muitos anos\u201d, agradeceu Valdeci Gomes.<\/p>\n<p class=\"x_MsoNormal\" style=\"text-align: justify;\">\u201cA Sedur est\u00e1 levando embelezamento para os quatro cantos de Juazeiro, mas precisamos da ajuda dos moradores, n\u00e3o deixem as pessoas destru\u00edrem esses espa\u00e7os que s\u00e3o do povo. Pedimos a colabora\u00e7\u00e3o da popula\u00e7\u00e3o para que denuncie atos de vandalismo \u00e0 Guarda Civil Municipal, pelos n\u00fameros 153 e (74) 3611-9880, ou \u00e0 Pol\u00edcia Militar, pelo 190\u201d, pontua o engenheiro da Sedur, Airton J\u00fanior.<\/p>\n<p class=\"x_MsoNormal\" style=\"text-align: justify;\" aria-hidden=\"true\">\n","protected":false},"excerpt":{"rendered":"<p>A Prefeitura de Juazeiro, atrav\u00e9s da secretaria de Obras e Desenvolvimento Urbano (Sedur), iniciou uma interven\u00e7\u00e3o paisag\u00edstica na pracinha do bairro Pedra do Lord, localizada na Avenida Sebasti\u00e3o Almeida Branco. O espa\u00e7o come\u00e7ou a receber servi\u00e7os de paisagismo com grama, britas e seixos, reestrutura\u00e7\u00e3o dos bancos e pintura, al\u00e9m do melhoramento na ilumina\u00e7\u00e3o. O principal [&hellip;]<\/p>\n","protected":false},"author":1,"featured_media":55469,"comment_status":"closed","ping_status":"open","sticky":false,"template":"","format":"standard","meta":{"_uag_custom_page_level_css":"","_monsterinsights_skip_tracking":false,"_monsterinsights_sitenote_active":false,"_monsterinsights_sitenote_note":"","_monsterinsights_sitenote_category":0,"jetpack_post_was_ever_published":false,"_jetpack_newsletter_access":"","_jetpack_dont_email_post_to_subs":false,"_jetpack_newsletter_tier_id":0,"_jetpack_memberships_contains_paywalled_content":false,"_jetpack_memberships_contains_paid_content":false,"footnotes":"","jetpack_publicize_message":"","jetpack_publicize_feature_enabled":true,"jetpack_social_post_already_shared":true,"jetpack_social_options":{"image_generator_settings":{"template":"highway","default_image_id":0,"font":"","enabled":false},"version":2}},"categories":[1720],"tags":[],"class_list":["post-55468","post","type-post","status-publish","format-standard","has-post-thumbnail","hentry","category-obras"],"jetpack_publicize_connections":[],"jetpack_featured_media_url":"https:\/\/blogopara.com.br\/wp-content\/uploads\/2023\/07\/Paisagismo02.jpeg","uagb_featured_image_src":{"full":["https:\/\/blogopara.com.br\/wp-content\/uploads\/2023\/07\/Paisagismo02.jpeg",500,333,false],"thumbnail":["https:\/\/blogopara.com.br\/wp-content\/uploads\/2023\/07\/Paisagismo02-150x150.jpeg",150,150,true],"medium":["https:\/\/blogopara.com.br\/wp-content\/uploads\/2023\/07\/Paisagismo02-300x200.jpeg",300,200,true],"medium_large":["https:\/\/blogopara.com.br\/wp-content\/uploads\/2023\/07\/Paisagismo02.jpeg",500,333,false],"large":["https:\/\/blogopara.com.br\/wp-content\/uploads\/2023\/07\/Paisagismo02.jpeg",500,333,false],"1536x1536":["https:\/\/blogopara.com.br\/wp-content\/uploads\/2023\/07\/Paisagismo02.jpeg",500,333,false],"2048x2048":["https:\/\/blogopara.com.br\/wp-content\/uploads\/2023\/07\/Paisagismo02.jpeg",500,333,false],"mantranews-slider-large":["https:\/\/blogopara.com.br\/wp-content\/uploads\/2023\/07\/Paisagismo02.jpeg",500,333,false],"mantranews-featured-medium":["https:\/\/blogopara.com.br\/wp-content\/uploads\/2023\/07\/Paisagismo02-420x307.jpeg",420,307,true],"mantranews-featured-long":["https:\/\/blogopara.com.br\/wp-content\/uploads\/2023\/07\/Paisagismo02-300x333.jpeg",300,333,true],"mantranews-block-medium":["https:\/\/blogopara.com.br\/wp-content\/uploads\/2023\/07\/Paisagismo02-464x290.jpeg",464,290,true],"mantranews-carousel-image":["https:\/\/blogopara.com.br\/wp-content\/uploads\/2023\/07\/Paisagismo02.jpeg",500,333,false],"mantranews-block-thumb":["https:\/\/blogopara.com.br\/wp-content\/uploads\/2023\/07\/Paisagismo02-322x230.jpeg",322,230,true],"mantranews-single-large":["https:\/\/blogopara.com.br\/wp-content\/uploads\/2023\/07\/Paisagismo02.jpeg",500,333,false]},"uagb_author_info":{"display_name":"Reda\u00e7\u00e3o geral","author_link":"https:\/\/blogopara.com.br\/index.php\/author\/blogopara"},"uagb_comment_info":0,"uagb_excerpt":"A Prefeitura de Juazeiro, atrav\u00e9s da secretaria de Obras e Desenvolvimento Urbano (Sedur), iniciou uma interven\u00e7\u00e3o paisag\u00edstica na pracinha do bairro Pedra do Lord, localizada na Avenida Sebasti\u00e3o Almeida Branco. O espa\u00e7o come\u00e7ou a receber servi\u00e7os de paisagismo com grama, britas e seixos, reestrutura\u00e7\u00e3o dos bancos e pintura, al\u00e9m do melhoramento na ilumina\u00e7\u00e3o. O principal&hellip;","jetpack_sharing_enabled":true,"jetpack_likes_enabled":true,"_links":{"self":[{"href":"https:\/\/blogopara.com.br\/index.php\/wp-json\/wp\/v2\/posts\/55468","targetHints":{"allow":["GET"]}}],"collection":[{"href":"https:\/\/blogopara.com.br\/index.php\/wp-json\/wp\/v2\/posts"}],"about":[{"href":"https:\/\/blogopara.com.br\/index.php\/wp-json\/wp\/v2\/types\/post"}],"author":[{"embeddable":true,"href":"https:\/\/blogopara.com.br\/index.php\/wp-json\/wp\/v2\/users\/1"}],"replies":[{"embeddable":true,"href":"https:\/\/blogopara.com.br\/index.php\/wp-json\/wp\/v2\/comments?post=55468"}],"version-history":[{"count":1,"href":"https:\/\/blogopara.com.br\/index.php\/wp-json\/wp\/v2\/posts\/55468\/revisions"}],"predecessor-version":[{"id":55470,"href":"https:\/\/blogopara.com.br\/index.php\/wp-json\/wp\/v2\/posts\/55468\/revisions\/55470"}],"wp:featuredmedia":[{"embeddable":true,"href":"https:\/\/blogopara.com.br\/index.php\/wp-json\/wp\/v2\/media\/55469"}],"wp:attachment":[{"href":"https:\/\/blogopara.com.br\/index.php\/wp-json\/wp\/v2\/media?parent=55468"}],"wp:term":[{"taxonomy":"category","embeddable":true,"href":"https:\/\/blogopara.com.br\/index.php\/wp-json\/wp\/v2\/categories?post=55468"},{"taxonomy":"post_tag","embeddable":true,"href":"https:\/\/blogopara.com.br\/index.php\/wp-json\/wp\/v2\/tags?post=55468"}],"curies":[{"name":"wp","href":"https:\/\/api.w.org\/{rel}","templated":true}]}}