{"id":55512,"date":"2023-07-28T07:56:00","date_gmt":"2023-07-28T10:56:00","guid":{"rendered":"https:\/\/blogopara.com.br\/?p=55512"},"modified":"2023-07-27T15:03:25","modified_gmt":"2023-07-27T18:03:25","slug":"ba-210-obra-iniciada-em-julho-de-2021-continua-em-andamento-e-causando-transtornos","status":"publish","type":"post","link":"https:\/\/blogopara.com.br\/index.php\/2023\/07\/28\/ba-210-obra-iniciada-em-julho-de-2021-continua-em-andamento-e-causando-transtornos","title":{"rendered":"BA 210: Obra iniciada em julho de 2021 continua em andamento e causando transtornos"},"content":{"rendered":"<p style=\"text-align: justify;\">A obra que prev\u00ea a duplica\u00e7\u00e3o da estrada BA-210, que vai do Mercado do Produtor at\u00e9 o contorno de acesso para a cidade de Sobradinho. A obra teve in\u00edcio em julho de 2021 e continua causando transtornos.<\/p>\n<p style=\"text-align: justify;\">Moradores das imedia\u00e7\u00f5es e motoristas traduzem &#8220;ser uma obra pequena mas parece ser inacabave, sem data para um fim visto ningu\u00e9m se responsabilizar em dizer quando a obra ser\u00e1 conclu\u00edda&#8221;.<\/p>\n<p style=\"text-align: justify;\">Em mar\u00e7o deste ano, a leitora da REDEGN, Maria Pinheiro disse que mora no Residencial S\u00e3o Francisco e os moradores &#8220;j\u00e1 estavam sofrendo com este descaso&#8221;<\/p>\n<p style=\"text-align: justify;\">&#8220;Tiraram a pouca ilumina\u00e7\u00e3o que tinhamos e dai acabou de vez o sossego para chegarmos at\u00e9 as nossas casas. Para piorar esta a buraqueira infernal. Assalto, acidentes frequentes pneus dos nossos veiculos estourado, \u00a0muita coisa ruim nada de bom. Acredito que as autoridades est\u00e3o vendo tudo isso. E eles tem como tomar providencias&#8221;.<\/p>\n<p style=\"text-align: justify;\">Ainda no m\u00eas de abril, a REDEGN, na ep\u00f3ca constatou que &#8220;Um dia ap\u00f3s a visita do Governador da Bahia, Rui Costa, a Juazeiro, a reportagem da REDEGN \u00a0visitou as obras e trav\u00e9s de fotos e entrevistas foi constatado que nos cerca de 5km a obra estava quase parada. Nas fotos apenas um carro estava realizando trabalho de remover terra no local.<\/p>\n<p style=\"text-align: justify;\">No site ofical da Prefeitura de Juazeiro, consta que atrav\u00e9s da Secretaria de Obras e Desenvolvimento Urbano (Sedur), firmou parceria com o Cons\u00f3rcio Sustent\u00e1vel do Territ\u00f3rio do S\u00e3o Francisco (Constesf) para realizar manuten\u00e7\u00e3o no trecho da BA-210, que vai do Mercado do Produtor at\u00e9 o contorno com sa\u00edda para Sobradinho (BA).<\/p>\n<p style=\"text-align: justify;\">A REDEGN retornou ao local e constatou nenhuma presen\u00e7a de fiscaliza\u00e7\u00e3o do tr\u00e2nsito e dif\u00edcil acesso de ve\u00edculos e trafegabilidade na \u00e1rea.<\/p>\n<p style=\"text-align: justify;\">Em julho deste ano, segundo o site da Prefeitura de Juazeiro,\u00a0 as obras de duplica\u00e7\u00e3o da BA-210, em Juazeiro-BA, &#8220;est\u00e3o a todo vapor&#8221;. &#8220;Neste momento, est\u00e3o sendo feitas a terraplanagem e topografia do trecho que vai do Mercado do Produtor at\u00e9 o contorno de acesso para a cidade de Sobradinho&#8221;.<\/p>\n<p style=\"text-align: justify;\">Segundo o cronograma da Secretaria de Infraestrutura do Estado da Bahia (Seinfra), a obra ser\u00e1 conclu\u00edda em oito meses, informou a CSTT.<\/p>\n<p>Fonte de informa\u00e7\u00f5es: Rede GN<\/p>\n<p style=\"text-align: justify;\">\n<div style=\"text-align: justify;\"><\/div>\n","protected":false},"excerpt":{"rendered":"<p>A obra que prev\u00ea a duplica\u00e7\u00e3o da estrada BA-210, que vai do Mercado do Produtor at\u00e9 o contorno de acesso para a cidade de Sobradinho. A obra teve in\u00edcio em julho de 2021 e continua causando transtornos. Moradores das imedia\u00e7\u00f5es e motoristas traduzem &#8220;ser uma obra pequena mas parece ser inacabave, sem data para um [&hellip;]<\/p>\n","protected":false},"author":1,"featured_media":55513,"comment_status":"closed","ping_status":"open","sticky":false,"template":"","format":"standard","meta":{"_uag_custom_page_level_css":"","_monsterinsights_skip_tracking":false,"_monsterinsights_sitenote_active":false,"_monsterinsights_sitenote_note":"","_monsterinsights_sitenote_category":0,"jetpack_post_was_ever_published":false,"_jetpack_newsletter_access":"","_jetpack_dont_email_post_to_subs":false,"_jetpack_newsletter_tier_id":0,"_jetpack_memberships_contains_paywalled_content":false,"_jetpack_memberships_contains_paid_content":false,"footnotes":"","jetpack_publicize_message":"","jetpack_publicize_feature_enabled":true,"jetpack_social_post_already_shared":true,"jetpack_social_options":{"image_generator_settings":{"template":"highway","default_image_id":0,"font":"","enabled":false},"version":2}},"categories":[1720],"tags":[8075,10136],"class_list":["post-55512","post","type-post","status-publish","format-standard","has-post-thumbnail","hentry","category-obras","tag-jeronimo-rodrigues","tag-pt-da-bahia"],"jetpack_publicize_connections":[],"jetpack_featured_media_url":"https:\/\/blogopara.com.br\/wp-content\/uploads\/2023\/07\/aobraBA2102.jpg","uagb_featured_image_src":{"full":["https:\/\/blogopara.com.br\/wp-content\/uploads\/2023\/07\/aobraBA2102.jpg",500,500,false],"thumbnail":["https:\/\/blogopara.com.br\/wp-content\/uploads\/2023\/07\/aobraBA2102-150x150.jpg",150,150,true],"medium":["https:\/\/blogopara.com.br\/wp-content\/uploads\/2023\/07\/aobraBA2102-300x300.jpg",300,300,true],"medium_large":["https:\/\/blogopara.com.br\/wp-content\/uploads\/2023\/07\/aobraBA2102.jpg",500,500,false],"large":["https:\/\/blogopara.com.br\/wp-content\/uploads\/2023\/07\/aobraBA2102.jpg",500,500,false],"1536x1536":["https:\/\/blogopara.com.br\/wp-content\/uploads\/2023\/07\/aobraBA2102.jpg",500,500,false],"2048x2048":["https:\/\/blogopara.com.br\/wp-content\/uploads\/2023\/07\/aobraBA2102.jpg",500,500,false],"mantranews-slider-large":["https:\/\/blogopara.com.br\/wp-content\/uploads\/2023\/07\/aobraBA2102.jpg",500,500,false],"mantranews-featured-medium":["https:\/\/blogopara.com.br\/wp-content\/uploads\/2023\/07\/aobraBA2102-420x307.jpg",420,307,true],"mantranews-featured-long":["https:\/\/blogopara.com.br\/wp-content\/uploads\/2023\/07\/aobraBA2102-300x443.jpg",300,443,true],"mantranews-block-medium":["https:\/\/blogopara.com.br\/wp-content\/uploads\/2023\/07\/aobraBA2102-464x290.jpg",464,290,true],"mantranews-carousel-image":["https:\/\/blogopara.com.br\/wp-content\/uploads\/2023\/07\/aobraBA2102.jpg",500,500,false],"mantranews-block-thumb":["https:\/\/blogopara.com.br\/wp-content\/uploads\/2023\/07\/aobraBA2102-322x230.jpg",322,230,true],"mantranews-single-large":["https:\/\/blogopara.com.br\/wp-content\/uploads\/2023\/07\/aobraBA2102.jpg",500,500,false]},"uagb_author_info":{"display_name":"Reda\u00e7\u00e3o geral","author_link":"https:\/\/blogopara.com.br\/index.php\/author\/blogopara"},"uagb_comment_info":0,"uagb_excerpt":"A obra que prev\u00ea a duplica\u00e7\u00e3o da estrada BA-210, que vai do Mercado do Produtor at\u00e9 o contorno de acesso para a cidade de Sobradinho. A obra teve in\u00edcio em julho de 2021 e continua causando transtornos. Moradores das imedia\u00e7\u00f5es e motoristas traduzem &#8220;ser uma obra pequena mas parece ser inacabave, sem data para um&hellip;","jetpack_sharing_enabled":true,"jetpack_likes_enabled":true,"_links":{"self":[{"href":"https:\/\/blogopara.com.br\/index.php\/wp-json\/wp\/v2\/posts\/55512","targetHints":{"allow":["GET"]}}],"collection":[{"href":"https:\/\/blogopara.com.br\/index.php\/wp-json\/wp\/v2\/posts"}],"about":[{"href":"https:\/\/blogopara.com.br\/index.php\/wp-json\/wp\/v2\/types\/post"}],"author":[{"embeddable":true,"href":"https:\/\/blogopara.com.br\/index.php\/wp-json\/wp\/v2\/users\/1"}],"replies":[{"embeddable":true,"href":"https:\/\/blogopara.com.br\/index.php\/wp-json\/wp\/v2\/comments?post=55512"}],"version-history":[{"count":1,"href":"https:\/\/blogopara.com.br\/index.php\/wp-json\/wp\/v2\/posts\/55512\/revisions"}],"predecessor-version":[{"id":55514,"href":"https:\/\/blogopara.com.br\/index.php\/wp-json\/wp\/v2\/posts\/55512\/revisions\/55514"}],"wp:featuredmedia":[{"embeddable":true,"href":"https:\/\/blogopara.com.br\/index.php\/wp-json\/wp\/v2\/media\/55513"}],"wp:attachment":[{"href":"https:\/\/blogopara.com.br\/index.php\/wp-json\/wp\/v2\/media?parent=55512"}],"wp:term":[{"taxonomy":"category","embeddable":true,"href":"https:\/\/blogopara.com.br\/index.php\/wp-json\/wp\/v2\/categories?post=55512"},{"taxonomy":"post_tag","embeddable":true,"href":"https:\/\/blogopara.com.br\/index.php\/wp-json\/wp\/v2\/tags?post=55512"}],"curies":[{"name":"wp","href":"https:\/\/api.w.org\/{rel}","templated":true}]}}