{"id":55557,"date":"2023-07-29T16:56:00","date_gmt":"2023-07-29T19:56:00","guid":{"rendered":"https:\/\/blogopara.com.br\/?p=55557"},"modified":"2023-07-29T11:56:48","modified_gmt":"2023-07-29T14:56:48","slug":"orla-de-petrolina-sera-interditada-para-competicao-de-triatlo-neste-domingo","status":"publish","type":"post","link":"https:\/\/blogopara.com.br\/index.php\/2023\/07\/29\/orla-de-petrolina-sera-interditada-para-competicao-de-triatlo-neste-domingo","title":{"rendered":"Orla de Petrolina ser\u00e1 interditada para competi\u00e7\u00e3o de triatlo neste domingo"},"content":{"rendered":"<p style=\"text-align: justify;\">A Prefeitura de Petrolina, atrav\u00e9s da Autarquia Municipal de Mobilidade de Petrolina (AMMPLA), informa que a Avenida Cardoso de S\u00e1 ser\u00e1 interditada neste domingo (30), no trecho entre o Restaurante B\u00eara D\u2019\u00e1gua e a rotat\u00f3ria do Posto L3, no hor\u00e1rio das 5h \u00e0s 11h, devido a competi\u00e7\u00e3o \u2018Triathlon M\u00e3e Malvada\u2019.<\/p>\n<p style=\"text-align: justify;\">De acordo com o diretor-presidente da AMMPLA, Franklin Alves, tamb\u00e9m ser\u00e1 proibido estacionar nesse mesmo trecho, no hor\u00e1rio das 2h \u00e0s 10h. \u201cConforme orienta\u00e7\u00e3o do prefeito Sim\u00e3o Durando, que \u00e9 um entusiasta do esporte, a ideia \u00e9 proporcionar toda seguran\u00e7a e comodidade para os atletas que ir\u00e3o participar da competi\u00e7\u00e3o. Durante todo o evento, os agentes de tr\u00e2nsito estar\u00e3o em pontos estrat\u00e9gicos para fazer a devida organiza\u00e7\u00e3o do fluxo de ve\u00edculos\u201d, alerta Alves.<\/p>\n<p style=\"text-align: justify;\">O Triathlon \u2018M\u00e3e Malvada\u2019 \u00e9 uma prova que envolve os munic\u00edpios de Petrolina e Juazeiro, na Bahia. A competi\u00e7\u00e3o vale como 2\u00aa etapa do Campeonato Baiano e a 1\u00aa etapa de Campeonato Pernambucano de Triatlo. A prova tem esse nome em homenagem \u00e0 triatleta Ana Augusta, idealizadora do evento.<\/p>\n","protected":false},"excerpt":{"rendered":"<p>A Prefeitura de Petrolina, atrav\u00e9s da Autarquia Municipal de Mobilidade de Petrolina (AMMPLA), informa que a Avenida Cardoso de S\u00e1 ser\u00e1 interditada neste domingo (30), no trecho entre o Restaurante B\u00eara D\u2019\u00e1gua e a rotat\u00f3ria do Posto L3, no hor\u00e1rio das 5h \u00e0s 11h, devido a competi\u00e7\u00e3o \u2018Triathlon M\u00e3e Malvada\u2019. De acordo com o diretor-presidente [&hellip;]<\/p>\n","protected":false},"author":1,"featured_media":55558,"comment_status":"closed","ping_status":"open","sticky":false,"template":"","format":"standard","meta":{"_uag_custom_page_level_css":"","_monsterinsights_skip_tracking":false,"_monsterinsights_sitenote_active":false,"_monsterinsights_sitenote_note":"","_monsterinsights_sitenote_category":0,"jetpack_post_was_ever_published":false,"_jetpack_newsletter_access":"","_jetpack_dont_email_post_to_subs":false,"_jetpack_newsletter_tier_id":0,"_jetpack_memberships_contains_paywalled_content":false,"_jetpack_memberships_contains_paid_content":false,"footnotes":"","jetpack_publicize_message":"","jetpack_publicize_feature_enabled":true,"jetpack_social_post_already_shared":true,"jetpack_social_options":{"image_generator_settings":{"template":"highway","default_image_id":0,"font":"","enabled":false},"version":2}},"categories":[851],"tags":[],"class_list":["post-55557","post","type-post","status-publish","format-standard","has-post-thumbnail","hentry","category-petrolina"],"jetpack_publicize_connections":[],"jetpack_featured_media_url":"https:\/\/blogopara.com.br\/wp-content\/uploads\/2023\/07\/cavalete-ammpla.jpeg","uagb_featured_image_src":{"full":["https:\/\/blogopara.com.br\/wp-content\/uploads\/2023\/07\/cavalete-ammpla.jpeg",500,332,false],"thumbnail":["https:\/\/blogopara.com.br\/wp-content\/uploads\/2023\/07\/cavalete-ammpla-150x150.jpeg",150,150,true],"medium":["https:\/\/blogopara.com.br\/wp-content\/uploads\/2023\/07\/cavalete-ammpla-300x199.jpeg",300,199,true],"medium_large":["https:\/\/blogopara.com.br\/wp-content\/uploads\/2023\/07\/cavalete-ammpla.jpeg",500,332,false],"large":["https:\/\/blogopara.com.br\/wp-content\/uploads\/2023\/07\/cavalete-ammpla.jpeg",500,332,false],"1536x1536":["https:\/\/blogopara.com.br\/wp-content\/uploads\/2023\/07\/cavalete-ammpla.jpeg",500,332,false],"2048x2048":["https:\/\/blogopara.com.br\/wp-content\/uploads\/2023\/07\/cavalete-ammpla.jpeg",500,332,false],"mantranews-slider-large":["https:\/\/blogopara.com.br\/wp-content\/uploads\/2023\/07\/cavalete-ammpla.jpeg",500,332,false],"mantranews-featured-medium":["https:\/\/blogopara.com.br\/wp-content\/uploads\/2023\/07\/cavalete-ammpla-420x307.jpeg",420,307,true],"mantranews-featured-long":["https:\/\/blogopara.com.br\/wp-content\/uploads\/2023\/07\/cavalete-ammpla-300x332.jpeg",300,332,true],"mantranews-block-medium":["https:\/\/blogopara.com.br\/wp-content\/uploads\/2023\/07\/cavalete-ammpla-464x290.jpeg",464,290,true],"mantranews-carousel-image":["https:\/\/blogopara.com.br\/wp-content\/uploads\/2023\/07\/cavalete-ammpla.jpeg",500,332,false],"mantranews-block-thumb":["https:\/\/blogopara.com.br\/wp-content\/uploads\/2023\/07\/cavalete-ammpla-322x230.jpeg",322,230,true],"mantranews-single-large":["https:\/\/blogopara.com.br\/wp-content\/uploads\/2023\/07\/cavalete-ammpla.jpeg",500,332,false]},"uagb_author_info":{"display_name":"Reda\u00e7\u00e3o geral","author_link":"https:\/\/blogopara.com.br\/index.php\/author\/blogopara"},"uagb_comment_info":0,"uagb_excerpt":"A Prefeitura de Petrolina, atrav\u00e9s da Autarquia Municipal de Mobilidade de Petrolina (AMMPLA), informa que a Avenida Cardoso de S\u00e1 ser\u00e1 interditada neste domingo (30), no trecho entre o Restaurante B\u00eara D\u2019\u00e1gua e a rotat\u00f3ria do Posto L3, no hor\u00e1rio das 5h \u00e0s 11h, devido a competi\u00e7\u00e3o \u2018Triathlon M\u00e3e Malvada\u2019. De acordo com o diretor-presidente&hellip;","jetpack_sharing_enabled":true,"jetpack_likes_enabled":true,"_links":{"self":[{"href":"https:\/\/blogopara.com.br\/index.php\/wp-json\/wp\/v2\/posts\/55557","targetHints":{"allow":["GET"]}}],"collection":[{"href":"https:\/\/blogopara.com.br\/index.php\/wp-json\/wp\/v2\/posts"}],"about":[{"href":"https:\/\/blogopara.com.br\/index.php\/wp-json\/wp\/v2\/types\/post"}],"author":[{"embeddable":true,"href":"https:\/\/blogopara.com.br\/index.php\/wp-json\/wp\/v2\/users\/1"}],"replies":[{"embeddable":true,"href":"https:\/\/blogopara.com.br\/index.php\/wp-json\/wp\/v2\/comments?post=55557"}],"version-history":[{"count":1,"href":"https:\/\/blogopara.com.br\/index.php\/wp-json\/wp\/v2\/posts\/55557\/revisions"}],"predecessor-version":[{"id":55559,"href":"https:\/\/blogopara.com.br\/index.php\/wp-json\/wp\/v2\/posts\/55557\/revisions\/55559"}],"wp:featuredmedia":[{"embeddable":true,"href":"https:\/\/blogopara.com.br\/index.php\/wp-json\/wp\/v2\/media\/55558"}],"wp:attachment":[{"href":"https:\/\/blogopara.com.br\/index.php\/wp-json\/wp\/v2\/media?parent=55557"}],"wp:term":[{"taxonomy":"category","embeddable":true,"href":"https:\/\/blogopara.com.br\/index.php\/wp-json\/wp\/v2\/categories?post=55557"},{"taxonomy":"post_tag","embeddable":true,"href":"https:\/\/blogopara.com.br\/index.php\/wp-json\/wp\/v2\/tags?post=55557"}],"curies":[{"name":"wp","href":"https:\/\/api.w.org\/{rel}","templated":true}]}}