{"id":55583,"date":"2023-07-29T16:46:22","date_gmt":"2023-07-29T19:46:22","guid":{"rendered":"https:\/\/blogopara.com.br\/?p=55583"},"modified":"2023-07-29T16:46:24","modified_gmt":"2023-07-29T19:46:24","slug":"suzana-ramos-e-homenageada-no-1o-encontro-de-mulheres-em-juazeiro","status":"publish","type":"post","link":"https:\/\/blogopara.com.br\/index.php\/2023\/07\/29\/suzana-ramos-e-homenageada-no-1o-encontro-de-mulheres-em-juazeiro","title":{"rendered":"Suzana Ramos \u00e9 homenageada no 1\u00ba encontro de mulheres em Juazeiro"},"content":{"rendered":"<p style=\"text-align: justify;\">Na manh\u00e3 deste s\u00e1bado (29), a prefeita Suzana Ramos participou do 1\u00ba encontro de mulheres realizado por mulheres dos residenciais de Juazeiro, e recebeu diversas homenagens. O encontro reuniu centenas de mulheres, entre elas, a capit\u00e3 Nadjane da Pol\u00edcia Militar, e a \u00fanica mulher representante do munic\u00edpio na c\u00e2mara municipal de vereadores, Neguinha da Santa Casa. Suzana Ramos aproveitou a oportunidade para destacar as pol\u00edticas p\u00fablicas voltadas para as mulheres do munic\u00edpio, e agradeceu pela homenagem.<\/p>\n<p style=\"text-align: justify;\">\u201cJuazeiro hoje vive um novo tempo voltado para as mulheres, nunca foi feito tanto pelas mulheres juazeirenses. N\u00f3s criamos a Patrulha Maria da Penha, atrav\u00e9s da Guarda Civil Municipal (GCM), que garante a efetividade da Lei Maria da Penha no Munic\u00edpio, atuando na preven\u00e7\u00e3o, assist\u00eancia e suporte de mulheres v\u00edtimas de viol\u00eancia dom\u00e9stica, integrando a\u00e7\u00f5es, estabelecendo rela\u00e7\u00e3o direta com a comunidade e assegurando o acompanhamento e atendimento de mulheres v\u00edtimas de viol\u00eancia dom\u00e9stica e familiar. Criamos a Casa da Mulher Rural, que d\u00e1 assist\u00eancia a mulheres que v\u00eam do interior fazer algum tipo de atendimento m\u00e9dico na sede e n\u00e3o tem onde ficar, dentre outras coisas, e essa homenagem \u00e9 reconhecimento do trabalho feito pelas mulheres juazeirenses\u201d, destacou Suzana Ramos.<\/p>\n<p style=\"text-align: justify;\">Uma das organizadoras do evento, Yara Santos, agradeceu a Suzana Ramos pelos servi\u00e7os prestados \u00e0 popula\u00e7\u00e3o. \u201cSuzana \u00e9 uma mulher de cora\u00e7\u00e3o enorme, ela acolhe a todos e principalmente as pessoas mais humildes. N\u00f3s mulheres estamos aqui todos os dias para homenagear essa mulher de verdade que vem transformando a nossa cidade\u201d, disse Yara Santos<\/p>\n","protected":false},"excerpt":{"rendered":"<p>Na manh\u00e3 deste s\u00e1bado (29), a prefeita Suzana Ramos participou do 1\u00ba encontro de mulheres realizado por mulheres dos residenciais de Juazeiro, e recebeu diversas homenagens. O encontro reuniu centenas de mulheres, entre elas, a capit\u00e3 Nadjane da Pol\u00edcia Militar, e a \u00fanica mulher representante do munic\u00edpio na c\u00e2mara municipal de vereadores, Neguinha da Santa [&hellip;]<\/p>\n","protected":false},"author":1,"featured_media":55584,"comment_status":"closed","ping_status":"open","sticky":false,"template":"","format":"standard","meta":{"_uag_custom_page_level_css":"","_monsterinsights_skip_tracking":false,"_monsterinsights_sitenote_active":false,"_monsterinsights_sitenote_note":"","_monsterinsights_sitenote_category":0,"jetpack_post_was_ever_published":false,"_jetpack_newsletter_access":"","_jetpack_dont_email_post_to_subs":false,"_jetpack_newsletter_tier_id":0,"_jetpack_memberships_contains_paywalled_content":false,"_jetpack_memberships_contains_paid_content":false,"footnotes":"","jetpack_publicize_message":"","jetpack_publicize_feature_enabled":true,"jetpack_social_post_already_shared":true,"jetpack_social_options":{"image_generator_settings":{"template":"highway","default_image_id":0,"font":"","enabled":false},"version":2}},"categories":[197],"tags":[],"class_list":["post-55583","post","type-post","status-publish","format-standard","has-post-thumbnail","hentry","category-politica"],"jetpack_publicize_connections":[],"jetpack_featured_media_url":"https:\/\/blogopara.com.br\/wp-content\/uploads\/2023\/07\/suzana.jpg","uagb_featured_image_src":{"full":["https:\/\/blogopara.com.br\/wp-content\/uploads\/2023\/07\/suzana.jpg",500,332,false],"thumbnail":["https:\/\/blogopara.com.br\/wp-content\/uploads\/2023\/07\/suzana-150x150.jpg",150,150,true],"medium":["https:\/\/blogopara.com.br\/wp-content\/uploads\/2023\/07\/suzana-300x199.jpg",300,199,true],"medium_large":["https:\/\/blogopara.com.br\/wp-content\/uploads\/2023\/07\/suzana.jpg",500,332,false],"large":["https:\/\/blogopara.com.br\/wp-content\/uploads\/2023\/07\/suzana.jpg",500,332,false],"1536x1536":["https:\/\/blogopara.com.br\/wp-content\/uploads\/2023\/07\/suzana.jpg",500,332,false],"2048x2048":["https:\/\/blogopara.com.br\/wp-content\/uploads\/2023\/07\/suzana.jpg",500,332,false],"mantranews-slider-large":["https:\/\/blogopara.com.br\/wp-content\/uploads\/2023\/07\/suzana.jpg",500,332,false],"mantranews-featured-medium":["https:\/\/blogopara.com.br\/wp-content\/uploads\/2023\/07\/suzana-420x307.jpg",420,307,true],"mantranews-featured-long":["https:\/\/blogopara.com.br\/wp-content\/uploads\/2023\/07\/suzana-300x332.jpg",300,332,true],"mantranews-block-medium":["https:\/\/blogopara.com.br\/wp-content\/uploads\/2023\/07\/suzana-464x290.jpg",464,290,true],"mantranews-carousel-image":["https:\/\/blogopara.com.br\/wp-content\/uploads\/2023\/07\/suzana.jpg",500,332,false],"mantranews-block-thumb":["https:\/\/blogopara.com.br\/wp-content\/uploads\/2023\/07\/suzana-322x230.jpg",322,230,true],"mantranews-single-large":["https:\/\/blogopara.com.br\/wp-content\/uploads\/2023\/07\/suzana.jpg",500,332,false]},"uagb_author_info":{"display_name":"Reda\u00e7\u00e3o geral","author_link":"https:\/\/blogopara.com.br\/index.php\/author\/blogopara"},"uagb_comment_info":0,"uagb_excerpt":"Na manh\u00e3 deste s\u00e1bado (29), a prefeita Suzana Ramos participou do 1\u00ba encontro de mulheres realizado por mulheres dos residenciais de Juazeiro, e recebeu diversas homenagens. O encontro reuniu centenas de mulheres, entre elas, a capit\u00e3 Nadjane da Pol\u00edcia Militar, e a \u00fanica mulher representante do munic\u00edpio na c\u00e2mara municipal de vereadores, Neguinha da Santa&hellip;","jetpack_sharing_enabled":true,"jetpack_likes_enabled":true,"_links":{"self":[{"href":"https:\/\/blogopara.com.br\/index.php\/wp-json\/wp\/v2\/posts\/55583","targetHints":{"allow":["GET"]}}],"collection":[{"href":"https:\/\/blogopara.com.br\/index.php\/wp-json\/wp\/v2\/posts"}],"about":[{"href":"https:\/\/blogopara.com.br\/index.php\/wp-json\/wp\/v2\/types\/post"}],"author":[{"embeddable":true,"href":"https:\/\/blogopara.com.br\/index.php\/wp-json\/wp\/v2\/users\/1"}],"replies":[{"embeddable":true,"href":"https:\/\/blogopara.com.br\/index.php\/wp-json\/wp\/v2\/comments?post=55583"}],"version-history":[{"count":1,"href":"https:\/\/blogopara.com.br\/index.php\/wp-json\/wp\/v2\/posts\/55583\/revisions"}],"predecessor-version":[{"id":55585,"href":"https:\/\/blogopara.com.br\/index.php\/wp-json\/wp\/v2\/posts\/55583\/revisions\/55585"}],"wp:featuredmedia":[{"embeddable":true,"href":"https:\/\/blogopara.com.br\/index.php\/wp-json\/wp\/v2\/media\/55584"}],"wp:attachment":[{"href":"https:\/\/blogopara.com.br\/index.php\/wp-json\/wp\/v2\/media?parent=55583"}],"wp:term":[{"taxonomy":"category","embeddable":true,"href":"https:\/\/blogopara.com.br\/index.php\/wp-json\/wp\/v2\/categories?post=55583"},{"taxonomy":"post_tag","embeddable":true,"href":"https:\/\/blogopara.com.br\/index.php\/wp-json\/wp\/v2\/tags?post=55583"}],"curies":[{"name":"wp","href":"https:\/\/api.w.org\/{rel}","templated":true}]}}