{"id":55639,"date":"2023-07-31T13:49:00","date_gmt":"2023-07-31T16:49:00","guid":{"rendered":"https:\/\/blogopara.com.br\/?p=55639"},"modified":"2023-07-30T11:52:15","modified_gmt":"2023-07-30T14:52:15","slug":"suzana-ramos-comemora-reinauguracao-do-centro-de-cultura-joao-gilberto","status":"publish","type":"post","link":"https:\/\/blogopara.com.br\/index.php\/2023\/07\/31\/suzana-ramos-comemora-reinauguracao-do-centro-de-cultura-joao-gilberto","title":{"rendered":"Suzana Ramos comemora reinaugura\u00e7\u00e3o do Centro de Cultura Jo\u00e3o Gilberto"},"content":{"rendered":"<p class=\"x_MsoNormal\" style=\"text-align: justify;\">A prefeita Suzana Ramos participou, neste s\u00e1bado (29), da reinaugura\u00e7\u00e3o do Centro de Cultura Jo\u00e3o Gilberto ao lado do governador do estado, Jer\u00f4nimo Rodrigues. Suzana esteve acompanhada de secret\u00e1rios municipais, assessores especiais do governo e vereadores.<\/p>\n<p class=\"x_MsoNormal\" style=\"text-align: justify;\">A prefeita agradeceu ao governador pela reabertura do espa\u00e7o. \u201cO Centro de Cultura Jo\u00e3o Gilberto voltou para o povo, agrade\u00e7o ao governador Jer\u00f4nimo Rodrigues pela reabertura desta casa que, com certeza, vai trazer mais cultura para Juazeiro. Eu sou uma grande incentivadora da cultura e na minha gest\u00e3o, estamos investindo muito na cultura da nossa cidade, com realiza\u00e7\u00e3o de festas populares, Festival de Artes Integradas Wellington Monteclaro, Festival Ed\u00e9sio Santos da Can\u00e7\u00e3o, pagamento do Aux\u00edlio Emergencial Cultural Afonso Conselheiro para artistas que tiveram que parar de trabalhar durante a pandemia, entre outras coisas, hoje quem ganha com a reabertura dessa casa \u00e9 Juazeiro\u201d, comemorou a gestora municipal.<\/p>\n<p class=\"x_MsoNormal\" style=\"text-align: justify;\">O secret\u00e1rio de Cultura, Turismo e Esporte do munic\u00edpio, S\u00e9rgio Fernandes, tamb\u00e9m comemorou a reabertura do espa\u00e7o. \u201cJuazeiro \u00e9 a cidade da cultura, e esse espa\u00e7o totalmente requalificado trar\u00e1 dignidade para os artistas que aqui mostram o que sabem fazer de melhor, que \u00e9 arte\u201d, disse.<\/p>\n<p class=\"x_MsoNormal\" style=\"text-align: justify;\">O coordenador do Centro de Cultura, Jo\u00e3o Leopoldo, falou da import\u00e2ncia do espa\u00e7o para a popula\u00e7\u00e3o juazeirense e do Vale do S\u00e3o Francisco. \u201cEsse \u00e9 um equipamento muito importante para Juazeiro, esse espa\u00e7o \u00e9 voltado para todo o territ\u00f3rio do S\u00e3o Francisco, e, para Juazeiro, isso representa a oportunidade de mostrar os talentos dos artistas da nossa cidade. Estou muito feliz por essa reabertura e convido toda popula\u00e7\u00e3o a vir conhecer o novo Centro de Cultura Jo\u00e3o Gilberto\u201d, pontuou Jo\u00e3o Leopoldo.<\/p>\n","protected":false},"excerpt":{"rendered":"<p>A prefeita Suzana Ramos participou, neste s\u00e1bado (29), da reinaugura\u00e7\u00e3o do Centro de Cultura Jo\u00e3o Gilberto ao lado do governador do estado, Jer\u00f4nimo Rodrigues. Suzana esteve acompanhada de secret\u00e1rios municipais, assessores especiais do governo e vereadores. A prefeita agradeceu ao governador pela reabertura do espa\u00e7o. \u201cO Centro de Cultura Jo\u00e3o Gilberto voltou para o povo, [&hellip;]<\/p>\n","protected":false},"author":1,"featured_media":55640,"comment_status":"closed","ping_status":"open","sticky":false,"template":"","format":"standard","meta":{"_uag_custom_page_level_css":"","_monsterinsights_skip_tracking":false,"_monsterinsights_sitenote_active":false,"_monsterinsights_sitenote_note":"","_monsterinsights_sitenote_category":0,"jetpack_post_was_ever_published":false,"_jetpack_newsletter_access":"","_jetpack_dont_email_post_to_subs":false,"_jetpack_newsletter_tier_id":0,"_jetpack_memberships_contains_paywalled_content":false,"_jetpack_memberships_contains_paid_content":false,"footnotes":"","jetpack_publicize_message":"","jetpack_publicize_feature_enabled":true,"jetpack_social_post_already_shared":true,"jetpack_social_options":{"image_generator_settings":{"template":"highway","default_image_id":0,"font":"","enabled":false},"version":2}},"categories":[197],"tags":[],"class_list":["post-55639","post","type-post","status-publish","format-standard","has-post-thumbnail","hentry","category-politica"],"jetpack_publicize_connections":[],"jetpack_featured_media_url":"https:\/\/blogopara.com.br\/wp-content\/uploads\/2023\/07\/thumbnail_WhatsApp-Image-2023-07-30-at-07.46.21.jpg","uagb_featured_image_src":{"full":["https:\/\/blogopara.com.br\/wp-content\/uploads\/2023\/07\/thumbnail_WhatsApp-Image-2023-07-30-at-07.46.21.jpg",500,312,false],"thumbnail":["https:\/\/blogopara.com.br\/wp-content\/uploads\/2023\/07\/thumbnail_WhatsApp-Image-2023-07-30-at-07.46.21-150x150.jpg",150,150,true],"medium":["https:\/\/blogopara.com.br\/wp-content\/uploads\/2023\/07\/thumbnail_WhatsApp-Image-2023-07-30-at-07.46.21-300x187.jpg",300,187,true],"medium_large":["https:\/\/blogopara.com.br\/wp-content\/uploads\/2023\/07\/thumbnail_WhatsApp-Image-2023-07-30-at-07.46.21.jpg",500,312,false],"large":["https:\/\/blogopara.com.br\/wp-content\/uploads\/2023\/07\/thumbnail_WhatsApp-Image-2023-07-30-at-07.46.21.jpg",500,312,false],"1536x1536":["https:\/\/blogopara.com.br\/wp-content\/uploads\/2023\/07\/thumbnail_WhatsApp-Image-2023-07-30-at-07.46.21.jpg",500,312,false],"2048x2048":["https:\/\/blogopara.com.br\/wp-content\/uploads\/2023\/07\/thumbnail_WhatsApp-Image-2023-07-30-at-07.46.21.jpg",500,312,false],"mantranews-slider-large":["https:\/\/blogopara.com.br\/wp-content\/uploads\/2023\/07\/thumbnail_WhatsApp-Image-2023-07-30-at-07.46.21.jpg",500,312,false],"mantranews-featured-medium":["https:\/\/blogopara.com.br\/wp-content\/uploads\/2023\/07\/thumbnail_WhatsApp-Image-2023-07-30-at-07.46.21-420x307.jpg",420,307,true],"mantranews-featured-long":["https:\/\/blogopara.com.br\/wp-content\/uploads\/2023\/07\/thumbnail_WhatsApp-Image-2023-07-30-at-07.46.21-300x312.jpg",300,312,true],"mantranews-block-medium":["https:\/\/blogopara.com.br\/wp-content\/uploads\/2023\/07\/thumbnail_WhatsApp-Image-2023-07-30-at-07.46.21-464x290.jpg",464,290,true],"mantranews-carousel-image":["https:\/\/blogopara.com.br\/wp-content\/uploads\/2023\/07\/thumbnail_WhatsApp-Image-2023-07-30-at-07.46.21.jpg",500,312,false],"mantranews-block-thumb":["https:\/\/blogopara.com.br\/wp-content\/uploads\/2023\/07\/thumbnail_WhatsApp-Image-2023-07-30-at-07.46.21-322x230.jpg",322,230,true],"mantranews-single-large":["https:\/\/blogopara.com.br\/wp-content\/uploads\/2023\/07\/thumbnail_WhatsApp-Image-2023-07-30-at-07.46.21.jpg",500,312,false]},"uagb_author_info":{"display_name":"Reda\u00e7\u00e3o geral","author_link":"https:\/\/blogopara.com.br\/index.php\/author\/blogopara"},"uagb_comment_info":0,"uagb_excerpt":"A prefeita Suzana Ramos participou, neste s\u00e1bado (29), da reinaugura\u00e7\u00e3o do Centro de Cultura Jo\u00e3o Gilberto ao lado do governador do estado, Jer\u00f4nimo Rodrigues. Suzana esteve acompanhada de secret\u00e1rios municipais, assessores especiais do governo e vereadores. A prefeita agradeceu ao governador pela reabertura do espa\u00e7o. \u201cO Centro de Cultura Jo\u00e3o Gilberto voltou para o povo,&hellip;","jetpack_sharing_enabled":true,"jetpack_likes_enabled":true,"_links":{"self":[{"href":"https:\/\/blogopara.com.br\/index.php\/wp-json\/wp\/v2\/posts\/55639","targetHints":{"allow":["GET"]}}],"collection":[{"href":"https:\/\/blogopara.com.br\/index.php\/wp-json\/wp\/v2\/posts"}],"about":[{"href":"https:\/\/blogopara.com.br\/index.php\/wp-json\/wp\/v2\/types\/post"}],"author":[{"embeddable":true,"href":"https:\/\/blogopara.com.br\/index.php\/wp-json\/wp\/v2\/users\/1"}],"replies":[{"embeddable":true,"href":"https:\/\/blogopara.com.br\/index.php\/wp-json\/wp\/v2\/comments?post=55639"}],"version-history":[{"count":1,"href":"https:\/\/blogopara.com.br\/index.php\/wp-json\/wp\/v2\/posts\/55639\/revisions"}],"predecessor-version":[{"id":55641,"href":"https:\/\/blogopara.com.br\/index.php\/wp-json\/wp\/v2\/posts\/55639\/revisions\/55641"}],"wp:featuredmedia":[{"embeddable":true,"href":"https:\/\/blogopara.com.br\/index.php\/wp-json\/wp\/v2\/media\/55640"}],"wp:attachment":[{"href":"https:\/\/blogopara.com.br\/index.php\/wp-json\/wp\/v2\/media?parent=55639"}],"wp:term":[{"taxonomy":"category","embeddable":true,"href":"https:\/\/blogopara.com.br\/index.php\/wp-json\/wp\/v2\/categories?post=55639"},{"taxonomy":"post_tag","embeddable":true,"href":"https:\/\/blogopara.com.br\/index.php\/wp-json\/wp\/v2\/tags?post=55639"}],"curies":[{"name":"wp","href":"https:\/\/api.w.org\/{rel}","templated":true}]}}