{"id":55669,"date":"2023-07-31T08:35:00","date_gmt":"2023-07-31T11:35:00","guid":{"rendered":"https:\/\/blogopara.com.br\/?p=55669"},"modified":"2023-07-31T07:37:58","modified_gmt":"2023-07-31T10:37:58","slug":"um-dos-maiores-grupos-de-educacao-do-brasil-abre-o-terceiro-processo-seletivo-de-trainees-exclusivamente-para-pessoas-negras","status":"publish","type":"post","link":"https:\/\/blogopara.com.br\/index.php\/2023\/07\/31\/um-dos-maiores-grupos-de-educacao-do-brasil-abre-o-terceiro-processo-seletivo-de-trainees-exclusivamente-para-pessoas-negras","title":{"rendered":"Um dos maiores grupos de educa\u00e7\u00e3o do Brasil abre o terceiro processo seletivo de trainees exclusivamente para pessoas negras"},"content":{"rendered":"<p style=\"text-align: justify;\">Com o objetivo de ampliar a diversidade racial em seu quadro de colaboradores, a Yduqs, uma das maiores organiza\u00e7\u00f5es do setor de Educa\u00e7\u00e3o do pa\u00eds,\u00a0abre inscri\u00e7\u00f5es para a terceira edi\u00e7\u00e3o do Programa Trainee 2024, exclusivo para pessoas que se autodeclaram pretas e pardas. Ser\u00e3o oferecidas vagas para diversas \u00e1reas de forma\u00e7\u00e3o, destinadas a concluintes ou rec\u00e9m-formados (dezembro\/2019 a dezembro\/2023) de qualquer regi\u00e3o do Brasil, desde que tenham mobilidade e disponibilidade para viagens ao longo do programa. Os interessados poder\u00e3o fazer suas inscri\u00e7\u00f5es ou cadastros por meio do link:\u00a0<a href=\"https:\/\/traineeyduqs.gupy.io\/\" target=\"_blank\" rel=\"noopener noreferrer\" data-auth=\"NotApplicable\" data-linkindex=\"0\">https:\/\/traineeyduqs.gupy.io\/<\/a>\u00a0at\u00e9 o dia 31 de agosto. O processo seletivo avaliar\u00e1 a capacidade anal\u00edtica e habilidades comportamentais dos candidatos, sem a necessidade de conhecimento de Excel e ingl\u00eas. Ap\u00f3s a contrata\u00e7\u00e3o, os trainees poder\u00e3o ganhar bolsas de estudo para MBA e ser posicionados em cargos estrat\u00e9gicos na organiza\u00e7\u00e3o, al\u00e9m de um sal\u00e1rio compat\u00edvel com o mercado, plano de sa\u00fade e odontol\u00f3gico, entre outros benef\u00edcios.<\/p>\n<p style=\"text-align: justify;\">O Programa Trainee Yduqs 2024 busca aperfei\u00e7oar jovens talentos, que passar\u00e3o por treinamento, integra\u00e7\u00e3o, desenvolver\u00e3o atividades nas unidades e ter\u00e3o a oportunidade de elaborar um projeto de alta relev\u00e2ncia e impacto para a institui\u00e7\u00e3o. A a\u00e7\u00e3o faz parte de um grande projeto de diversidade, equidade e inclus\u00e3o da companhia, tornando a empresa ainda mais plural em frentes como g\u00eanero, orienta\u00e7\u00e3o sexual, PCD, ra\u00e7a, entre outras, fazendo a diferen\u00e7a no futuro da educa\u00e7\u00e3o. Atualmente, a organiza\u00e7\u00e3o j\u00e1 conta com mais da metade de seu quadro de colaboradores ocupados por mulheres, e suas institui\u00e7\u00f5es de ensino instaladas pelo Brasil j\u00e1 t\u00eam um perfil e a\u00e7\u00f5es bem abrangentes.<\/p>\n<p style=\"text-align: justify;\">Segundo o IBGE, quando se avalia o mercado de trabalho, somente 30% das pessoas pretas ou pardas conseguem ocupar cargos de analista ou especialista. Programas como o da Yduqs contribuem, portanto, para que esses profissionais avancem mais um degrau e ocupem cargos mais altos nas empresas.<\/p>\n<p style=\"text-align: justify;\">\u00a0\u00a0\u00a0\u00a0\u201cA diversidade \u00e9 um dos pilares da Yduqs. Temos metas ambiciosas definidas, como aumentar em 3% o n\u00famero de pessoas negras nas posi\u00e7\u00f5es de docente e 5% em posi\u00e7\u00f5es de lideran\u00e7a no ambiente corporativo. Ter diversidade e inclus\u00e3o na estrat\u00e9gia da gest\u00e3o ESG impacta diretamente na nossa evolu\u00e7\u00e3o enquanto institui\u00e7\u00e3o comprometida com o desenvolvimento sustent\u00e1vel e a redu\u00e7\u00e3o de desigualdades&#8221;, comenta Cl\u00e1udia Romano,\u00a0<i>head<\/i>\u00a0de ESG da Yduqs.<\/p>\n<p style=\"text-align: justify;\">Renata Vilela Mendon\u00e7a, diretora de Gente da Yduqs, destaca a import\u00e2ncia de iniciativas de inclus\u00e3o nas grandes empresas. \u201cA diversidade transforma e faz toda a diferen\u00e7a no futuro da educa\u00e7\u00e3o e do mundo empresarial. Estamos construindo um caminho para acelerar a inclus\u00e3o em nosso ambiente corporativo&#8221;, afirma. A busca agora \u00e9 investir na forma\u00e7\u00e3o de novos talentos e futuros l\u00edderes do setor de educa\u00e7\u00e3o, para que profissionais negros, por meio do programa, tenham uma acelera\u00e7\u00e3o em sua carreira e tenham grandes oportunidades na organiza\u00e7\u00e3o.<\/p>\n<p style=\"text-align: justify;\">De acordo com Renata Vilela Mendon\u00e7a, pelo terceiro ano consecutivo, o programa ser\u00e1 exclusivo para pessoas autodeclaradas pretas e pardas, pois aposta no talento e abre novas possibilidades para mudar a sociedade, gerando novas lideran\u00e7as. As duas primeiras edi\u00e7\u00f5es do Programa Trainee 2024 exclusivo para pessoas negras foram um sucesso e j\u00e1 ajudaram na configura\u00e7\u00e3o da companhia.<\/p>\n<p style=\"text-align: justify;\">No dia 2 de Agosto, a Yduqs far\u00e1 uma live especial para as pessoas candidatas em seu canal no Youtube, com mais informa\u00e7\u00f5es sobre o processo seletivo, depoimentos dos atuais trainees da companhia e dicas exclusivas. Para participar, as pessoas interessadas devem acessar<u><br aria-hidden=\"true\" \/>YduqsTV<\/u>\u00a0(<a href=\"https:\/\/www.youtube.com\/@YDUQSTV\" target=\"_blank\" rel=\"noopener noreferrer\" data-auth=\"NotApplicable\" data-linkindex=\"1\">https:\/\/www.youtube.com\/@YDUQSTV<\/a>).<\/p>\n<p style=\"text-align: justify;\"><b>PERSONAGENS\u00a0<\/b><\/p>\n<p style=\"text-align: justify;\">\u00a0\u00a0\u00a0Rodrigo Sousa Silva, 29 anos, de S\u00e3o Paulo, formado em Ci\u00eancias Sociais (UFRJ).<\/p>\n<p style=\"text-align: justify;\">\u201cAchei o processo de sele\u00e7\u00e3o bem humanizado, est\u00e1 sendo incr\u00edvel no sentido de desenvolver minhas habilidades t\u00e9cnicas, relacionais e gerenciais. Elas est\u00e3o me preparando para ocupar os lugares que a companhia nos projeta. Espero que os pr\u00f3ximos trainees fa\u00e7am o melhor, a dedica\u00e7\u00e3o \u00e9 uma dica importante para vencer cada etapa\u201d, recomenda Rodrigo.<\/p>\n<p style=\"text-align: justify;\">Anna Christina Montanet Pimenta, 24 anos, Rio de Janeiro, formada em Rela\u00e7\u00f5es P\u00fablicas na Universidade Federal de Santa Maria (UFSM).<\/p>\n<p style=\"text-align: justify;\">Na vis\u00e3o de Anna, o programa foi uma oportunidade \u00fanica para o desenvolvimento pessoal e profissional. \u201cSou muito grata pela oportunidade, essa experi\u00eancia foi espetacular, cresci muito em um curto espa\u00e7o de tempo. A minha dica para os pr\u00f3ximos participantes \u00e9 que eles busquem dar o seu melhor em cada etapa do processo e que acreditem em seus potenciais. Independente das dificuldades que enfrentamos na vida, podemos alcan\u00e7ar lugares que antes n\u00e3o t\u00ednhamos acesso\u201d, afirma a RP.<\/p>\n<p style=\"text-align: justify;\"><br aria-hidden=\"true\" \/><\/p>\n<p style=\"text-align: justify;\"><b>Servi\u00e7o:\u00a0<\/b><\/p>\n<p style=\"text-align: justify;\">Terceira edi\u00e7\u00e3o do Programa Trainee 2024 (exclusivo para pessoas que se autodeclaram pretas e pardas).<\/p>\n<p style=\"text-align: justify;\">Inscri\u00e7\u00f5es por meio do link:\u00a0<br aria-hidden=\"true\" \/><a href=\"https:\/\/traineeyduqs.gupy.io\/\" target=\"_blank\" rel=\"noopener noreferrer\" data-auth=\"NotApplicable\" data-linkindex=\"2\">https:\/\/traineeyduqs.gupy.io\/<\/a>\u00a0\u00a0at\u00e9 o dia 31 de agosto.<\/p>\n<p style=\"text-align: justify;\">Ser\u00e3o oferecidas vagas para diversas \u00e1reas de forma\u00e7\u00e3o, destinadas a concluintes ou rec\u00e9m-formados (dezembro\/2019 a dezembro\/2023) de qualquer regi\u00e3o do Brasil, desde que tenham mobilidade e disponibilidade para viagens ao longo do programa.<\/p>\n<p style=\"text-align: justify;\">Os candidatos dever\u00e3o ter forma\u00e7\u00e3o completa em qualquer curso de n\u00edvel superior\/gradua\u00e7\u00e3o.<\/p>\n<p style=\"text-align: justify;\">\n<p style=\"text-align: justify;\"><b>Sobre a\u00a0Yduqs<\/b><\/p>\n<p style=\"text-align: justify;\">\n<p style=\"text-align: justify;\">A\u00a0Yduqs\u00a0\u00e9 o maior grupo de educa\u00e7\u00e3o superior no Brasil, presente em todo o territ\u00f3rio nacional e com mais de 1,2 milh\u00e3o de alunos. \u00c9 uma das organiza\u00e7\u00f5es que mais inova e cresce no pa\u00eds, por meio da expans\u00e3o org\u00e2nica e pelo ingresso de novas institui\u00e7\u00f5es e neg\u00f3cios ao grupo. Isso cria um ambiente interno incrivelmente din\u00e2mico, com mais de 16 mil colaboradores, orientado \u00e0 inova\u00e7\u00e3o, e em que as oportunidades aparecem \u2013 especialmente para aqueles que ousam pensar de forma disruptiva e que desejam deixar sua marca no mundo por meio da educa\u00e7\u00e3o.<\/p>\n<p style=\"text-align: justify;\"><br aria-hidden=\"true\" \/><br aria-hidden=\"true\" \/><\/p>\n<p style=\"text-align: justify;\">Com uma forte apropria\u00e7\u00e3o da cultura digital, e por meio do desenvolvimento de metodologias e de conte\u00fados que refletem os desafios e as necessidades do nosso tempo, a\u00a0Yduqs\u00a0oferece educa\u00e7\u00e3o superior de qualidade para pessoas de todas as classes sociais, em todo o pa\u00eds, e ao longo de toda a sua vida adulta. Nossas institui\u00e7\u00f5es de ensino s\u00e3o\u00a0Dam\u00e1sio\u00a0Educacional,\u00a0Est\u00e1cio,\u00a0Ibmec e\u00a0Wyden. Tamb\u00e9m comp\u00f5em nosso portf\u00f3lio o IDOMED, que re\u00fane 17 escolas de Medicina em todo o pa\u00eds, e as edtechs grupoQ, Hardwork Medicina e EnsineMe, nossa unidade de metodologia, conte\u00fado e plataformas digitais.<\/p>\n","protected":false},"excerpt":{"rendered":"<p>Com o objetivo de ampliar a diversidade racial em seu quadro de colaboradores, a Yduqs, uma das maiores organiza\u00e7\u00f5es do setor de Educa\u00e7\u00e3o do pa\u00eds,\u00a0abre inscri\u00e7\u00f5es para a terceira edi\u00e7\u00e3o do Programa Trainee 2024, exclusivo para pessoas que se autodeclaram pretas e pardas. Ser\u00e3o oferecidas vagas para diversas \u00e1reas de forma\u00e7\u00e3o, destinadas a concluintes ou [&hellip;]<\/p>\n","protected":false},"author":1,"featured_media":55670,"comment_status":"closed","ping_status":"open","sticky":false,"template":"","format":"standard","meta":{"_uag_custom_page_level_css":"","_monsterinsights_skip_tracking":false,"_monsterinsights_sitenote_active":false,"_monsterinsights_sitenote_note":"","_monsterinsights_sitenote_category":0,"jetpack_post_was_ever_published":false,"_jetpack_newsletter_access":"","_jetpack_dont_email_post_to_subs":false,"_jetpack_newsletter_tier_id":0,"_jetpack_memberships_contains_paywalled_content":false,"_jetpack_memberships_contains_paid_content":false,"footnotes":"","jetpack_publicize_message":"","jetpack_publicize_feature_enabled":true,"jetpack_social_post_already_shared":true,"jetpack_social_options":{"image_generator_settings":{"template":"highway","default_image_id":0,"font":"","enabled":false},"version":2}},"categories":[1505],"tags":[],"class_list":["post-55669","post","type-post","status-publish","format-standard","has-post-thumbnail","hentry","category-oportunidade"],"jetpack_publicize_connections":[],"jetpack_featured_media_url":"https:\/\/blogopara.com.br\/wp-content\/uploads\/2023\/07\/trainees.png","uagb_featured_image_src":{"full":["https:\/\/blogopara.com.br\/wp-content\/uploads\/2023\/07\/trainees.png",500,300,false],"thumbnail":["https:\/\/blogopara.com.br\/wp-content\/uploads\/2023\/07\/trainees-150x150.png",150,150,true],"medium":["https:\/\/blogopara.com.br\/wp-content\/uploads\/2023\/07\/trainees-300x180.png",300,180,true],"medium_large":["https:\/\/blogopara.com.br\/wp-content\/uploads\/2023\/07\/trainees.png",500,300,false],"large":["https:\/\/blogopara.com.br\/wp-content\/uploads\/2023\/07\/trainees.png",500,300,false],"1536x1536":["https:\/\/blogopara.com.br\/wp-content\/uploads\/2023\/07\/trainees.png",500,300,false],"2048x2048":["https:\/\/blogopara.com.br\/wp-content\/uploads\/2023\/07\/trainees.png",500,300,false],"mantranews-slider-large":["https:\/\/blogopara.com.br\/wp-content\/uploads\/2023\/07\/trainees.png",500,300,false],"mantranews-featured-medium":["https:\/\/blogopara.com.br\/wp-content\/uploads\/2023\/07\/trainees-420x300.png",420,300,true],"mantranews-featured-long":["https:\/\/blogopara.com.br\/wp-content\/uploads\/2023\/07\/trainees-300x300.png",300,300,true],"mantranews-block-medium":["https:\/\/blogopara.com.br\/wp-content\/uploads\/2023\/07\/trainees-464x290.png",464,290,true],"mantranews-carousel-image":["https:\/\/blogopara.com.br\/wp-content\/uploads\/2023\/07\/trainees.png",500,300,false],"mantranews-block-thumb":["https:\/\/blogopara.com.br\/wp-content\/uploads\/2023\/07\/trainees-322x230.png",322,230,true],"mantranews-single-large":["https:\/\/blogopara.com.br\/wp-content\/uploads\/2023\/07\/trainees.png",500,300,false]},"uagb_author_info":{"display_name":"Reda\u00e7\u00e3o geral","author_link":"https:\/\/blogopara.com.br\/index.php\/author\/blogopara"},"uagb_comment_info":0,"uagb_excerpt":"Com o objetivo de ampliar a diversidade racial em seu quadro de colaboradores, a Yduqs, uma das maiores organiza\u00e7\u00f5es do setor de Educa\u00e7\u00e3o do pa\u00eds,\u00a0abre inscri\u00e7\u00f5es para a terceira edi\u00e7\u00e3o do Programa Trainee 2024, exclusivo para pessoas que se autodeclaram pretas e pardas. Ser\u00e3o oferecidas vagas para diversas \u00e1reas de forma\u00e7\u00e3o, destinadas a concluintes ou&hellip;","jetpack_sharing_enabled":true,"jetpack_likes_enabled":true,"_links":{"self":[{"href":"https:\/\/blogopara.com.br\/index.php\/wp-json\/wp\/v2\/posts\/55669","targetHints":{"allow":["GET"]}}],"collection":[{"href":"https:\/\/blogopara.com.br\/index.php\/wp-json\/wp\/v2\/posts"}],"about":[{"href":"https:\/\/blogopara.com.br\/index.php\/wp-json\/wp\/v2\/types\/post"}],"author":[{"embeddable":true,"href":"https:\/\/blogopara.com.br\/index.php\/wp-json\/wp\/v2\/users\/1"}],"replies":[{"embeddable":true,"href":"https:\/\/blogopara.com.br\/index.php\/wp-json\/wp\/v2\/comments?post=55669"}],"version-history":[{"count":1,"href":"https:\/\/blogopara.com.br\/index.php\/wp-json\/wp\/v2\/posts\/55669\/revisions"}],"predecessor-version":[{"id":55671,"href":"https:\/\/blogopara.com.br\/index.php\/wp-json\/wp\/v2\/posts\/55669\/revisions\/55671"}],"wp:featuredmedia":[{"embeddable":true,"href":"https:\/\/blogopara.com.br\/index.php\/wp-json\/wp\/v2\/media\/55670"}],"wp:attachment":[{"href":"https:\/\/blogopara.com.br\/index.php\/wp-json\/wp\/v2\/media?parent=55669"}],"wp:term":[{"taxonomy":"category","embeddable":true,"href":"https:\/\/blogopara.com.br\/index.php\/wp-json\/wp\/v2\/categories?post=55669"},{"taxonomy":"post_tag","embeddable":true,"href":"https:\/\/blogopara.com.br\/index.php\/wp-json\/wp\/v2\/tags?post=55669"}],"curies":[{"name":"wp","href":"https:\/\/api.w.org\/{rel}","templated":true}]}}