{"id":55682,"date":"2023-08-02T07:36:00","date_gmt":"2023-08-02T10:36:00","guid":{"rendered":"https:\/\/blogopara.com.br\/?p=55682"},"modified":"2023-07-31T14:39:39","modified_gmt":"2023-07-31T17:39:39","slug":"prefeitura-de-juazeiro-abre-inscricao-para-passeio-ciclistico-em-comemoracao-ao-dia-dos-pais","status":"publish","type":"post","link":"https:\/\/blogopara.com.br\/index.php\/2023\/08\/02\/prefeitura-de-juazeiro-abre-inscricao-para-passeio-ciclistico-em-comemoracao-ao-dia-dos-pais","title":{"rendered":"Prefeitura de Juazeiro abre inscri\u00e7\u00e3o para Passeio Cicl\u00edstico em comemora\u00e7\u00e3o ao Dia dos Pais"},"content":{"rendered":"<p class=\"x_MsoNormal\" style=\"text-align: justify;\">Come\u00e7ou na ter\u00e7a-feira (1\u00ba) a inscri\u00e7\u00e3o para o Passeio Cicl\u00edstico Dia dos Pais, realizado pela Prefeitura de Juazeiro, atrav\u00e9s da Secretaria de Cultura, Turismo e Esporte (Seculte), em parceria com a Associa\u00e7\u00e3o de Moradores do bairro Tabuleiro. O passeio ser\u00e1 no segundo domingo de agosto, 13 de agosto, Dia dos Pais.<\/p>\n<p class=\"x_MsoNormal\" style=\"text-align: justify;\">A inscri\u00e7\u00e3o segue at\u00e9 o dia 11 de agosto na Associa\u00e7\u00e3o de Moradores do bairro Tabuleiro ou na Superintend\u00eancia de Esportes que fica no Est\u00e1dio Adauto Moraes, das 8h \u00e0s 14h. \u201cQualquer pessoa pode participar, seja ele morador do bairro Tabuleiro ou de outra localidade de Juazeiro. Este \u00e9 um momento importante de integra\u00e7\u00e3o entre as fam\u00edlias, em que muitos pais aproveitam para passear com seus filhos numa data t\u00e3o importante\u201d, destacou o superintendente de Esportes da Seculte, Joacir Oliveira.<\/p>\n<p class=\"x_MsoNormal\" style=\"text-align: justify;\">A inscri\u00e7\u00e3o \u00e9 gratuita e as vagas s\u00e3o limitadas. O Passeio Cicl\u00edstico Dia dos Pais tem concentra\u00e7\u00e3o na sede da Associa\u00e7\u00e3o do bairro Tabuleiro com sa\u00edda \u00e0s 7h30. O segundo ponto de concentra\u00e7\u00e3o ser\u00e1 no Vaporzinho, com parada na Lagoa do Calu e segue para o bairro Tabuleiro. Durante o trajeto haver\u00e1 sorteio de brindes aos participantes.<\/p>\n","protected":false},"excerpt":{"rendered":"<p>Come\u00e7ou na ter\u00e7a-feira (1\u00ba) a inscri\u00e7\u00e3o para o Passeio Cicl\u00edstico Dia dos Pais, realizado pela Prefeitura de Juazeiro, atrav\u00e9s da Secretaria de Cultura, Turismo e Esporte (Seculte), em parceria com a Associa\u00e7\u00e3o de Moradores do bairro Tabuleiro. O passeio ser\u00e1 no segundo domingo de agosto, 13 de agosto, Dia dos Pais. A inscri\u00e7\u00e3o segue at\u00e9 [&hellip;]<\/p>\n","protected":false},"author":1,"featured_media":55683,"comment_status":"closed","ping_status":"open","sticky":false,"template":"","format":"standard","meta":{"_uag_custom_page_level_css":"","_monsterinsights_skip_tracking":false,"_monsterinsights_sitenote_active":false,"_monsterinsights_sitenote_note":"","_monsterinsights_sitenote_category":0,"jetpack_post_was_ever_published":false,"_jetpack_newsletter_access":"","_jetpack_dont_email_post_to_subs":false,"_jetpack_newsletter_tier_id":0,"_jetpack_memberships_contains_paywalled_content":false,"_jetpack_memberships_contains_paid_content":false,"footnotes":"","jetpack_publicize_message":"","jetpack_publicize_feature_enabled":true,"jetpack_social_post_already_shared":true,"jetpack_social_options":{"image_generator_settings":{"template":"highway","default_image_id":0,"font":"","enabled":false},"version":2}},"categories":[208],"tags":[],"class_list":["post-55682","post","type-post","status-publish","format-standard","has-post-thumbnail","hentry","category-esporte"],"jetpack_publicize_connections":[],"jetpack_featured_media_url":"https:\/\/blogopara.com.br\/wp-content\/uploads\/2023\/07\/thumbnail_card-passeio-ciclistico-dia-dos-pais.jpg","uagb_featured_image_src":{"full":["https:\/\/blogopara.com.br\/wp-content\/uploads\/2023\/07\/thumbnail_card-passeio-ciclistico-dia-dos-pais.jpg",500,500,false],"thumbnail":["https:\/\/blogopara.com.br\/wp-content\/uploads\/2023\/07\/thumbnail_card-passeio-ciclistico-dia-dos-pais-150x150.jpg",150,150,true],"medium":["https:\/\/blogopara.com.br\/wp-content\/uploads\/2023\/07\/thumbnail_card-passeio-ciclistico-dia-dos-pais-300x300.jpg",300,300,true],"medium_large":["https:\/\/blogopara.com.br\/wp-content\/uploads\/2023\/07\/thumbnail_card-passeio-ciclistico-dia-dos-pais.jpg",500,500,false],"large":["https:\/\/blogopara.com.br\/wp-content\/uploads\/2023\/07\/thumbnail_card-passeio-ciclistico-dia-dos-pais.jpg",500,500,false],"1536x1536":["https:\/\/blogopara.com.br\/wp-content\/uploads\/2023\/07\/thumbnail_card-passeio-ciclistico-dia-dos-pais.jpg",500,500,false],"2048x2048":["https:\/\/blogopara.com.br\/wp-content\/uploads\/2023\/07\/thumbnail_card-passeio-ciclistico-dia-dos-pais.jpg",500,500,false],"mantranews-slider-large":["https:\/\/blogopara.com.br\/wp-content\/uploads\/2023\/07\/thumbnail_card-passeio-ciclistico-dia-dos-pais.jpg",500,500,false],"mantranews-featured-medium":["https:\/\/blogopara.com.br\/wp-content\/uploads\/2023\/07\/thumbnail_card-passeio-ciclistico-dia-dos-pais-420x307.jpg",420,307,true],"mantranews-featured-long":["https:\/\/blogopara.com.br\/wp-content\/uploads\/2023\/07\/thumbnail_card-passeio-ciclistico-dia-dos-pais-300x443.jpg",300,443,true],"mantranews-block-medium":["https:\/\/blogopara.com.br\/wp-content\/uploads\/2023\/07\/thumbnail_card-passeio-ciclistico-dia-dos-pais-464x290.jpg",464,290,true],"mantranews-carousel-image":["https:\/\/blogopara.com.br\/wp-content\/uploads\/2023\/07\/thumbnail_card-passeio-ciclistico-dia-dos-pais.jpg",500,500,false],"mantranews-block-thumb":["https:\/\/blogopara.com.br\/wp-content\/uploads\/2023\/07\/thumbnail_card-passeio-ciclistico-dia-dos-pais-322x230.jpg",322,230,true],"mantranews-single-large":["https:\/\/blogopara.com.br\/wp-content\/uploads\/2023\/07\/thumbnail_card-passeio-ciclistico-dia-dos-pais.jpg",500,500,false]},"uagb_author_info":{"display_name":"Reda\u00e7\u00e3o geral","author_link":"https:\/\/blogopara.com.br\/index.php\/author\/blogopara"},"uagb_comment_info":0,"uagb_excerpt":"Come\u00e7ou na ter\u00e7a-feira (1\u00ba) a inscri\u00e7\u00e3o para o Passeio Cicl\u00edstico Dia dos Pais, realizado pela Prefeitura de Juazeiro, atrav\u00e9s da Secretaria de Cultura, Turismo e Esporte (Seculte), em parceria com a Associa\u00e7\u00e3o de Moradores do bairro Tabuleiro. O passeio ser\u00e1 no segundo domingo de agosto, 13 de agosto, Dia dos Pais. A inscri\u00e7\u00e3o segue at\u00e9&hellip;","jetpack_sharing_enabled":true,"jetpack_likes_enabled":true,"_links":{"self":[{"href":"https:\/\/blogopara.com.br\/index.php\/wp-json\/wp\/v2\/posts\/55682","targetHints":{"allow":["GET"]}}],"collection":[{"href":"https:\/\/blogopara.com.br\/index.php\/wp-json\/wp\/v2\/posts"}],"about":[{"href":"https:\/\/blogopara.com.br\/index.php\/wp-json\/wp\/v2\/types\/post"}],"author":[{"embeddable":true,"href":"https:\/\/blogopara.com.br\/index.php\/wp-json\/wp\/v2\/users\/1"}],"replies":[{"embeddable":true,"href":"https:\/\/blogopara.com.br\/index.php\/wp-json\/wp\/v2\/comments?post=55682"}],"version-history":[{"count":1,"href":"https:\/\/blogopara.com.br\/index.php\/wp-json\/wp\/v2\/posts\/55682\/revisions"}],"predecessor-version":[{"id":55684,"href":"https:\/\/blogopara.com.br\/index.php\/wp-json\/wp\/v2\/posts\/55682\/revisions\/55684"}],"wp:featuredmedia":[{"embeddable":true,"href":"https:\/\/blogopara.com.br\/index.php\/wp-json\/wp\/v2\/media\/55683"}],"wp:attachment":[{"href":"https:\/\/blogopara.com.br\/index.php\/wp-json\/wp\/v2\/media?parent=55682"}],"wp:term":[{"taxonomy":"category","embeddable":true,"href":"https:\/\/blogopara.com.br\/index.php\/wp-json\/wp\/v2\/categories?post=55682"},{"taxonomy":"post_tag","embeddable":true,"href":"https:\/\/blogopara.com.br\/index.php\/wp-json\/wp\/v2\/tags?post=55682"}],"curies":[{"name":"wp","href":"https:\/\/api.w.org\/{rel}","templated":true}]}}