{"id":55717,"date":"2023-08-02T15:00:00","date_gmt":"2023-08-02T18:00:00","guid":{"rendered":"https:\/\/blogopara.com.br\/?p=55717"},"modified":"2023-07-31T23:36:29","modified_gmt":"2023-08-01T02:36:29","slug":"alpinista-frances-morre-aos-30-anos-depois-de-cair-do-68o-andar-de-um-predio-em-hong-kong","status":"publish","type":"post","link":"https:\/\/blogopara.com.br\/index.php\/2023\/08\/02\/alpinista-frances-morre-aos-30-anos-depois-de-cair-do-68o-andar-de-um-predio-em-hong-kong","title":{"rendered":"Alpinista franc\u00eas morre aos 30 anos depois de cair do 68\u00ba andar de um pr\u00e9dio em Hong Kong"},"content":{"rendered":"<p style=\"text-align: justify;\">Um alpinista franc\u00eas identificado como Remi Lucidi, de 30 anos, foi encontrado morto em Hong Kong, territ\u00f3rio aut\u00f4nomo no sudoeste da China, depois de cair do 68\u00ba andar de um pr\u00e9dio. Ele tinha milhares de seguidores nas redes sociais e ganhou fama ao postar fotos em estruturas altas ao redor do mundo. As informa\u00e7\u00f5es s\u00e3o do jornal brit\u00e2nico The Guardian.<\/p>\n<p style=\"text-align: justify;\">O homem entrou no bloco de apartamentos dizendo ao seguran\u00e7a que estava visitando um amigo no 40\u00ba andar. Mas, em vez disso, pegou o elevador at\u00e9 o 49\u00ba e acessou as escadas no \u00faltimo andar.<\/p>\n<p style=\"text-align: justify;\">Horas depois da queda, agentes da pol\u00edcia receberam uma liga\u00e7\u00e3o da seguran\u00e7a sobre um vazamento de g\u00e1s e, quando chegaram, encontraram o corpo de Lucidi do lado de fora do pr\u00e9dio. Ao que tudo indica, a queda do homem danificou um cano de g\u00e1s.<\/p>\n<p style=\"text-align: justify;\">Nas redes sociais, os f\u00e3s lamentaram a morte precoce de Remini. O \u00faltimo post do influenciador no Instagram foi feito h\u00e1 uma semana e consiste em uma foto da vis\u00e3o noturna de Hong Kong.<\/p>\n<p style=\"text-align: justify;\"><em>Fonte: R7 Not\u00edcias<\/em><\/p>\n","protected":false},"excerpt":{"rendered":"<p>Um alpinista franc\u00eas identificado como Remi Lucidi, de 30 anos, foi encontrado morto em Hong Kong, territ\u00f3rio aut\u00f4nomo no sudoeste da China, depois de cair do 68\u00ba andar de um pr\u00e9dio. Ele tinha milhares de seguidores nas redes sociais e ganhou fama ao postar fotos em estruturas altas ao redor do mundo. As informa\u00e7\u00f5es s\u00e3o [&hellip;]<\/p>\n","protected":false},"author":1,"featured_media":55718,"comment_status":"closed","ping_status":"open","sticky":false,"template":"","format":"standard","meta":{"_uag_custom_page_level_css":"","_monsterinsights_skip_tracking":false,"_monsterinsights_sitenote_active":false,"_monsterinsights_sitenote_note":"","_monsterinsights_sitenote_category":0,"jetpack_post_was_ever_published":false,"_jetpack_newsletter_access":"","_jetpack_dont_email_post_to_subs":false,"_jetpack_newsletter_tier_id":0,"_jetpack_memberships_contains_paywalled_content":false,"_jetpack_memberships_contains_paid_content":false,"footnotes":"","jetpack_publicize_message":"","jetpack_publicize_feature_enabled":true,"jetpack_social_post_already_shared":true,"jetpack_social_options":{"image_generator_settings":{"template":"highway","default_image_id":0,"font":"","enabled":false},"version":2}},"categories":[10093,273],"tags":[10971,3228,10973,10972],"class_list":["post-55717","post","type-post","status-publish","format-standard","has-post-thumbnail","hentry","category-internacional","category-mundo","tag-alpinista","tag-china","tag-frances","tag-hong-kong"],"jetpack_publicize_connections":[],"jetpack_featured_media_url":"https:\/\/blogopara.com.br\/wp-content\/uploads\/2023\/07\/remi-lucidi-31072023153517674.jpeg","uagb_featured_image_src":{"full":["https:\/\/blogopara.com.br\/wp-content\/uploads\/2023\/07\/remi-lucidi-31072023153517674.jpeg",442,241,false],"thumbnail":["https:\/\/blogopara.com.br\/wp-content\/uploads\/2023\/07\/remi-lucidi-31072023153517674-150x150.jpeg",150,150,true],"medium":["https:\/\/blogopara.com.br\/wp-content\/uploads\/2023\/07\/remi-lucidi-31072023153517674-300x164.jpeg",300,164,true],"medium_large":["https:\/\/blogopara.com.br\/wp-content\/uploads\/2023\/07\/remi-lucidi-31072023153517674.jpeg",442,241,false],"large":["https:\/\/blogopara.com.br\/wp-content\/uploads\/2023\/07\/remi-lucidi-31072023153517674.jpeg",442,241,false],"1536x1536":["https:\/\/blogopara.com.br\/wp-content\/uploads\/2023\/07\/remi-lucidi-31072023153517674.jpeg",442,241,false],"2048x2048":["https:\/\/blogopara.com.br\/wp-content\/uploads\/2023\/07\/remi-lucidi-31072023153517674.jpeg",442,241,false],"mantranews-slider-large":["https:\/\/blogopara.com.br\/wp-content\/uploads\/2023\/07\/remi-lucidi-31072023153517674.jpeg",442,241,false],"mantranews-featured-medium":["https:\/\/blogopara.com.br\/wp-content\/uploads\/2023\/07\/remi-lucidi-31072023153517674-420x241.jpeg",420,241,true],"mantranews-featured-long":["https:\/\/blogopara.com.br\/wp-content\/uploads\/2023\/07\/remi-lucidi-31072023153517674-300x241.jpeg",300,241,true],"mantranews-block-medium":["https:\/\/blogopara.com.br\/wp-content\/uploads\/2023\/07\/remi-lucidi-31072023153517674.jpeg",442,241,false],"mantranews-carousel-image":["https:\/\/blogopara.com.br\/wp-content\/uploads\/2023\/07\/remi-lucidi-31072023153517674.jpeg",442,241,false],"mantranews-block-thumb":["https:\/\/blogopara.com.br\/wp-content\/uploads\/2023\/07\/remi-lucidi-31072023153517674-322x230.jpeg",322,230,true],"mantranews-single-large":["https:\/\/blogopara.com.br\/wp-content\/uploads\/2023\/07\/remi-lucidi-31072023153517674.jpeg",442,241,false]},"uagb_author_info":{"display_name":"Reda\u00e7\u00e3o geral","author_link":"https:\/\/blogopara.com.br\/index.php\/author\/blogopara"},"uagb_comment_info":0,"uagb_excerpt":"Um alpinista franc\u00eas identificado como Remi Lucidi, de 30 anos, foi encontrado morto em Hong Kong, territ\u00f3rio aut\u00f4nomo no sudoeste da China, depois de cair do 68\u00ba andar de um pr\u00e9dio. Ele tinha milhares de seguidores nas redes sociais e ganhou fama ao postar fotos em estruturas altas ao redor do mundo. As informa\u00e7\u00f5es s\u00e3o&hellip;","jetpack_sharing_enabled":true,"jetpack_likes_enabled":true,"_links":{"self":[{"href":"https:\/\/blogopara.com.br\/index.php\/wp-json\/wp\/v2\/posts\/55717","targetHints":{"allow":["GET"]}}],"collection":[{"href":"https:\/\/blogopara.com.br\/index.php\/wp-json\/wp\/v2\/posts"}],"about":[{"href":"https:\/\/blogopara.com.br\/index.php\/wp-json\/wp\/v2\/types\/post"}],"author":[{"embeddable":true,"href":"https:\/\/blogopara.com.br\/index.php\/wp-json\/wp\/v2\/users\/1"}],"replies":[{"embeddable":true,"href":"https:\/\/blogopara.com.br\/index.php\/wp-json\/wp\/v2\/comments?post=55717"}],"version-history":[{"count":1,"href":"https:\/\/blogopara.com.br\/index.php\/wp-json\/wp\/v2\/posts\/55717\/revisions"}],"predecessor-version":[{"id":55719,"href":"https:\/\/blogopara.com.br\/index.php\/wp-json\/wp\/v2\/posts\/55717\/revisions\/55719"}],"wp:featuredmedia":[{"embeddable":true,"href":"https:\/\/blogopara.com.br\/index.php\/wp-json\/wp\/v2\/media\/55718"}],"wp:attachment":[{"href":"https:\/\/blogopara.com.br\/index.php\/wp-json\/wp\/v2\/media?parent=55717"}],"wp:term":[{"taxonomy":"category","embeddable":true,"href":"https:\/\/blogopara.com.br\/index.php\/wp-json\/wp\/v2\/categories?post=55717"},{"taxonomy":"post_tag","embeddable":true,"href":"https:\/\/blogopara.com.br\/index.php\/wp-json\/wp\/v2\/tags?post=55717"}],"curies":[{"name":"wp","href":"https:\/\/api.w.org\/{rel}","templated":true}]}}