{"id":5587,"date":"2019-12-13T07:31:08","date_gmt":"2019-12-13T10:31:08","guid":{"rendered":"http:\/\/blogopara.com.br\/?p=5587"},"modified":"2019-12-14T15:10:26","modified_gmt":"2019-12-14T18:10:26","slug":"juazeiro-edesio-santos-se-remexendo-no-tumulo-ao-som-de-rodrigao","status":"publish","type":"post","link":"https:\/\/blogopara.com.br\/index.php\/2019\/12\/13\/juazeiro-edesio-santos-se-remexendo-no-tumulo-ao-som-de-rodrigao","title":{"rendered":"Juazeiro: Ed\u00e9sio Santos se remexendo no t\u00famulo ao som de Rodrig\u00e3o"},"content":{"rendered":"<p style=\"text-align: justify;\">O m\u00fasico e compositor Ed\u00e9sio Santos deve estar se revirando no t\u00famulo, foi de extremo mal gosto a decis\u00e3o de contratar o cantor Rodrig\u00e3o para se apresentar 22\u00aa edi\u00e7\u00e3o de um festival que leva o nome do m\u00fasico Juazeirense. Isso numa sexta-feira 13, e para debochar da popula\u00e7\u00e3o o site da prefeitura avisa\u00a0 a anima\u00e7\u00e3o da noite fica com o cantor Rodrig\u00e3o, \u201ccom seu talento e irrever\u00eancia apresentando um repert\u00f3rio especial de M\u00fasica Popular Brasileira\u201d.<\/p>\n<p style=\"text-align: justify;\">Consta que o objetivo do Festival \u00e9 ter composi\u00e7\u00f5es in\u00e9ditas, de todos os g\u00eaneros e estilos musicais da M\u00fasica Popular Brasileira, o Ed\u00e9sio Santos foi criado com o objetivo de fomentar a cultura po\u00e9tica e musical dos artistas locais, oportunizar o interc\u00e2mbio e a troca de experi\u00eancias de produ\u00e7\u00e3o musical e cultural.<\/p>\n<p style=\"text-align: justify;\">Nada contra o estilo de Rodrig\u00e3o, devemos celebrar a m\u00fasica em toda a sua diversidade, mas um festival da can\u00e7\u00e3o \u00e9 um outro momento musical, n\u00e3o cabe uma apresenta\u00e7\u00e3o que destoe das m\u00fasicas classificadas e dos artistas que se apresentar\u00e3o. Se o objetivo do festival \u00e9 fomentar a cultura po\u00e9tica e musical dos artistas locais, onde est\u00e3o os artistas locais?<\/p>\n<p style=\"text-align: justify;\">Algo n\u00e3o est\u00e1 bem nesse mundinho da secretaria de cultura, no anivers\u00e1rio da cidade p\u00f3s morte de Jo\u00e3o Gilberto, atra\u00e7\u00e3o foi Parangol\u00e9, agora inauguram a \u201cVila Bossa Nova\u201d, a atra\u00e7\u00e3o \u00e9 Rodrig\u00e3o. Quando se faz a cr\u00edtica, a primeira rea\u00e7\u00e3o \u00e9 dizer que n\u00e3o gostamos de Juazeiro, ser\u00e1 que somos n\u00f3s mesmos? Tantos artistas locais com perfil e repert\u00f3rio que poderiam se apresentar, a SECULT para satisfazer o coron\u00e9 Isaac Carvalho contrata um artista sem perfil e repert\u00f3rio para um festival da can\u00e7\u00e3o.<\/p>\n<p style=\"text-align: justify;\">O artista Rodrig\u00e3o poderia fazer um show a portas fechadas para o prefeito, o secret\u00e1rio e o superintendente de cultura, com certeza haveria uma identifica\u00e7\u00e3o muito mais forte com as letras das m\u00fasicas que ele canta, do tipo: \u201choje ela est\u00e1 pirada, a trai\u00e7\u00e3o do ex deixou ela revoltada&#8230; senta remexendo gostoso que Rodrig\u00e3o arrebenta\u201d, \u201coh, remexendo vai para o lado ou para outro\u201d. \u201cEla muito saliente, vai tomar de costa, vai tomar de frente\u201d.<\/p>\n<pre>Elma Luise Silva\nEstudante<\/pre>\n<p style=\"text-align: justify;\">\n","protected":false},"excerpt":{"rendered":"<p>Ed\u00e9sio Santos, o homem que supostamente ensinou Jo\u00e3o Gilberto a tocar viol\u00e3o e comp\u00f4s o \u00e9pico juazeirense: Lavadeiras do Angary, tem que &#8220;dividir palco&#8221; com &#8220;Rodrig\u00e3o que arrebenta&#8221;.<\/p>\n","protected":false},"author":1,"featured_media":5594,"comment_status":"open","ping_status":"open","sticky":false,"template":"","format":"standard","meta":{"_uag_custom_page_level_css":"","_monsterinsights_skip_tracking":false,"_monsterinsights_sitenote_active":false,"_monsterinsights_sitenote_note":"","_monsterinsights_sitenote_category":0,"jetpack_post_was_ever_published":false,"_jetpack_newsletter_access":"","_jetpack_dont_email_post_to_subs":false,"_jetpack_newsletter_tier_id":0,"_jetpack_memberships_contains_paywalled_content":false,"_jetpack_memberships_contains_paid_content":false,"footnotes":"","jetpack_publicize_message":"","jetpack_publicize_feature_enabled":true,"jetpack_social_post_already_shared":true,"jetpack_social_options":{"image_generator_settings":{"template":"highway","default_image_id":0,"font":"","enabled":false},"version":2}},"categories":[203],"tags":[1393,1391,1392],"class_list":["post-5587","post","type-post","status-publish","format-standard","has-post-thumbnail","hentry","category-juazeiro","tag-aprentacao","tag-festival-edesio-santos","tag-rodrigao"],"jetpack_publicize_connections":[],"jetpack_featured_media_url":"https:\/\/blogopara.com.br\/wp-content\/uploads\/2019\/12\/rood.jpeg","uagb_featured_image_src":{"full":["https:\/\/blogopara.com.br\/wp-content\/uploads\/2019\/12\/rood.jpeg",1280,720,false],"thumbnail":["https:\/\/blogopara.com.br\/wp-content\/uploads\/2019\/12\/rood-150x150.jpeg",150,150,true],"medium":["https:\/\/blogopara.com.br\/wp-content\/uploads\/2019\/12\/rood-300x169.jpeg",300,169,true],"medium_large":["https:\/\/blogopara.com.br\/wp-content\/uploads\/2019\/12\/rood-768x432.jpeg",640,360,true],"large":["https:\/\/blogopara.com.br\/wp-content\/uploads\/2019\/12\/rood-1024x576.jpeg",640,360,true],"1536x1536":["https:\/\/blogopara.com.br\/wp-content\/uploads\/2019\/12\/rood.jpeg",1280,720,false],"2048x2048":["https:\/\/blogopara.com.br\/wp-content\/uploads\/2019\/12\/rood.jpeg",1280,720,false],"mantranews-slider-large":["https:\/\/blogopara.com.br\/wp-content\/uploads\/2019\/12\/rood.jpeg",1020,574,false],"mantranews-featured-medium":["https:\/\/blogopara.com.br\/wp-content\/uploads\/2019\/12\/rood.jpeg",420,236,false],"mantranews-featured-long":["https:\/\/blogopara.com.br\/wp-content\/uploads\/2019\/12\/rood.jpeg",300,169,false],"mantranews-block-medium":["https:\/\/blogopara.com.br\/wp-content\/uploads\/2019\/12\/rood.jpeg",464,261,false],"mantranews-carousel-image":["https:\/\/blogopara.com.br\/wp-content\/uploads\/2019\/12\/rood.jpeg",600,338,false],"mantranews-block-thumb":["https:\/\/blogopara.com.br\/wp-content\/uploads\/2019\/12\/rood.jpeg",322,181,false],"mantranews-single-large":["https:\/\/blogopara.com.br\/wp-content\/uploads\/2019\/12\/rood.jpeg",1141,642,false]},"uagb_author_info":{"display_name":"Reda\u00e7\u00e3o geral","author_link":"https:\/\/blogopara.com.br\/index.php\/author\/blogopara"},"uagb_comment_info":2,"uagb_excerpt":"Ed\u00e9sio Santos, o homem que supostamente ensinou Jo\u00e3o Gilberto a tocar viol\u00e3o e comp\u00f4s o \u00e9pico juazeirense: Lavadeiras do Angary, tem que \"dividir palco\" com \"Rodrig\u00e3o que arrebenta\".","jetpack_sharing_enabled":true,"jetpack_likes_enabled":true,"_links":{"self":[{"href":"https:\/\/blogopara.com.br\/index.php\/wp-json\/wp\/v2\/posts\/5587","targetHints":{"allow":["GET"]}}],"collection":[{"href":"https:\/\/blogopara.com.br\/index.php\/wp-json\/wp\/v2\/posts"}],"about":[{"href":"https:\/\/blogopara.com.br\/index.php\/wp-json\/wp\/v2\/types\/post"}],"author":[{"embeddable":true,"href":"https:\/\/blogopara.com.br\/index.php\/wp-json\/wp\/v2\/users\/1"}],"replies":[{"embeddable":true,"href":"https:\/\/blogopara.com.br\/index.php\/wp-json\/wp\/v2\/comments?post=5587"}],"version-history":[{"count":5,"href":"https:\/\/blogopara.com.br\/index.php\/wp-json\/wp\/v2\/posts\/5587\/revisions"}],"predecessor-version":[{"id":5622,"href":"https:\/\/blogopara.com.br\/index.php\/wp-json\/wp\/v2\/posts\/5587\/revisions\/5622"}],"wp:featuredmedia":[{"embeddable":true,"href":"https:\/\/blogopara.com.br\/index.php\/wp-json\/wp\/v2\/media\/5594"}],"wp:attachment":[{"href":"https:\/\/blogopara.com.br\/index.php\/wp-json\/wp\/v2\/media?parent=5587"}],"wp:term":[{"taxonomy":"category","embeddable":true,"href":"https:\/\/blogopara.com.br\/index.php\/wp-json\/wp\/v2\/categories?post=5587"},{"taxonomy":"post_tag","embeddable":true,"href":"https:\/\/blogopara.com.br\/index.php\/wp-json\/wp\/v2\/tags?post=5587"}],"curies":[{"name":"wp","href":"https:\/\/api.w.org\/{rel}","templated":true}]}}