{"id":55885,"date":"2023-08-07T10:08:00","date_gmt":"2023-08-07T13:08:00","guid":{"rendered":"https:\/\/blogopara.com.br\/?p=55885"},"modified":"2023-08-06T21:15:52","modified_gmt":"2023-08-07T00:15:52","slug":"bahia-recebera-o-programa-brasil-mais-empreendedor","status":"publish","type":"post","link":"https:\/\/blogopara.com.br\/index.php\/2023\/08\/07\/bahia-recebera-o-programa-brasil-mais-empreendedor","title":{"rendered":"Bahia receber\u00e1 o Programa Brasil Mais Empreendedor"},"content":{"rendered":"<div class=\"sc-c67c3674-0 eWGCVu\">\n<div class=\"sc-c67c3674-3 jITGSO\">\n<p style=\"text-align: justify;\">O Programa Brasil Mais Empreendedor chega \u00e0 Bahia com o objetivo de realizar cursos formativos e consultorias gratuitas para jovens entre 17 e 39 anos, preferencialmente mulheres, residentes na Bahia em regi\u00f5es perif\u00e9ricas. Os participantes devem ter renda familiar per capita inferior a R$ 808,00 por m\u00eas, que est\u00e3o em fase inicial do neg\u00f3cio ou que tem uma ideia de neg\u00f3cio e desejam empreender.<\/p>\n<p style=\"text-align: justify;\">O Mais Empreendedor pretende fomentar a cria\u00e7\u00e3o de novos neg\u00f3cios ou capacitar pequenos empreendedores em fase inicial de projeto, por todo o territ\u00f3rio brasileiro.<\/p>\n<p style=\"text-align: justify;\">Ser\u00e3o formadas\u00a012 turmas ao longo de um ano, em diferentes bairros da capital baiana e regi\u00e3o metropolitana. As inscri\u00e7\u00f5es para as turmas 01 v\u00e3o at\u00e9 o dia 14 de agosto e para \u00a0a turma 02 at\u00e9 21 de agosto e podem ser realizadas atrav\u00e9s do site: \u00a0brasilmaisba.conaje.com.br. Nas duas primeiras turmas, as vagas s\u00e3o limitadas a 35 participantes.<\/p>\n<p style=\"text-align: justify;\">A Turma 01 ser\u00e1 entre\u00a021 e 25 de agosto, no bairro Doron e a Turma 02 entre 28 de agosto e 1\u00ba de setembro, em \u00a0Santa Cruz. \u201cPara participar n\u00e3o precisa ser morador do bairro em que acontecer\u00e3o as aulas, mas o inscrito tem que estar dentro dos crit\u00e9rios de idade, renda familiar, resid\u00eancia e perfil de neg\u00f3cio exigidos pelo edital\u201d, afirma Marcos Rinaldi, respons\u00e1vel pela gest\u00e3o do projeto.<\/p>\n<p style=\"text-align: justify;\">O projeto \u00e9 realizado pela Confedera\u00e7\u00e3o Nacional de Jovens Empres\u00e1rios (CONAJE) em parceria, por meio de termo de fomento, com a Secretaria da Micro e Pequena Empresa e Empreendedorismo (SEMPE) vinculada ao Minist\u00e9rio do Desenvolvimento, Ind\u00fastria, Com\u00e9rcio e Servi\u00e7os e conta com a coordena\u00e7\u00e3o t\u00e9cnica da Associa\u00e7\u00e3o de Jovens Empreendedores da Bahia (AJE-BA).<\/p>\n<\/div>\n<\/div>\n<footer class=\"sc-519aa481-0 hSLjQp\">\n<div class=\"sc-25afab15-0 bezxib\">\n<section class=\"sc-2be9650f-0 hMkrbO\">\n<div class=\"sc-7d68fdb4-1 gJhXcA\" style=\"text-align: justify;\"><\/div>\n<\/section>\n<\/div>\n<\/footer>\n","protected":false},"excerpt":{"rendered":"<p>O Programa Brasil Mais Empreendedor chega \u00e0 Bahia com o objetivo de realizar cursos formativos e consultorias gratuitas para jovens entre 17 e 39 anos, preferencialmente mulheres, residentes na Bahia em regi\u00f5es perif\u00e9ricas. Os participantes devem ter renda familiar per capita inferior a R$ 808,00 por m\u00eas, que est\u00e3o em fase inicial do neg\u00f3cio ou [&hellip;]<\/p>\n","protected":false},"author":1,"featured_media":55886,"comment_status":"closed","ping_status":"open","sticky":false,"template":"","format":"standard","meta":{"_uag_custom_page_level_css":"","_monsterinsights_skip_tracking":false,"_monsterinsights_sitenote_active":false,"_monsterinsights_sitenote_note":"","_monsterinsights_sitenote_category":0,"jetpack_post_was_ever_published":false,"_jetpack_newsletter_access":"","_jetpack_dont_email_post_to_subs":false,"_jetpack_newsletter_tier_id":0,"_jetpack_memberships_contains_paywalled_content":false,"_jetpack_memberships_contains_paid_content":false,"footnotes":"","jetpack_publicize_message":"","jetpack_publicize_feature_enabled":true,"jetpack_social_post_already_shared":true,"jetpack_social_options":{"image_generator_settings":{"template":"highway","default_image_id":0,"font":"","enabled":false},"version":2}},"categories":[199],"tags":[],"class_list":["post-55885","post","type-post","status-publish","format-standard","has-post-thumbnail","hentry","category-bahia"],"jetpack_publicize_connections":[],"jetpack_featured_media_url":"https:\/\/blogopara.com.br\/wp-content\/uploads\/2023\/08\/Programa-Brasil-Mais-Empreendedor-chega-a-Salvador0123787900202308061713.jpg","uagb_featured_image_src":{"full":["https:\/\/blogopara.com.br\/wp-content\/uploads\/2023\/08\/Programa-Brasil-Mais-Empreendedor-chega-a-Salvador0123787900202308061713.jpg",400,251,false],"thumbnail":["https:\/\/blogopara.com.br\/wp-content\/uploads\/2023\/08\/Programa-Brasil-Mais-Empreendedor-chega-a-Salvador0123787900202308061713-150x150.jpg",150,150,true],"medium":["https:\/\/blogopara.com.br\/wp-content\/uploads\/2023\/08\/Programa-Brasil-Mais-Empreendedor-chega-a-Salvador0123787900202308061713-300x188.jpg",300,188,true],"medium_large":["https:\/\/blogopara.com.br\/wp-content\/uploads\/2023\/08\/Programa-Brasil-Mais-Empreendedor-chega-a-Salvador0123787900202308061713.jpg",400,251,false],"large":["https:\/\/blogopara.com.br\/wp-content\/uploads\/2023\/08\/Programa-Brasil-Mais-Empreendedor-chega-a-Salvador0123787900202308061713.jpg",400,251,false],"1536x1536":["https:\/\/blogopara.com.br\/wp-content\/uploads\/2023\/08\/Programa-Brasil-Mais-Empreendedor-chega-a-Salvador0123787900202308061713.jpg",400,251,false],"2048x2048":["https:\/\/blogopara.com.br\/wp-content\/uploads\/2023\/08\/Programa-Brasil-Mais-Empreendedor-chega-a-Salvador0123787900202308061713.jpg",400,251,false],"mantranews-slider-large":["https:\/\/blogopara.com.br\/wp-content\/uploads\/2023\/08\/Programa-Brasil-Mais-Empreendedor-chega-a-Salvador0123787900202308061713.jpg",400,251,false],"mantranews-featured-medium":["https:\/\/blogopara.com.br\/wp-content\/uploads\/2023\/08\/Programa-Brasil-Mais-Empreendedor-chega-a-Salvador0123787900202308061713.jpg",400,251,false],"mantranews-featured-long":["https:\/\/blogopara.com.br\/wp-content\/uploads\/2023\/08\/Programa-Brasil-Mais-Empreendedor-chega-a-Salvador0123787900202308061713-300x251.jpg",300,251,true],"mantranews-block-medium":["https:\/\/blogopara.com.br\/wp-content\/uploads\/2023\/08\/Programa-Brasil-Mais-Empreendedor-chega-a-Salvador0123787900202308061713.jpg",400,251,false],"mantranews-carousel-image":["https:\/\/blogopara.com.br\/wp-content\/uploads\/2023\/08\/Programa-Brasil-Mais-Empreendedor-chega-a-Salvador0123787900202308061713.jpg",400,251,false],"mantranews-block-thumb":["https:\/\/blogopara.com.br\/wp-content\/uploads\/2023\/08\/Programa-Brasil-Mais-Empreendedor-chega-a-Salvador0123787900202308061713-322x230.jpg",322,230,true],"mantranews-single-large":["https:\/\/blogopara.com.br\/wp-content\/uploads\/2023\/08\/Programa-Brasil-Mais-Empreendedor-chega-a-Salvador0123787900202308061713.jpg",400,251,false]},"uagb_author_info":{"display_name":"Reda\u00e7\u00e3o geral","author_link":"https:\/\/blogopara.com.br\/index.php\/author\/blogopara"},"uagb_comment_info":0,"uagb_excerpt":"O Programa Brasil Mais Empreendedor chega \u00e0 Bahia com o objetivo de realizar cursos formativos e consultorias gratuitas para jovens entre 17 e 39 anos, preferencialmente mulheres, residentes na Bahia em regi\u00f5es perif\u00e9ricas. Os participantes devem ter renda familiar per capita inferior a R$ 808,00 por m\u00eas, que est\u00e3o em fase inicial do neg\u00f3cio ou&hellip;","jetpack_sharing_enabled":true,"jetpack_likes_enabled":true,"_links":{"self":[{"href":"https:\/\/blogopara.com.br\/index.php\/wp-json\/wp\/v2\/posts\/55885","targetHints":{"allow":["GET"]}}],"collection":[{"href":"https:\/\/blogopara.com.br\/index.php\/wp-json\/wp\/v2\/posts"}],"about":[{"href":"https:\/\/blogopara.com.br\/index.php\/wp-json\/wp\/v2\/types\/post"}],"author":[{"embeddable":true,"href":"https:\/\/blogopara.com.br\/index.php\/wp-json\/wp\/v2\/users\/1"}],"replies":[{"embeddable":true,"href":"https:\/\/blogopara.com.br\/index.php\/wp-json\/wp\/v2\/comments?post=55885"}],"version-history":[{"count":1,"href":"https:\/\/blogopara.com.br\/index.php\/wp-json\/wp\/v2\/posts\/55885\/revisions"}],"predecessor-version":[{"id":55887,"href":"https:\/\/blogopara.com.br\/index.php\/wp-json\/wp\/v2\/posts\/55885\/revisions\/55887"}],"wp:featuredmedia":[{"embeddable":true,"href":"https:\/\/blogopara.com.br\/index.php\/wp-json\/wp\/v2\/media\/55886"}],"wp:attachment":[{"href":"https:\/\/blogopara.com.br\/index.php\/wp-json\/wp\/v2\/media?parent=55885"}],"wp:term":[{"taxonomy":"category","embeddable":true,"href":"https:\/\/blogopara.com.br\/index.php\/wp-json\/wp\/v2\/categories?post=55885"},{"taxonomy":"post_tag","embeddable":true,"href":"https:\/\/blogopara.com.br\/index.php\/wp-json\/wp\/v2\/tags?post=55885"}],"curies":[{"name":"wp","href":"https:\/\/api.w.org\/{rel}","templated":true}]}}