{"id":55888,"date":"2023-08-07T11:16:00","date_gmt":"2023-08-07T14:16:00","guid":{"rendered":"https:\/\/blogopara.com.br\/?p=55888"},"modified":"2023-08-06T21:19:23","modified_gmt":"2023-08-07T00:19:23","slug":"escola-municipal-mandacaru-recebe-1a-edicao-do-projeto-direito-ao-ponto-na-escola","status":"publish","type":"post","link":"https:\/\/blogopara.com.br\/index.php\/2023\/08\/07\/escola-municipal-mandacaru-recebe-1a-edicao-do-projeto-direito-ao-ponto-na-escola","title":{"rendered":"Escola Municipal Mandacaru recebe 1\u00aa edi\u00e7\u00e3o do projeto \u2018Direito ao Ponto na Escola\u2019"},"content":{"rendered":"<p class=\"x_MsoNormal\" style=\"text-align: justify;\">A Escola Municipal Mandacaru, localizada no bairro Jardim Primavera, recebeu, neste s\u00e1bado (05), a edi\u00e7\u00e3o de lan\u00e7amento do projeto \u2018Comunicar para Educar: Direito ao Ponto na Escola\u2019. A iniciativa, que surgiu a partir de uma parceria entre a unidade escolar e a professora e acad\u00eamica em direito, Celane Rosa, visa popularizar o Direito e possibilitou aos pais e alunos o acesso \u00e0 orienta\u00e7\u00e3o e acompanhamento jur\u00eddico com advogados especializados.<\/p>\n<p class=\"x_MsoNormal\" style=\"text-align: justify;\">\u201cA iniciativa uniu o objeto de estudo e pesquisa da professora Celane Rosa, que j\u00e1 vinha desenvolvendo um projeto de populariza\u00e7\u00e3o do conhecimento jur\u00eddico, com a vontade da escola de dar suporte aos pais para que pudessem conhecer mais sobre seus direitos. Percebemos que temos v\u00e1rios desafios na quest\u00e3o estrutural das fam\u00edlias, no que diz respeito \u00e0 compreens\u00e3o de algumas leis. Enquanto escola, queremos ajudar a nossa comunidade a ter mais conhecimento sobre seus direitos e deveres\u201d, disse a gestora da Escola Mandacaru, Claudiane Sena Santos Ribeiro.<\/p>\n<p class=\"x_MsoNormal\" style=\"text-align: justify;\">Al\u00e9m da comunidade escolar e de moradores do bairro, o evento contou com a participa\u00e7\u00e3o dos advogados: Paula Marcula, Ildelfonso Marcula e Joyce Nascimento, que discutiram os temas \u2018Previd\u00eancia Social e aposentadoria\u2019 e \u2018Benef\u00edcio Assistencial \u00e0 Pessoa com Defici\u00eancia (BPC\/LOAS)\u2019, orientaram a comunidade e esclareceram d\u00favidas.<\/p>\n<p class=\"x_MsoNormal\" style=\"text-align: justify;\">Idealizadora do projeto, a professora Celane Rosa falou sobre a iniciativa. \u201cO Direito ao Ponto na Escola, visa abordar o direito de forma pedag\u00f3gica, a fim de possibilitar o ensino do Direito. Os brasileiros precisam conhecer melhor a legisla\u00e7\u00e3o p\u00e1tria, seus direitos e deveres. As leis est\u00e3o dispon\u00edveis na internet, mas compreend\u00ea-las e interpret\u00e1-las n\u00e3o \u00e9 uma tarefa f\u00e1cil, ent\u00e3o, apresentamos o Direito de forma simplificada e did\u00e1tica, facilitando, assim, a populariza\u00e7\u00e3o e o acesso \u00e0 justi\u00e7a\u201d, explica.<b>\u00a0<\/b><\/p>\n<p class=\"x_MsoNormal\" style=\"text-align: justify;\"><b>Direito ao Ponto<\/b><\/p>\n<p class=\"x_MsoNormal\" style=\"text-align: justify;\">As a\u00e7\u00f5es do projeto \u201cDireito ao Ponto na Escola\u201d acontecer\u00e3o mensalmente e a pr\u00f3xima atividade ser\u00e1 com alunos em roda de conversa, bate-papo, brincadeiras e din\u00e2micas jur\u00eddico-educativas, al\u00e9m palestras com advogados especialistas em Direito do Consumidor, crimes contra a honra (cal\u00fania, inj\u00faria e difama\u00e7\u00e3o), Constitui\u00e7\u00e3o Federal, entre outros.<\/p>\n<p class=\"x_MsoNormal\" style=\"text-align: justify;\">O projeto da professora tamb\u00e9m est\u00e1 no YouTube (@direitoaoponto125) e no Instagram (@programadireitoaoponto).<\/p>\n<p class=\"x_MsoNormal\" style=\"text-align: justify;\" aria-hidden=\"true\">\n","protected":false},"excerpt":{"rendered":"<p>A Escola Municipal Mandacaru, localizada no bairro Jardim Primavera, recebeu, neste s\u00e1bado (05), a edi\u00e7\u00e3o de lan\u00e7amento do projeto \u2018Comunicar para Educar: Direito ao Ponto na Escola\u2019. A iniciativa, que surgiu a partir de uma parceria entre a unidade escolar e a professora e acad\u00eamica em direito, Celane Rosa, visa popularizar o Direito e possibilitou [&hellip;]<\/p>\n","protected":false},"author":1,"featured_media":55889,"comment_status":"closed","ping_status":"open","sticky":false,"template":"","format":"standard","meta":{"_uag_custom_page_level_css":"","_monsterinsights_skip_tracking":false,"_monsterinsights_sitenote_active":false,"_monsterinsights_sitenote_note":"","_monsterinsights_sitenote_category":0,"jetpack_post_was_ever_published":false,"_jetpack_newsletter_access":"","_jetpack_dont_email_post_to_subs":false,"_jetpack_newsletter_tier_id":0,"_jetpack_memberships_contains_paywalled_content":false,"_jetpack_memberships_contains_paid_content":false,"footnotes":"","jetpack_publicize_message":"","jetpack_publicize_feature_enabled":true,"jetpack_social_post_already_shared":true,"jetpack_social_options":{"image_generator_settings":{"template":"highway","default_image_id":0,"font":"","enabled":false},"version":2}},"categories":[209],"tags":[],"class_list":["post-55888","post","type-post","status-publish","format-standard","has-post-thumbnail","hentry","category-educacao"],"jetpack_publicize_connections":[],"jetpack_featured_media_url":"https:\/\/blogopara.com.br\/wp-content\/uploads\/2023\/08\/thumbnail_Foto02-2.jpg","uagb_featured_image_src":{"full":["https:\/\/blogopara.com.br\/wp-content\/uploads\/2023\/08\/thumbnail_Foto02-2.jpg",500,333,false],"thumbnail":["https:\/\/blogopara.com.br\/wp-content\/uploads\/2023\/08\/thumbnail_Foto02-2-150x150.jpg",150,150,true],"medium":["https:\/\/blogopara.com.br\/wp-content\/uploads\/2023\/08\/thumbnail_Foto02-2-300x200.jpg",300,200,true],"medium_large":["https:\/\/blogopara.com.br\/wp-content\/uploads\/2023\/08\/thumbnail_Foto02-2.jpg",500,333,false],"large":["https:\/\/blogopara.com.br\/wp-content\/uploads\/2023\/08\/thumbnail_Foto02-2.jpg",500,333,false],"1536x1536":["https:\/\/blogopara.com.br\/wp-content\/uploads\/2023\/08\/thumbnail_Foto02-2.jpg",500,333,false],"2048x2048":["https:\/\/blogopara.com.br\/wp-content\/uploads\/2023\/08\/thumbnail_Foto02-2.jpg",500,333,false],"mantranews-slider-large":["https:\/\/blogopara.com.br\/wp-content\/uploads\/2023\/08\/thumbnail_Foto02-2.jpg",500,333,false],"mantranews-featured-medium":["https:\/\/blogopara.com.br\/wp-content\/uploads\/2023\/08\/thumbnail_Foto02-2-420x307.jpg",420,307,true],"mantranews-featured-long":["https:\/\/blogopara.com.br\/wp-content\/uploads\/2023\/08\/thumbnail_Foto02-2-300x333.jpg",300,333,true],"mantranews-block-medium":["https:\/\/blogopara.com.br\/wp-content\/uploads\/2023\/08\/thumbnail_Foto02-2-464x290.jpg",464,290,true],"mantranews-carousel-image":["https:\/\/blogopara.com.br\/wp-content\/uploads\/2023\/08\/thumbnail_Foto02-2.jpg",500,333,false],"mantranews-block-thumb":["https:\/\/blogopara.com.br\/wp-content\/uploads\/2023\/08\/thumbnail_Foto02-2-322x230.jpg",322,230,true],"mantranews-single-large":["https:\/\/blogopara.com.br\/wp-content\/uploads\/2023\/08\/thumbnail_Foto02-2.jpg",500,333,false]},"uagb_author_info":{"display_name":"Reda\u00e7\u00e3o geral","author_link":"https:\/\/blogopara.com.br\/index.php\/author\/blogopara"},"uagb_comment_info":0,"uagb_excerpt":"A Escola Municipal Mandacaru, localizada no bairro Jardim Primavera, recebeu, neste s\u00e1bado (05), a edi\u00e7\u00e3o de lan\u00e7amento do projeto \u2018Comunicar para Educar: Direito ao Ponto na Escola\u2019. A iniciativa, que surgiu a partir de uma parceria entre a unidade escolar e a professora e acad\u00eamica em direito, Celane Rosa, visa popularizar o Direito e possibilitou&hellip;","jetpack_sharing_enabled":true,"jetpack_likes_enabled":true,"_links":{"self":[{"href":"https:\/\/blogopara.com.br\/index.php\/wp-json\/wp\/v2\/posts\/55888","targetHints":{"allow":["GET"]}}],"collection":[{"href":"https:\/\/blogopara.com.br\/index.php\/wp-json\/wp\/v2\/posts"}],"about":[{"href":"https:\/\/blogopara.com.br\/index.php\/wp-json\/wp\/v2\/types\/post"}],"author":[{"embeddable":true,"href":"https:\/\/blogopara.com.br\/index.php\/wp-json\/wp\/v2\/users\/1"}],"replies":[{"embeddable":true,"href":"https:\/\/blogopara.com.br\/index.php\/wp-json\/wp\/v2\/comments?post=55888"}],"version-history":[{"count":1,"href":"https:\/\/blogopara.com.br\/index.php\/wp-json\/wp\/v2\/posts\/55888\/revisions"}],"predecessor-version":[{"id":55890,"href":"https:\/\/blogopara.com.br\/index.php\/wp-json\/wp\/v2\/posts\/55888\/revisions\/55890"}],"wp:featuredmedia":[{"embeddable":true,"href":"https:\/\/blogopara.com.br\/index.php\/wp-json\/wp\/v2\/media\/55889"}],"wp:attachment":[{"href":"https:\/\/blogopara.com.br\/index.php\/wp-json\/wp\/v2\/media?parent=55888"}],"wp:term":[{"taxonomy":"category","embeddable":true,"href":"https:\/\/blogopara.com.br\/index.php\/wp-json\/wp\/v2\/categories?post=55888"},{"taxonomy":"post_tag","embeddable":true,"href":"https:\/\/blogopara.com.br\/index.php\/wp-json\/wp\/v2\/tags?post=55888"}],"curies":[{"name":"wp","href":"https:\/\/api.w.org\/{rel}","templated":true}]}}