{"id":55897,"date":"2023-08-07T15:27:00","date_gmt":"2023-08-07T18:27:00","guid":{"rendered":"https:\/\/blogopara.com.br\/?p=55897"},"modified":"2023-08-06T21:32:40","modified_gmt":"2023-08-07T00:32:40","slug":"rally-dos-sertoes-porta-do-rio-sera-interditada-a-partir-dessa-segunda-7","status":"publish","type":"post","link":"https:\/\/blogopara.com.br\/index.php\/2023\/08\/07\/rally-dos-sertoes-porta-do-rio-sera-interditada-a-partir-dessa-segunda-7","title":{"rendered":"Rally dos Sert\u00f5es: Porta do Rio ser\u00e1 interditada a partir dessa segunda (7)"},"content":{"rendered":"<p style=\"text-align: justify;\">A Porta do Rio, na Orla de Petrolina, estar\u00e1 interditada a partir dessa segunda-feira (07) at\u00e9 o pr\u00f3ximo domingo (13), para o Rally dos Sert\u00f5es. Devido ao in\u00edcio da montagem na estrutura, os carros n\u00e3o poder\u00e3o transitar e nem estacionar no local.<\/p>\n<p style=\"text-align: justify;\">\u00c9 que na Orla ter\u00e1 uma pista de demonstra\u00e7\u00e3o para apresenta\u00e7\u00e3o dos pilotos e dos ve\u00edculos. Durante o evento, os agentes de tr\u00e2nsito da Autarquia Municipal de Mobilidade (AMMPLA) estar\u00e3o em pontos estrat\u00e9gicos da via para fazer o ordenamento do tr\u00e1fego.<\/p>\n<div id=\"jp-relatedposts\" class=\"jp-relatedposts\">\n<div class=\"jp-relatedposts-items jp-relatedposts-items-visual jp-relatedposts-grid \">\n<div class=\"jp-relatedposts-post jp-relatedposts-post0 jp-relatedposts-post-nothumbs\" data-post-id=\"19211\" data-post-format=\"false\">\n<p class=\"jp-relatedposts-post-excerpt\" style=\"text-align: justify;\">Logo mais, \u00e0s 8h, as m\u00e1quinas que fazem parte do 16\u00ba Rallye dos Sert\u00f5es chegam a Petrolina. Os competidores desfilar\u00e3o pela Orla de Petrolina e centro da cidade a partir das\u00a011h. Ap\u00f3s o desfile, os ve\u00edculos seguem para o Parque Josepha Coelho, onde passam<\/p>\n<\/div>\n<\/div>\n<\/div>\n","protected":false},"excerpt":{"rendered":"<p>A Porta do Rio, na Orla de Petrolina, estar\u00e1 interditada a partir dessa segunda-feira (07) at\u00e9 o pr\u00f3ximo domingo (13), para o Rally dos Sert\u00f5es. Devido ao in\u00edcio da montagem na estrutura, os carros n\u00e3o poder\u00e3o transitar e nem estacionar no local. \u00c9 que na Orla ter\u00e1 uma pista de demonstra\u00e7\u00e3o para apresenta\u00e7\u00e3o dos pilotos [&hellip;]<\/p>\n","protected":false},"author":1,"featured_media":53064,"comment_status":"closed","ping_status":"open","sticky":false,"template":"","format":"standard","meta":{"_uag_custom_page_level_css":"","_monsterinsights_skip_tracking":false,"_monsterinsights_sitenote_active":false,"_monsterinsights_sitenote_note":"","_monsterinsights_sitenote_category":0,"jetpack_post_was_ever_published":false,"_jetpack_newsletter_access":"","_jetpack_dont_email_post_to_subs":false,"_jetpack_newsletter_tier_id":0,"_jetpack_memberships_contains_paywalled_content":false,"_jetpack_memberships_contains_paid_content":false,"footnotes":"","jetpack_publicize_message":"","jetpack_publicize_feature_enabled":true,"jetpack_social_post_already_shared":true,"jetpack_social_options":{"image_generator_settings":{"template":"highway","default_image_id":0,"font":"","enabled":false},"version":2}},"categories":[851],"tags":[],"class_list":["post-55897","post","type-post","status-publish","format-standard","has-post-thumbnail","hentry","category-petrolina"],"jetpack_publicize_connections":[],"jetpack_featured_media_url":"https:\/\/blogopara.com.br\/wp-content\/uploads\/2023\/05\/Simao-no-lancamento-Rally-dos-Sertoes-2023.jpg","uagb_featured_image_src":{"full":["https:\/\/blogopara.com.br\/wp-content\/uploads\/2023\/05\/Simao-no-lancamento-Rally-dos-Sertoes-2023.jpg",500,333,false],"thumbnail":["https:\/\/blogopara.com.br\/wp-content\/uploads\/2023\/05\/Simao-no-lancamento-Rally-dos-Sertoes-2023-150x150.jpg",150,150,true],"medium":["https:\/\/blogopara.com.br\/wp-content\/uploads\/2023\/05\/Simao-no-lancamento-Rally-dos-Sertoes-2023-300x200.jpg",300,200,true],"medium_large":["https:\/\/blogopara.com.br\/wp-content\/uploads\/2023\/05\/Simao-no-lancamento-Rally-dos-Sertoes-2023.jpg",500,333,false],"large":["https:\/\/blogopara.com.br\/wp-content\/uploads\/2023\/05\/Simao-no-lancamento-Rally-dos-Sertoes-2023.jpg",500,333,false],"1536x1536":["https:\/\/blogopara.com.br\/wp-content\/uploads\/2023\/05\/Simao-no-lancamento-Rally-dos-Sertoes-2023.jpg",500,333,false],"2048x2048":["https:\/\/blogopara.com.br\/wp-content\/uploads\/2023\/05\/Simao-no-lancamento-Rally-dos-Sertoes-2023.jpg",500,333,false],"mantranews-slider-large":["https:\/\/blogopara.com.br\/wp-content\/uploads\/2023\/05\/Simao-no-lancamento-Rally-dos-Sertoes-2023.jpg",500,333,false],"mantranews-featured-medium":["https:\/\/blogopara.com.br\/wp-content\/uploads\/2023\/05\/Simao-no-lancamento-Rally-dos-Sertoes-2023-420x307.jpg",420,307,true],"mantranews-featured-long":["https:\/\/blogopara.com.br\/wp-content\/uploads\/2023\/05\/Simao-no-lancamento-Rally-dos-Sertoes-2023-300x333.jpg",300,333,true],"mantranews-block-medium":["https:\/\/blogopara.com.br\/wp-content\/uploads\/2023\/05\/Simao-no-lancamento-Rally-dos-Sertoes-2023-464x290.jpg",464,290,true],"mantranews-carousel-image":["https:\/\/blogopara.com.br\/wp-content\/uploads\/2023\/05\/Simao-no-lancamento-Rally-dos-Sertoes-2023.jpg",500,333,false],"mantranews-block-thumb":["https:\/\/blogopara.com.br\/wp-content\/uploads\/2023\/05\/Simao-no-lancamento-Rally-dos-Sertoes-2023-322x230.jpg",322,230,true],"mantranews-single-large":["https:\/\/blogopara.com.br\/wp-content\/uploads\/2023\/05\/Simao-no-lancamento-Rally-dos-Sertoes-2023.jpg",500,333,false]},"uagb_author_info":{"display_name":"Reda\u00e7\u00e3o geral","author_link":"https:\/\/blogopara.com.br\/index.php\/author\/blogopara"},"uagb_comment_info":0,"uagb_excerpt":"A Porta do Rio, na Orla de Petrolina, estar\u00e1 interditada a partir dessa segunda-feira (07) at\u00e9 o pr\u00f3ximo domingo (13), para o Rally dos Sert\u00f5es. Devido ao in\u00edcio da montagem na estrutura, os carros n\u00e3o poder\u00e3o transitar e nem estacionar no local. \u00c9 que na Orla ter\u00e1 uma pista de demonstra\u00e7\u00e3o para apresenta\u00e7\u00e3o dos pilotos&hellip;","jetpack_sharing_enabled":true,"jetpack_likes_enabled":true,"_links":{"self":[{"href":"https:\/\/blogopara.com.br\/index.php\/wp-json\/wp\/v2\/posts\/55897","targetHints":{"allow":["GET"]}}],"collection":[{"href":"https:\/\/blogopara.com.br\/index.php\/wp-json\/wp\/v2\/posts"}],"about":[{"href":"https:\/\/blogopara.com.br\/index.php\/wp-json\/wp\/v2\/types\/post"}],"author":[{"embeddable":true,"href":"https:\/\/blogopara.com.br\/index.php\/wp-json\/wp\/v2\/users\/1"}],"replies":[{"embeddable":true,"href":"https:\/\/blogopara.com.br\/index.php\/wp-json\/wp\/v2\/comments?post=55897"}],"version-history":[{"count":1,"href":"https:\/\/blogopara.com.br\/index.php\/wp-json\/wp\/v2\/posts\/55897\/revisions"}],"predecessor-version":[{"id":55898,"href":"https:\/\/blogopara.com.br\/index.php\/wp-json\/wp\/v2\/posts\/55897\/revisions\/55898"}],"wp:featuredmedia":[{"embeddable":true,"href":"https:\/\/blogopara.com.br\/index.php\/wp-json\/wp\/v2\/media\/53064"}],"wp:attachment":[{"href":"https:\/\/blogopara.com.br\/index.php\/wp-json\/wp\/v2\/media?parent=55897"}],"wp:term":[{"taxonomy":"category","embeddable":true,"href":"https:\/\/blogopara.com.br\/index.php\/wp-json\/wp\/v2\/categories?post=55897"},{"taxonomy":"post_tag","embeddable":true,"href":"https:\/\/blogopara.com.br\/index.php\/wp-json\/wp\/v2\/tags?post=55897"}],"curies":[{"name":"wp","href":"https:\/\/api.w.org\/{rel}","templated":true}]}}