{"id":55915,"date":"2023-08-07T10:52:25","date_gmt":"2023-08-07T13:52:25","guid":{"rendered":"https:\/\/blogopara.com.br\/?p=55915"},"modified":"2023-08-07T10:52:28","modified_gmt":"2023-08-07T13:52:28","slug":"jordavio-ramos-quer-aumentar-centros-para-pessoas-com-autismo-na-bahia-so-temos-um-em-funcionamento","status":"publish","type":"post","link":"https:\/\/blogopara.com.br\/index.php\/2023\/08\/07\/jordavio-ramos-quer-aumentar-centros-para-pessoas-com-autismo-na-bahia-so-temos-um-em-funcionamento","title":{"rendered":"Jord\u00e1vio Ramos quer aumentar centros para pessoas com autismo na Bahia: \u2018S\u00f3 temos um em funcionamento&#8217;"},"content":{"rendered":"<p><main class=\"_3DNG1sdcLAZO6TbbGodA0C _3689HHl2aUBIbXn_Ld_o1 _3kaR9cFVJE1XRpKEvyboDI\" aria-hidden=\"true\"><\/p>\n<div class=\"\">\n<div>\n<div class=\"\">\n<div class=\"_23eiDp6HeffpUGHAy3j19f\">\n<div role=\"group\">\n<div id=\"OwaContainer\" class=\"_24gi7ycon9ES-YVBLrxavI\">\n<article class=\"_1fZFPIZ7f5JPfyCZwPpK0r _3kvQyaSeTTcCsKCH52-BgI _1Z9SB3_668IFbfrhE4ZTw5 _34e9LGkHz66YMR2zf2jYUV\">\n<div class=\"_3rCcEPZiuOjrnX3hjRIe8D\" role=\"link\">\n<div class=\"_17QzOpkutaMw7AT9VollLE\">\n<div class=\"ms-Persona _1yda5T-fNqwsnoT49Htt37 ms-Persona--sm _1mtQ8MPbQJsF7JbDLsgqLc\" role=\"\" data-testid=\"Persona\">\n<div class=\"ms-Persona-details allowTextSelection VenKSKBE-9fn2zFVNkMrG\">\n<div class=\"ms-Persona-primaryText _3YbzRCgKT2MfjonOQoUaEA\" style=\"text-align: justify;\"><span style=\"color: initial; font-size: revert;\">O deputado estadual Jord\u00e1vio Ramos (PSDB) apresentou um projeto de indica\u00e7\u00e3o na Assembleia Legislativa da Bahia visando \u00e0 amplia\u00e7\u00e3o do Centro de Refer\u00eancia Estadual para Pessoas com Transtorno do Espectro Autista (CRE-TEA) para todas as regi\u00f5es do estado. O objetivo \u00e9 oferecer um servi\u00e7o docente-assistencial e ampliar o acesso universal e gratuito \u00e0 Aten\u00e7\u00e3o Especializada no Sistema \u00danico de Sa\u00fade (SUS) para pessoas com Transtorno do Espectro Autista (TEA) na Bahia.<\/span><\/div>\n<\/div>\n<\/div>\n<\/div>\n<\/div>\n<\/article>\n<\/div>\n<\/div>\n<\/div>\n<\/div>\n<\/div>\n<\/div>\n<p><\/main><\/p>\n<div class=\"_3oDdQ4RbcRV8df1chwK-qf _2q92drhi971vF5OjShc0NQ\" aria-hidden=\"false\">\n<div class=\"_3b1R3F9jwrT1dh7fbs2SlV\" data-testid=\"ReadingPane\">\n<div class=\"_1rRUdRLRWOFPFs7tC0mpMw\">\n<div role=\"group\">\n<div class=\"_3SSlTIgj5g0Z1KS0oKJ1V7\">\n<div class=\"_34bJCrdOb7VRum-Ob5DEvl\">\n<div class=\"_3WlLk_4fUx7lOD6tu-MdWQ allowTextSelection\">\n<div class=\"rps_c3a3\">\n<div dir=\"ltr\">\n<p class=\"x_MsoNormal\" style=\"text-align: justify;\"><span style=\"font-size: revert; color: initial;\">O CRE-TEA, fundado em 2016 como pioneiro no pa\u00eds, tem se destacado por proporcionar atendimento multiprofissional e interdisciplinar de acordo com as diretrizes da Rede de Aten\u00e7\u00e3o Psicossocial (RAPS) e da Rede de Cuidados \u00e0 Pessoa com Defici\u00eancia (RCPD). A parceria entre a Liga \u00c1lvaro Bahia Contra a Mortalidade Infantil (LABCMI) e a Secretaria da Sa\u00fade do Estado da Bahia (SESAB) tem garantido o apoio matricial como um dos seus principais objetivos.<\/span><\/p>\n<p class=\"x_MsoNormal\" style=\"text-align: justify;\"><span style=\"font-size: revert; color: initial;\">No entanto, o centro opera atualmente em apenas uma unidade localizada em Salvador, no bairro do Campo Grande, o que limita o acesso e a cobertura a outras regi\u00f5es da Bahia. Diante disso, o deputado destaca a necessidade de assegurar a equidade no acesso aos servi\u00e7os de sa\u00fade para todas as pessoas com TEA no estado, garantindo que todas as regi\u00f5es tenham acesso aos cuidados especializados e interdisciplinares proporcionados pelo CRE-TEA.<\/span><\/p>\n<p class=\"x_MsoNormal\" style=\"text-align: justify;\"><span style=\"font-size: revert; color: initial;\">S\u00f3 temos um centro desse em atendimento, e isso n\u00e3o pode ficar apenas nisso. O CRE-TEA desempenha um papel crucial para popula\u00e7\u00e3o, e nossa indica\u00e7\u00e3o visa assegurar a equidade no atendimento e inclus\u00e3o de todos os cidad\u00e3os com TEA no estado\u201d, disse.<\/span><\/p>\n<p class=\"x_MsoNormal\" style=\"text-align: justify;\"><span style=\"font-size: revert; color: initial;\">O projeto de indica\u00e7\u00e3o busca sensibilizar o governo da Bahia sobre a import\u00e2ncia da expans\u00e3o do centro, assegurando o atendimento adequado e gratuito para pessoas com TEA em todo o territ\u00f3rio baiano, seguindo os princ\u00edpios e legisla\u00e7\u00f5es do SUS. A proposta visa promover uma inclus\u00e3o mais abrangente e igualit\u00e1ria para essa parcela da popula\u00e7\u00e3o, garantindo que todos tenham acesso aos servi\u00e7os essenciais de sa\u00fade.<\/span><\/p>\n<p class=\"x_MsoNormal\" style=\"text-align: justify;\"><span style=\"color: initial; font-size: revert;\">Ascom \u2013 Jord\u00e1vio Ramos\u00a0<\/span><\/p>\n<\/div>\n<\/div>\n<\/div>\n<\/div>\n<\/div>\n<\/div>\n<\/div>\n<\/div>\n<\/div>\n","protected":false},"excerpt":{"rendered":"<p>O deputado estadual Jord\u00e1vio Ramos (PSDB) apresentou um projeto de indica\u00e7\u00e3o na Assembleia Legislativa da Bahia visando \u00e0 amplia\u00e7\u00e3o do Centro de Refer\u00eancia Estadual para Pessoas com Transtorno do Espectro Autista (CRE-TEA) para todas as regi\u00f5es do estado. O objetivo \u00e9 oferecer um servi\u00e7o docente-assistencial e ampliar o acesso universal e gratuito \u00e0 Aten\u00e7\u00e3o Especializada [&hellip;]<\/p>\n","protected":false},"author":1,"featured_media":52162,"comment_status":"closed","ping_status":"open","sticky":false,"template":"","format":"standard","meta":{"_uag_custom_page_level_css":"","_monsterinsights_skip_tracking":false,"_monsterinsights_sitenote_active":false,"_monsterinsights_sitenote_note":"","_monsterinsights_sitenote_category":0,"jetpack_post_was_ever_published":false,"_jetpack_newsletter_access":"","_jetpack_dont_email_post_to_subs":false,"_jetpack_newsletter_tier_id":0,"_jetpack_memberships_contains_paywalled_content":false,"_jetpack_memberships_contains_paid_content":false,"footnotes":"","jetpack_publicize_message":"","jetpack_publicize_feature_enabled":true,"jetpack_social_post_already_shared":true,"jetpack_social_options":{"image_generator_settings":{"template":"highway","default_image_id":0,"font":"","enabled":false},"version":2}},"categories":[197],"tags":[],"class_list":["post-55915","post","type-post","status-publish","format-standard","has-post-thumbnail","hentry","category-politica"],"jetpack_publicize_connections":[],"jetpack_featured_media_url":"https:\/\/blogopara.com.br\/wp-content\/uploads\/2023\/05\/thumbnail_Deputado-Estadual-Jordavio-Ramos.jpg","uagb_featured_image_src":{"full":["https:\/\/blogopara.com.br\/wp-content\/uploads\/2023\/05\/thumbnail_Deputado-Estadual-Jordavio-Ramos.jpg",500,322,false],"thumbnail":["https:\/\/blogopara.com.br\/wp-content\/uploads\/2023\/05\/thumbnail_Deputado-Estadual-Jordavio-Ramos-150x150.jpg",150,150,true],"medium":["https:\/\/blogopara.com.br\/wp-content\/uploads\/2023\/05\/thumbnail_Deputado-Estadual-Jordavio-Ramos-300x193.jpg",300,193,true],"medium_large":["https:\/\/blogopara.com.br\/wp-content\/uploads\/2023\/05\/thumbnail_Deputado-Estadual-Jordavio-Ramos.jpg",500,322,false],"large":["https:\/\/blogopara.com.br\/wp-content\/uploads\/2023\/05\/thumbnail_Deputado-Estadual-Jordavio-Ramos.jpg",500,322,false],"1536x1536":["https:\/\/blogopara.com.br\/wp-content\/uploads\/2023\/05\/thumbnail_Deputado-Estadual-Jordavio-Ramos.jpg",500,322,false],"2048x2048":["https:\/\/blogopara.com.br\/wp-content\/uploads\/2023\/05\/thumbnail_Deputado-Estadual-Jordavio-Ramos.jpg",500,322,false],"mantranews-slider-large":["https:\/\/blogopara.com.br\/wp-content\/uploads\/2023\/05\/thumbnail_Deputado-Estadual-Jordavio-Ramos.jpg",500,322,false],"mantranews-featured-medium":["https:\/\/blogopara.com.br\/wp-content\/uploads\/2023\/05\/thumbnail_Deputado-Estadual-Jordavio-Ramos-420x307.jpg",420,307,true],"mantranews-featured-long":["https:\/\/blogopara.com.br\/wp-content\/uploads\/2023\/05\/thumbnail_Deputado-Estadual-Jordavio-Ramos-300x322.jpg",300,322,true],"mantranews-block-medium":["https:\/\/blogopara.com.br\/wp-content\/uploads\/2023\/05\/thumbnail_Deputado-Estadual-Jordavio-Ramos-464x290.jpg",464,290,true],"mantranews-carousel-image":["https:\/\/blogopara.com.br\/wp-content\/uploads\/2023\/05\/thumbnail_Deputado-Estadual-Jordavio-Ramos.jpg",500,322,false],"mantranews-block-thumb":["https:\/\/blogopara.com.br\/wp-content\/uploads\/2023\/05\/thumbnail_Deputado-Estadual-Jordavio-Ramos-322x230.jpg",322,230,true],"mantranews-single-large":["https:\/\/blogopara.com.br\/wp-content\/uploads\/2023\/05\/thumbnail_Deputado-Estadual-Jordavio-Ramos.jpg",500,322,false]},"uagb_author_info":{"display_name":"Reda\u00e7\u00e3o geral","author_link":"https:\/\/blogopara.com.br\/index.php\/author\/blogopara"},"uagb_comment_info":0,"uagb_excerpt":"O deputado estadual Jord\u00e1vio Ramos (PSDB) apresentou um projeto de indica\u00e7\u00e3o na Assembleia Legislativa da Bahia visando \u00e0 amplia\u00e7\u00e3o do Centro de Refer\u00eancia Estadual para Pessoas com Transtorno do Espectro Autista (CRE-TEA) para todas as regi\u00f5es do estado. O objetivo \u00e9 oferecer um servi\u00e7o docente-assistencial e ampliar o acesso universal e gratuito \u00e0 Aten\u00e7\u00e3o Especializada&hellip;","jetpack_sharing_enabled":true,"jetpack_likes_enabled":true,"_links":{"self":[{"href":"https:\/\/blogopara.com.br\/index.php\/wp-json\/wp\/v2\/posts\/55915","targetHints":{"allow":["GET"]}}],"collection":[{"href":"https:\/\/blogopara.com.br\/index.php\/wp-json\/wp\/v2\/posts"}],"about":[{"href":"https:\/\/blogopara.com.br\/index.php\/wp-json\/wp\/v2\/types\/post"}],"author":[{"embeddable":true,"href":"https:\/\/blogopara.com.br\/index.php\/wp-json\/wp\/v2\/users\/1"}],"replies":[{"embeddable":true,"href":"https:\/\/blogopara.com.br\/index.php\/wp-json\/wp\/v2\/comments?post=55915"}],"version-history":[{"count":1,"href":"https:\/\/blogopara.com.br\/index.php\/wp-json\/wp\/v2\/posts\/55915\/revisions"}],"predecessor-version":[{"id":55916,"href":"https:\/\/blogopara.com.br\/index.php\/wp-json\/wp\/v2\/posts\/55915\/revisions\/55916"}],"wp:featuredmedia":[{"embeddable":true,"href":"https:\/\/blogopara.com.br\/index.php\/wp-json\/wp\/v2\/media\/52162"}],"wp:attachment":[{"href":"https:\/\/blogopara.com.br\/index.php\/wp-json\/wp\/v2\/media?parent=55915"}],"wp:term":[{"taxonomy":"category","embeddable":true,"href":"https:\/\/blogopara.com.br\/index.php\/wp-json\/wp\/v2\/categories?post=55915"},{"taxonomy":"post_tag","embeddable":true,"href":"https:\/\/blogopara.com.br\/index.php\/wp-json\/wp\/v2\/tags?post=55915"}],"curies":[{"name":"wp","href":"https:\/\/api.w.org\/{rel}","templated":true}]}}