{"id":55921,"date":"2023-08-08T14:22:00","date_gmt":"2023-08-08T17:22:00","guid":{"rendered":"https:\/\/blogopara.com.br\/?p=55921"},"modified":"2023-08-08T08:24:44","modified_gmt":"2023-08-08T11:24:44","slug":"gestao-suzana-ramos-inicia-reforma-e-ampliacao-do-canil-gatil","status":"publish","type":"post","link":"https:\/\/blogopara.com.br\/index.php\/2023\/08\/08\/gestao-suzana-ramos-inicia-reforma-e-ampliacao-do-canil-gatil","title":{"rendered":"Gest\u00e3o Suzana Ramos inicia reforma e amplia\u00e7\u00e3o do Canil Gatil"},"content":{"rendered":"<p style=\"text-align: justify;\">Em mais uma a\u00e7\u00e3o voltada para a garantia da sa\u00fade da popula\u00e7\u00e3o juazeirense, a Prefeitura de Juazeiro, atrav\u00e9s da Secretaria de Sa\u00fade (Sesau), iniciou nesta segunda (7), a obra de reforma e amplia\u00e7\u00e3o do Canil e Gatil.<br aria-hidden=\"true\" \/><br aria-hidden=\"true\" \/>Com a obra, o equipamento voltado para recolhimento de animais de pequeno porte, c\u00e3es e gatos, vai receber requalifica\u00e7\u00e3o em toda a estrutura hidr\u00e1ulica e el\u00e9trica, anexo administrativo, o alojamento dos animais que hoje, possui sete baias para c\u00e3es e uma para gatos, al\u00e9m do ambulat\u00f3rio. No projeto, os animais v\u00e3o ganhar um sol\u00e1rio, local de descanso e banho de sol.<br aria-hidden=\"true\" \/><br aria-hidden=\"true\" \/>A prefeita Suzana Ramos comemorou a conquista da requalifica\u00e7\u00e3o em mais um equipamento, na sua gest\u00e3o. \u201c\u00c9 com muita satisfa\u00e7\u00e3o que anunciamos o in\u00edcio dessa reforma que foi t\u00e3o aguardada pela popula\u00e7\u00e3o, especialmente por aqueles que defendem a causa animal. O projeto passou por algumas adapta\u00e7\u00f5es para atender aos crit\u00e9rios de funcionamento e estrutura, determinados pelo Minist\u00e9rio da Sa\u00fade at\u00e9 ser liberado, mas enfim podemos agora dizer que nossos animaizinhos ter\u00e3o um local de acolhimento e tratamento adequados\u201d, destacou a prefeita.<br aria-hidden=\"true\" \/><br aria-hidden=\"true\" \/>O secret\u00e1rio de sa\u00fade Allan Jones acompanhou o in\u00edcio das obras, acompanhado do vereador An\u00edbal Ara\u00fajo, o engenheiro da Sesau Jo\u00e3o Vitor, a coordenadora de endemias, N\u00fabia Almeida Barbosa e a veterin\u00e1ria respons\u00e1vel pelo cuidado com os animais Graziella Vasconcelos.<br aria-hidden=\"true\" \/><br aria-hidden=\"true\" \/>\u201cNo prazo m\u00e9dio de quatro meses deveremos entregar a requalifica\u00e7\u00e3o desse equipamento, respeitando os defensores da causa animal, as pessoas que s\u00e3o cuidadosas e os pr\u00f3prios animais conforme preconiza a legisla\u00e7\u00e3o brasileira, a gente precisa trat\u00e1-los com dignidade\u201d, refor\u00e7ou.<br aria-hidden=\"true\" \/><br aria-hidden=\"true\" \/>A obra foi or\u00e7ada em R$ 191.000,00 com o prazo de cinco meses para entrega.<br aria-hidden=\"true\" \/><br aria-hidden=\"true\" \/><\/p>\n","protected":false},"excerpt":{"rendered":"<p>Em mais uma a\u00e7\u00e3o voltada para a garantia da sa\u00fade da popula\u00e7\u00e3o juazeirense, a Prefeitura de Juazeiro, atrav\u00e9s da Secretaria de Sa\u00fade (Sesau), iniciou nesta segunda (7), a obra de reforma e amplia\u00e7\u00e3o do Canil e Gatil.Com a obra, o equipamento voltado para recolhimento de animais de pequeno porte, c\u00e3es e gatos, vai receber requalifica\u00e7\u00e3o [&hellip;]<\/p>\n","protected":false},"author":1,"featured_media":55922,"comment_status":"closed","ping_status":"open","sticky":false,"template":"","format":"standard","meta":{"_uag_custom_page_level_css":"","_monsterinsights_skip_tracking":false,"_monsterinsights_sitenote_active":false,"_monsterinsights_sitenote_note":"","_monsterinsights_sitenote_category":0,"jetpack_post_was_ever_published":false,"_jetpack_newsletter_access":"","_jetpack_dont_email_post_to_subs":false,"_jetpack_newsletter_tier_id":0,"_jetpack_memberships_contains_paywalled_content":false,"_jetpack_memberships_contains_paid_content":false,"footnotes":"","jetpack_publicize_message":"","jetpack_publicize_feature_enabled":true,"jetpack_social_post_already_shared":true,"jetpack_social_options":{"image_generator_settings":{"template":"highway","default_image_id":0,"font":"","enabled":false},"version":2}},"categories":[203],"tags":[],"class_list":["post-55921","post","type-post","status-publish","format-standard","has-post-thumbnail","hentry","category-juazeiro"],"jetpack_publicize_connections":[],"jetpack_featured_media_url":"https:\/\/blogopara.com.br\/wp-content\/uploads\/2023\/08\/Fachada.jpeg","uagb_featured_image_src":{"full":["https:\/\/blogopara.com.br\/wp-content\/uploads\/2023\/08\/Fachada.jpeg",500,281,false],"thumbnail":["https:\/\/blogopara.com.br\/wp-content\/uploads\/2023\/08\/Fachada-150x150.jpeg",150,150,true],"medium":["https:\/\/blogopara.com.br\/wp-content\/uploads\/2023\/08\/Fachada-300x169.jpeg",300,169,true],"medium_large":["https:\/\/blogopara.com.br\/wp-content\/uploads\/2023\/08\/Fachada.jpeg",500,281,false],"large":["https:\/\/blogopara.com.br\/wp-content\/uploads\/2023\/08\/Fachada.jpeg",500,281,false],"1536x1536":["https:\/\/blogopara.com.br\/wp-content\/uploads\/2023\/08\/Fachada.jpeg",500,281,false],"2048x2048":["https:\/\/blogopara.com.br\/wp-content\/uploads\/2023\/08\/Fachada.jpeg",500,281,false],"mantranews-slider-large":["https:\/\/blogopara.com.br\/wp-content\/uploads\/2023\/08\/Fachada.jpeg",500,281,false],"mantranews-featured-medium":["https:\/\/blogopara.com.br\/wp-content\/uploads\/2023\/08\/Fachada-420x281.jpeg",420,281,true],"mantranews-featured-long":["https:\/\/blogopara.com.br\/wp-content\/uploads\/2023\/08\/Fachada-300x281.jpeg",300,281,true],"mantranews-block-medium":["https:\/\/blogopara.com.br\/wp-content\/uploads\/2023\/08\/Fachada-464x281.jpeg",464,281,true],"mantranews-carousel-image":["https:\/\/blogopara.com.br\/wp-content\/uploads\/2023\/08\/Fachada.jpeg",500,281,false],"mantranews-block-thumb":["https:\/\/blogopara.com.br\/wp-content\/uploads\/2023\/08\/Fachada-322x230.jpeg",322,230,true],"mantranews-single-large":["https:\/\/blogopara.com.br\/wp-content\/uploads\/2023\/08\/Fachada.jpeg",500,281,false]},"uagb_author_info":{"display_name":"Reda\u00e7\u00e3o geral","author_link":"https:\/\/blogopara.com.br\/index.php\/author\/blogopara"},"uagb_comment_info":0,"uagb_excerpt":"Em mais uma a\u00e7\u00e3o voltada para a garantia da sa\u00fade da popula\u00e7\u00e3o juazeirense, a Prefeitura de Juazeiro, atrav\u00e9s da Secretaria de Sa\u00fade (Sesau), iniciou nesta segunda (7), a obra de reforma e amplia\u00e7\u00e3o do Canil e Gatil.Com a obra, o equipamento voltado para recolhimento de animais de pequeno porte, c\u00e3es e gatos, vai receber requalifica\u00e7\u00e3o&hellip;","jetpack_sharing_enabled":true,"jetpack_likes_enabled":true,"_links":{"self":[{"href":"https:\/\/blogopara.com.br\/index.php\/wp-json\/wp\/v2\/posts\/55921","targetHints":{"allow":["GET"]}}],"collection":[{"href":"https:\/\/blogopara.com.br\/index.php\/wp-json\/wp\/v2\/posts"}],"about":[{"href":"https:\/\/blogopara.com.br\/index.php\/wp-json\/wp\/v2\/types\/post"}],"author":[{"embeddable":true,"href":"https:\/\/blogopara.com.br\/index.php\/wp-json\/wp\/v2\/users\/1"}],"replies":[{"embeddable":true,"href":"https:\/\/blogopara.com.br\/index.php\/wp-json\/wp\/v2\/comments?post=55921"}],"version-history":[{"count":1,"href":"https:\/\/blogopara.com.br\/index.php\/wp-json\/wp\/v2\/posts\/55921\/revisions"}],"predecessor-version":[{"id":55923,"href":"https:\/\/blogopara.com.br\/index.php\/wp-json\/wp\/v2\/posts\/55921\/revisions\/55923"}],"wp:featuredmedia":[{"embeddable":true,"href":"https:\/\/blogopara.com.br\/index.php\/wp-json\/wp\/v2\/media\/55922"}],"wp:attachment":[{"href":"https:\/\/blogopara.com.br\/index.php\/wp-json\/wp\/v2\/media?parent=55921"}],"wp:term":[{"taxonomy":"category","embeddable":true,"href":"https:\/\/blogopara.com.br\/index.php\/wp-json\/wp\/v2\/categories?post=55921"},{"taxonomy":"post_tag","embeddable":true,"href":"https:\/\/blogopara.com.br\/index.php\/wp-json\/wp\/v2\/tags?post=55921"}],"curies":[{"name":"wp","href":"https:\/\/api.w.org\/{rel}","templated":true}]}}