{"id":55945,"date":"2023-08-08T16:36:31","date_gmt":"2023-08-08T19:36:31","guid":{"rendered":"https:\/\/blogopara.com.br\/?p=55945"},"modified":"2023-08-08T16:36:33","modified_gmt":"2023-08-08T19:36:33","slug":"em-sessao-produtiva-camara-de-vereadores-de-juazeiro-aprova-3-projetos-de-lei-nesta-terca-8","status":"publish","type":"post","link":"https:\/\/blogopara.com.br\/index.php\/2023\/08\/08\/em-sessao-produtiva-camara-de-vereadores-de-juazeiro-aprova-3-projetos-de-lei-nesta-terca-8","title":{"rendered":"Em sess\u00e3o produtiva, C\u00e2mara de Vereadores de Juazeiro aprova 3 Projetos de Lei nesta ter\u00e7a (8)"},"content":{"rendered":"<p style=\"text-align: justify;\">A C\u00e2mara Municipal de Juazeiro, Bahia, durante a sess\u00e3o ordin\u00e1ria realizada no plen\u00e1rio da Casa, na manh\u00e3 desta ter\u00e7a-feira, (8\/8), conduzida pelo Presidente Berg da Carna\u00edba e demais membros da Mesa Diretora, composta por vereadores, aprovaram Projetos de Lei (PL) importantes para o desenvolvimento do munic\u00edpio. O primeiro PL aprovado por unanimidade \u00e9 o Projeto de Lei N\u00ba 3.830\/ 2023 de autoria do Poder Executivo Municipal que autoriza o Executivo a conceder reajuste a reposi\u00e7\u00e3o salarial no vencimento-base e reajuste no aux\u00edlio alimenta\u00e7\u00e3o aos servidores p\u00fablicos da Autarquia Municipal \u2013 SAAE.<\/p>\n<p style=\"text-align: justify;\">Na oportunidade os vereadores tamb\u00e9m aprovaram o segundo PL de N\u00ba 3.832\/2023, tamb\u00e9m de autoria do Poder Executivo que, na sua Ementa acrescenta dispositivos \u00e0 Lei Municipal n\u00ba 3.081\/ 2022, regulamentando o processo de certifica\u00e7\u00e3o e elei\u00e7\u00e3o dos gestores, vice-gestores escolares e o processo de certifica\u00e7\u00e3o dos coordenadores pedag\u00f3gicos da rede municipal de ensino de Juazeiro.<\/p>\n<p style=\"text-align: justify;\">O terceiro Projeto aprovado na C\u00e2mara Municipal de Juazeiro nesta ter\u00e7a \u00e9 o Projeto de Lei N\u00ba 3.833\/2023, este altera a Denomina\u00e7\u00e3o de Pr\u00e9dio P\u00fablico Escola localizado no Distrito de Massaroca, distrito de Juazeiro. Neste sentido, houve altera\u00e7\u00e3o do art.1\u00ba do Projeto de Lei N\u00ba 3.831\/2023, que d\u00e1 nova denomina\u00e7\u00e3o a Escola Rural de Massaroca. Com a mudan\u00e7a do artigo 1\u00ba passa a vigorar com a seguinte reda\u00e7\u00e3o:<\/p>\n<p style=\"text-align: justify;\">Art. 1\u00ba: Fica alterada a denomina\u00e7\u00e3o da Escola Municipal de Massaroca \u2013 \u201cERUM\u201d para \u201cEscola Rural Municipal de Tempo Integral Professora Valdete Bispo Gama Serafim\u201d.<\/p>\n<p>Texto: Jean Brito, Jornalista\/ DRT \u2013 BA, 5676, Assessor de Imprensa da Presid\u00eancia CMJ<br \/>\nFotos: F\u00e1bio Martins<\/p>\n","protected":false},"excerpt":{"rendered":"<p>A C\u00e2mara Municipal de Juazeiro, Bahia, durante a sess\u00e3o ordin\u00e1ria realizada no plen\u00e1rio da Casa, na manh\u00e3 desta ter\u00e7a-feira, (8\/8), conduzida pelo Presidente Berg da Carna\u00edba e demais membros da Mesa Diretora, composta por vereadores, aprovaram Projetos de Lei (PL) importantes para o desenvolvimento do munic\u00edpio. O primeiro PL aprovado por unanimidade \u00e9 o Projeto [&hellip;]<\/p>\n","protected":false},"author":1,"featured_media":55946,"comment_status":"closed","ping_status":"open","sticky":false,"template":"","format":"standard","meta":{"_uag_custom_page_level_css":"","_monsterinsights_skip_tracking":false,"_monsterinsights_sitenote_active":false,"_monsterinsights_sitenote_note":"","_monsterinsights_sitenote_category":0,"jetpack_post_was_ever_published":false,"_jetpack_newsletter_access":"","_jetpack_dont_email_post_to_subs":false,"_jetpack_newsletter_tier_id":0,"_jetpack_memberships_contains_paywalled_content":false,"_jetpack_memberships_contains_paid_content":false,"footnotes":"","jetpack_publicize_message":"","jetpack_publicize_feature_enabled":true,"jetpack_social_post_already_shared":true,"jetpack_social_options":{"image_generator_settings":{"template":"highway","default_image_id":0,"font":"","enabled":false},"version":2}},"categories":[197],"tags":[],"class_list":["post-55945","post","type-post","status-publish","format-standard","has-post-thumbnail","hentry","category-politica"],"jetpack_publicize_connections":[],"jetpack_featured_media_url":"https:\/\/blogopara.com.br\/wp-content\/uploads\/2023\/08\/WhatsApp-Image-2023-08-08-at-15.24.19.jpeg","uagb_featured_image_src":{"full":["https:\/\/blogopara.com.br\/wp-content\/uploads\/2023\/08\/WhatsApp-Image-2023-08-08-at-15.24.19.jpeg",500,333,false],"thumbnail":["https:\/\/blogopara.com.br\/wp-content\/uploads\/2023\/08\/WhatsApp-Image-2023-08-08-at-15.24.19-150x150.jpeg",150,150,true],"medium":["https:\/\/blogopara.com.br\/wp-content\/uploads\/2023\/08\/WhatsApp-Image-2023-08-08-at-15.24.19-300x200.jpeg",300,200,true],"medium_large":["https:\/\/blogopara.com.br\/wp-content\/uploads\/2023\/08\/WhatsApp-Image-2023-08-08-at-15.24.19.jpeg",500,333,false],"large":["https:\/\/blogopara.com.br\/wp-content\/uploads\/2023\/08\/WhatsApp-Image-2023-08-08-at-15.24.19.jpeg",500,333,false],"1536x1536":["https:\/\/blogopara.com.br\/wp-content\/uploads\/2023\/08\/WhatsApp-Image-2023-08-08-at-15.24.19.jpeg",500,333,false],"2048x2048":["https:\/\/blogopara.com.br\/wp-content\/uploads\/2023\/08\/WhatsApp-Image-2023-08-08-at-15.24.19.jpeg",500,333,false],"mantranews-slider-large":["https:\/\/blogopara.com.br\/wp-content\/uploads\/2023\/08\/WhatsApp-Image-2023-08-08-at-15.24.19.jpeg",500,333,false],"mantranews-featured-medium":["https:\/\/blogopara.com.br\/wp-content\/uploads\/2023\/08\/WhatsApp-Image-2023-08-08-at-15.24.19-420x307.jpeg",420,307,true],"mantranews-featured-long":["https:\/\/blogopara.com.br\/wp-content\/uploads\/2023\/08\/WhatsApp-Image-2023-08-08-at-15.24.19-300x333.jpeg",300,333,true],"mantranews-block-medium":["https:\/\/blogopara.com.br\/wp-content\/uploads\/2023\/08\/WhatsApp-Image-2023-08-08-at-15.24.19-464x290.jpeg",464,290,true],"mantranews-carousel-image":["https:\/\/blogopara.com.br\/wp-content\/uploads\/2023\/08\/WhatsApp-Image-2023-08-08-at-15.24.19.jpeg",500,333,false],"mantranews-block-thumb":["https:\/\/blogopara.com.br\/wp-content\/uploads\/2023\/08\/WhatsApp-Image-2023-08-08-at-15.24.19-322x230.jpeg",322,230,true],"mantranews-single-large":["https:\/\/blogopara.com.br\/wp-content\/uploads\/2023\/08\/WhatsApp-Image-2023-08-08-at-15.24.19.jpeg",500,333,false]},"uagb_author_info":{"display_name":"Reda\u00e7\u00e3o geral","author_link":"https:\/\/blogopara.com.br\/index.php\/author\/blogopara"},"uagb_comment_info":0,"uagb_excerpt":"A C\u00e2mara Municipal de Juazeiro, Bahia, durante a sess\u00e3o ordin\u00e1ria realizada no plen\u00e1rio da Casa, na manh\u00e3 desta ter\u00e7a-feira, (8\/8), conduzida pelo Presidente Berg da Carna\u00edba e demais membros da Mesa Diretora, composta por vereadores, aprovaram Projetos de Lei (PL) importantes para o desenvolvimento do munic\u00edpio. O primeiro PL aprovado por unanimidade \u00e9 o Projeto&hellip;","jetpack_sharing_enabled":true,"jetpack_likes_enabled":true,"_links":{"self":[{"href":"https:\/\/blogopara.com.br\/index.php\/wp-json\/wp\/v2\/posts\/55945","targetHints":{"allow":["GET"]}}],"collection":[{"href":"https:\/\/blogopara.com.br\/index.php\/wp-json\/wp\/v2\/posts"}],"about":[{"href":"https:\/\/blogopara.com.br\/index.php\/wp-json\/wp\/v2\/types\/post"}],"author":[{"embeddable":true,"href":"https:\/\/blogopara.com.br\/index.php\/wp-json\/wp\/v2\/users\/1"}],"replies":[{"embeddable":true,"href":"https:\/\/blogopara.com.br\/index.php\/wp-json\/wp\/v2\/comments?post=55945"}],"version-history":[{"count":1,"href":"https:\/\/blogopara.com.br\/index.php\/wp-json\/wp\/v2\/posts\/55945\/revisions"}],"predecessor-version":[{"id":55947,"href":"https:\/\/blogopara.com.br\/index.php\/wp-json\/wp\/v2\/posts\/55945\/revisions\/55947"}],"wp:featuredmedia":[{"embeddable":true,"href":"https:\/\/blogopara.com.br\/index.php\/wp-json\/wp\/v2\/media\/55946"}],"wp:attachment":[{"href":"https:\/\/blogopara.com.br\/index.php\/wp-json\/wp\/v2\/media?parent=55945"}],"wp:term":[{"taxonomy":"category","embeddable":true,"href":"https:\/\/blogopara.com.br\/index.php\/wp-json\/wp\/v2\/categories?post=55945"},{"taxonomy":"post_tag","embeddable":true,"href":"https:\/\/blogopara.com.br\/index.php\/wp-json\/wp\/v2\/tags?post=55945"}],"curies":[{"name":"wp","href":"https:\/\/api.w.org\/{rel}","templated":true}]}}