{"id":5598,"date":"2019-12-13T18:49:20","date_gmt":"2019-12-13T21:49:20","guid":{"rendered":"http:\/\/blogopara.com.br\/?p=5598"},"modified":"2019-12-13T18:50:01","modified_gmt":"2019-12-13T21:50:01","slug":"policia-civil-deflagra-operacao-e-prende-autores-de-crimes-e-arma-de-fogo-em-juazeiro","status":"publish","type":"post","link":"https:\/\/blogopara.com.br\/index.php\/2019\/12\/13\/policia-civil-deflagra-operacao-e-prende-autores-de-crimes-e-arma-de-fogo-em-juazeiro","title":{"rendered":"POL\u00cdCIA CIVIL DEFLAGRA OPERA\u00c7\u00c3O E PRENDE AUTORES DE CRIMES E ARMA DE FOGO EM JUAZEIRO"},"content":{"rendered":"<p style=\"text-align: justify;\">Em cumprimento de MANDADOS DE PRIS\u00c3O E BUSCA E APREENS\u00c3O expedidos pela Vara do Juri e Execu\u00e7\u00f5es Penais da Comarca Juazeiro-BA, a Delegacia de Homic\u00eddios de Juazeiro deflagrou a OPERA\u00c7\u00c3O BOAS FESTAS com o intuito de localizar armas de fogo e objetos relacionados \u00e0 pr\u00e1tica de Homic\u00eddios em Juazeiro. No cumprimento das cautelares foram presos:<\/p>\n<p style=\"text-align: justify;\">\u25aa LEANDRO JOS\u00c9 DA SILVA GUNDIM, conhecido popularmente por &#8220;BONECO&#8221;, de 34 anos de idade, residente na Rua 07, n\u00ba 105, Tabuleiro, nesta urbe, sob a acusa\u00e7\u00e3o de POSSE ILEGAL DE ARMA DE FOGO, sendo apreendido em poder dele, 01 (uma) ESPINGARDA CALIBRE 20, marca BOITO, com a numera\u00e7\u00e3o suprimida e cano serrado, 02 (dois) SMARTPHONES de marca motorola e 01 (um) COLDRE para portar rev\u00f3lver.<\/p>\n<p style=\"text-align: justify;\">\u25aa FABRICIO PEREIRA DA SILVA, 21 anos de idade, residente na Rua dos Operarios, s\/n\u00ba, Bairro Atr\u00e1s da Banca, Petrolina-PE, sendo preso por for\u00e7a de MANDADO PRIS\u00c3O no processo 0501753-06.2019.8.05.0146, datado de 11.10.2019, valido at\u00e9 11.10.2039.<\/p>\n<p style=\"text-align: justify;\">Foram apreendidos:<\/p>\n<p style=\"text-align: justify;\">\u25aa 04 (quatro) SMARTPHONES, sendo tres de marca samsung e um motorola na residencia de LUANDERSON DIAS ALVES, 25 anos de idade, residente na Rua 07, 624, Tabuleiro, nesta urbe.<\/p>\n<p style=\"text-align: justify;\">\u25aa01 (uma) ESPINGARDA CALIBRE 20, marca BOITO, com a numera\u00e7\u00e3o suprimida e cano serrado.<\/p>\n<p style=\"text-align: justify;\">O autuado em flagrante e alvo de BUSCA E APREENS\u00c3O LEANDRO JOS\u00c9 DA SILVA GUNDIM, \u00e9 suspeito de coautoria em Homic\u00eddio praticado em Juazeiro, no dia 02\/12\/2019, no Bairro Tabuleiro, quando vitimado PATR\u00cdCIO JOS\u00c9 DA SILVA com disparos de arma de fogo.<\/p>\n<pre>Fonte: 17\u00aa Coorpin<\/pre>\n","protected":false},"excerpt":{"rendered":"<p>Em cumprimento de MANDADOS DE PRIS\u00c3O E BUSCA E APREENS\u00c3O expedidos pela Vara do Juri e Execu\u00e7\u00f5es Penais da Comarca Juazeiro-BA, a Delegacia de Homic\u00eddios de Juazeiro deflagrou a OPERA\u00c7\u00c3O BOAS FESTAS com o intuito de localizar armas de fogo e objetos relacionados \u00e0 pr\u00e1tica de Homic\u00eddios em Juazeiro. No cumprimento das cautelares foram presos: [&hellip;]<\/p>\n","protected":false},"author":1,"featured_media":5599,"comment_status":"open","ping_status":"open","sticky":false,"template":"","format":"standard","meta":{"_uag_custom_page_level_css":"","_monsterinsights_skip_tracking":false,"_monsterinsights_sitenote_active":false,"_monsterinsights_sitenote_note":"","_monsterinsights_sitenote_category":0,"jetpack_post_was_ever_published":false,"_jetpack_newsletter_access":"","_jetpack_dont_email_post_to_subs":false,"_jetpack_newsletter_tier_id":0,"_jetpack_memberships_contains_paywalled_content":false,"_jetpack_memberships_contains_paid_content":false,"footnotes":"","jetpack_publicize_message":"","jetpack_publicize_feature_enabled":true,"jetpack_social_post_already_shared":true,"jetpack_social_options":{"image_generator_settings":{"template":"highway","default_image_id":0,"font":"","enabled":false},"version":2}},"categories":[203],"tags":[261,1395],"class_list":["post-5598","post","type-post","status-publish","format-standard","has-post-thumbnail","hentry","category-juazeiro","tag-arma-de-fogo","tag-corpin"],"jetpack_publicize_connections":[],"jetpack_featured_media_url":"https:\/\/blogopara.com.br\/wp-content\/uploads\/2019\/12\/ar.jpeg","uagb_featured_image_src":{"full":["https:\/\/blogopara.com.br\/wp-content\/uploads\/2019\/12\/ar.jpeg",867,1024,false],"thumbnail":["https:\/\/blogopara.com.br\/wp-content\/uploads\/2019\/12\/ar-150x150.jpeg",150,150,true],"medium":["https:\/\/blogopara.com.br\/wp-content\/uploads\/2019\/12\/ar-254x300.jpeg",254,300,true],"medium_large":["https:\/\/blogopara.com.br\/wp-content\/uploads\/2019\/12\/ar-768x907.jpeg",640,756,true],"large":["https:\/\/blogopara.com.br\/wp-content\/uploads\/2019\/12\/ar.jpeg",640,756,false],"1536x1536":["https:\/\/blogopara.com.br\/wp-content\/uploads\/2019\/12\/ar.jpeg",867,1024,false],"2048x2048":["https:\/\/blogopara.com.br\/wp-content\/uploads\/2019\/12\/ar.jpeg",867,1024,false],"mantranews-slider-large":["https:\/\/blogopara.com.br\/wp-content\/uploads\/2019\/12\/ar.jpeg",627,741,false],"mantranews-featured-medium":["https:\/\/blogopara.com.br\/wp-content\/uploads\/2019\/12\/ar.jpeg",260,307,false],"mantranews-featured-long":["https:\/\/blogopara.com.br\/wp-content\/uploads\/2019\/12\/ar.jpeg",300,354,false],"mantranews-block-medium":["https:\/\/blogopara.com.br\/wp-content\/uploads\/2019\/12\/ar.jpeg",246,290,false],"mantranews-carousel-image":["https:\/\/blogopara.com.br\/wp-content\/uploads\/2019\/12\/ar.jpeg",423,500,false],"mantranews-block-thumb":["https:\/\/blogopara.com.br\/wp-content\/uploads\/2019\/12\/ar.jpeg",195,230,false],"mantranews-single-large":["https:\/\/blogopara.com.br\/wp-content\/uploads\/2019\/12\/ar.jpeg",544,642,false]},"uagb_author_info":{"display_name":"Reda\u00e7\u00e3o geral","author_link":"https:\/\/blogopara.com.br\/index.php\/author\/blogopara"},"uagb_comment_info":0,"uagb_excerpt":"Em cumprimento de MANDADOS DE PRIS\u00c3O E BUSCA E APREENS\u00c3O expedidos pela Vara do Juri e Execu\u00e7\u00f5es Penais da Comarca Juazeiro-BA, a Delegacia de Homic\u00eddios de Juazeiro deflagrou a OPERA\u00c7\u00c3O BOAS FESTAS com o intuito de localizar armas de fogo e objetos relacionados \u00e0 pr\u00e1tica de Homic\u00eddios em Juazeiro. No cumprimento das cautelares foram presos:&hellip;","jetpack_sharing_enabled":true,"jetpack_likes_enabled":true,"_links":{"self":[{"href":"https:\/\/blogopara.com.br\/index.php\/wp-json\/wp\/v2\/posts\/5598","targetHints":{"allow":["GET"]}}],"collection":[{"href":"https:\/\/blogopara.com.br\/index.php\/wp-json\/wp\/v2\/posts"}],"about":[{"href":"https:\/\/blogopara.com.br\/index.php\/wp-json\/wp\/v2\/types\/post"}],"author":[{"embeddable":true,"href":"https:\/\/blogopara.com.br\/index.php\/wp-json\/wp\/v2\/users\/1"}],"replies":[{"embeddable":true,"href":"https:\/\/blogopara.com.br\/index.php\/wp-json\/wp\/v2\/comments?post=5598"}],"version-history":[{"count":1,"href":"https:\/\/blogopara.com.br\/index.php\/wp-json\/wp\/v2\/posts\/5598\/revisions"}],"predecessor-version":[{"id":5600,"href":"https:\/\/blogopara.com.br\/index.php\/wp-json\/wp\/v2\/posts\/5598\/revisions\/5600"}],"wp:featuredmedia":[{"embeddable":true,"href":"https:\/\/blogopara.com.br\/index.php\/wp-json\/wp\/v2\/media\/5599"}],"wp:attachment":[{"href":"https:\/\/blogopara.com.br\/index.php\/wp-json\/wp\/v2\/media?parent=5598"}],"wp:term":[{"taxonomy":"category","embeddable":true,"href":"https:\/\/blogopara.com.br\/index.php\/wp-json\/wp\/v2\/categories?post=5598"},{"taxonomy":"post_tag","embeddable":true,"href":"https:\/\/blogopara.com.br\/index.php\/wp-json\/wp\/v2\/tags?post=5598"}],"curies":[{"name":"wp","href":"https:\/\/api.w.org\/{rel}","templated":true}]}}