{"id":55997,"date":"2023-08-10T18:34:00","date_gmt":"2023-08-10T21:34:00","guid":{"rendered":"https:\/\/blogopara.com.br\/?p=55997"},"modified":"2023-08-10T08:35:54","modified_gmt":"2023-08-10T11:35:54","slug":"ministro-roberto-barroso-e-eleito-presidente-do-stf","status":"publish","type":"post","link":"https:\/\/blogopara.com.br\/index.php\/2023\/08\/10\/ministro-roberto-barroso-e-eleito-presidente-do-stf","title":{"rendered":"Ministro Roberto Barroso \u00e9 eleito presidente do STF"},"content":{"rendered":"<p style=\"text-align: justify;\">O ministro Lu\u00eds Roberto Barroso foi eleito nesta quarta-feira (9) presidente do Supremo Tribunal Federal (STF). O mandato \u00e9 de dois anos. A posse est\u00e1 marcada para o dia 28 de setembro.<\/p>\n<p style=\"text-align: justify;\">Barroso substitui a ministra Rosa Weber. Na mesma elei\u00e7\u00e3o, o ministro Edson Fachin foi escolhido para assumir a Vice-Presid\u00eancia.<\/p>\n<p style=\"text-align: justify;\">A sucess\u00e3o no comando do Supremo segue a ordem da antiguidade. Os ministros escolhem o mais antigo integrante do tribunal que est\u00e1 h\u00e1 mais tempo sem exercer a Presid\u00eancia.\u00a0O segundo mais antigo, nesse mesmo crit\u00e9rio, passa a ser o vice.<\/p>\n<p style=\"text-align: justify;\">O mandato da atual presidente, Rosa Weber, termina no dia 2 de outubro, quando a ministra completa 75 anos e ter\u00e1 que se aposentar de forma compuls\u00f3ria. A ministra deve deixar a Corte no fim de setembro.<\/p>\n<div style=\"text-align: justify;\"><\/div>\n","protected":false},"excerpt":{"rendered":"<p>O ministro Lu\u00eds Roberto Barroso foi eleito nesta quarta-feira (9) presidente do Supremo Tribunal Federal (STF). O mandato \u00e9 de dois anos. A posse est\u00e1 marcada para o dia 28 de setembro. Barroso substitui a ministra Rosa Weber. Na mesma elei\u00e7\u00e3o, o ministro Edson Fachin foi escolhido para assumir a Vice-Presid\u00eancia. A sucess\u00e3o no comando [&hellip;]<\/p>\n","protected":false},"author":1,"featured_media":41973,"comment_status":"closed","ping_status":"open","sticky":false,"template":"","format":"standard","meta":{"_uag_custom_page_level_css":"","_monsterinsights_skip_tracking":false,"_monsterinsights_sitenote_active":false,"_monsterinsights_sitenote_note":"","_monsterinsights_sitenote_category":0,"jetpack_post_was_ever_published":false,"_jetpack_newsletter_access":"","_jetpack_dont_email_post_to_subs":false,"_jetpack_newsletter_tier_id":0,"_jetpack_memberships_contains_paywalled_content":false,"_jetpack_memberships_contains_paid_content":false,"footnotes":"","jetpack_publicize_message":"","jetpack_publicize_feature_enabled":true,"jetpack_social_post_already_shared":true,"jetpack_social_options":{"image_generator_settings":{"template":"highway","default_image_id":0,"font":"","enabled":false},"version":2}},"categories":[200,210],"tags":[],"class_list":["post-55997","post","type-post","status-publish","format-standard","has-post-thumbnail","hentry","category-brasil","category-justica"],"jetpack_publicize_connections":[],"jetpack_featured_media_url":"https:\/\/blogopara.com.br\/wp-content\/uploads\/2022\/09\/barroso.jpg","uagb_featured_image_src":{"full":["https:\/\/blogopara.com.br\/wp-content\/uploads\/2022\/09\/barroso.jpg",500,261,false],"thumbnail":["https:\/\/blogopara.com.br\/wp-content\/uploads\/2022\/09\/barroso-150x150.jpg",150,150,true],"medium":["https:\/\/blogopara.com.br\/wp-content\/uploads\/2022\/09\/barroso-300x157.jpg",300,157,true],"medium_large":["https:\/\/blogopara.com.br\/wp-content\/uploads\/2022\/09\/barroso.jpg",500,261,false],"large":["https:\/\/blogopara.com.br\/wp-content\/uploads\/2022\/09\/barroso.jpg",500,261,false],"1536x1536":["https:\/\/blogopara.com.br\/wp-content\/uploads\/2022\/09\/barroso.jpg",500,261,false],"2048x2048":["https:\/\/blogopara.com.br\/wp-content\/uploads\/2022\/09\/barroso.jpg",500,261,false],"mantranews-slider-large":["https:\/\/blogopara.com.br\/wp-content\/uploads\/2022\/09\/barroso.jpg",500,261,false],"mantranews-featured-medium":["https:\/\/blogopara.com.br\/wp-content\/uploads\/2022\/09\/barroso-420x261.jpg",420,261,true],"mantranews-featured-long":["https:\/\/blogopara.com.br\/wp-content\/uploads\/2022\/09\/barroso-300x261.jpg",300,261,true],"mantranews-block-medium":["https:\/\/blogopara.com.br\/wp-content\/uploads\/2022\/09\/barroso-464x261.jpg",464,261,true],"mantranews-carousel-image":["https:\/\/blogopara.com.br\/wp-content\/uploads\/2022\/09\/barroso.jpg",500,261,false],"mantranews-block-thumb":["https:\/\/blogopara.com.br\/wp-content\/uploads\/2022\/09\/barroso-322x230.jpg",322,230,true],"mantranews-single-large":["https:\/\/blogopara.com.br\/wp-content\/uploads\/2022\/09\/barroso.jpg",500,261,false]},"uagb_author_info":{"display_name":"Reda\u00e7\u00e3o geral","author_link":"https:\/\/blogopara.com.br\/index.php\/author\/blogopara"},"uagb_comment_info":0,"uagb_excerpt":"O ministro Lu\u00eds Roberto Barroso foi eleito nesta quarta-feira (9) presidente do Supremo Tribunal Federal (STF). O mandato \u00e9 de dois anos. A posse est\u00e1 marcada para o dia 28 de setembro. Barroso substitui a ministra Rosa Weber. Na mesma elei\u00e7\u00e3o, o ministro Edson Fachin foi escolhido para assumir a Vice-Presid\u00eancia. A sucess\u00e3o no comando&hellip;","jetpack_sharing_enabled":true,"jetpack_likes_enabled":true,"_links":{"self":[{"href":"https:\/\/blogopara.com.br\/index.php\/wp-json\/wp\/v2\/posts\/55997","targetHints":{"allow":["GET"]}}],"collection":[{"href":"https:\/\/blogopara.com.br\/index.php\/wp-json\/wp\/v2\/posts"}],"about":[{"href":"https:\/\/blogopara.com.br\/index.php\/wp-json\/wp\/v2\/types\/post"}],"author":[{"embeddable":true,"href":"https:\/\/blogopara.com.br\/index.php\/wp-json\/wp\/v2\/users\/1"}],"replies":[{"embeddable":true,"href":"https:\/\/blogopara.com.br\/index.php\/wp-json\/wp\/v2\/comments?post=55997"}],"version-history":[{"count":1,"href":"https:\/\/blogopara.com.br\/index.php\/wp-json\/wp\/v2\/posts\/55997\/revisions"}],"predecessor-version":[{"id":55998,"href":"https:\/\/blogopara.com.br\/index.php\/wp-json\/wp\/v2\/posts\/55997\/revisions\/55998"}],"wp:featuredmedia":[{"embeddable":true,"href":"https:\/\/blogopara.com.br\/index.php\/wp-json\/wp\/v2\/media\/41973"}],"wp:attachment":[{"href":"https:\/\/blogopara.com.br\/index.php\/wp-json\/wp\/v2\/media?parent=55997"}],"wp:term":[{"taxonomy":"category","embeddable":true,"href":"https:\/\/blogopara.com.br\/index.php\/wp-json\/wp\/v2\/categories?post=55997"},{"taxonomy":"post_tag","embeddable":true,"href":"https:\/\/blogopara.com.br\/index.php\/wp-json\/wp\/v2\/tags?post=55997"}],"curies":[{"name":"wp","href":"https:\/\/api.w.org\/{rel}","templated":true}]}}