{"id":5601,"date":"2019-12-13T19:21:23","date_gmt":"2019-12-13T22:21:23","guid":{"rendered":"http:\/\/blogopara.com.br\/?p=5601"},"modified":"2019-12-13T19:21:31","modified_gmt":"2019-12-13T22:21:31","slug":"rui-propoe-taxar-fabricacao-e-venda-de-agrotoxicos-e-adubos-na-bahia","status":"publish","type":"post","link":"https:\/\/blogopara.com.br\/index.php\/2019\/12\/13\/rui-propoe-taxar-fabricacao-e-venda-de-agrotoxicos-e-adubos-na-bahia","title":{"rendered":"Rui prop\u00f5e taxar fabrica\u00e7\u00e3o e venda de agrot\u00f3xicos e adubos na Bahia"},"content":{"rendered":"<p style=\"text-align: justify;\"><strong>O governador Rui Costa (PT) enviou um projeto \u00e0 Assembleia Legislativa da Bahia (AL-BA) que prop\u00f5e a tributa\u00e7\u00e3o de empresas que armazenam, fabricam, transportam ou comercializam em atacado os defensivos agr\u00edcolas. A proposta inclui os neg\u00f3cios que lidam com os agrot\u00f3xicos na categoria de empresas de muni\u00e7\u00f5es e bebidas alco\u00f3licas que pagam anualmente R$ 1455,06 pela licen\u00e7a.\u00a0<\/strong><\/p>\n<p style=\"text-align: justify;\"><strong>No projeto de Rui, foi proposta a mesma obriga\u00e7\u00e3o tribut\u00e1ria para empresas que fabricam e comercializam adubos, solventes, medicamentos, produtos farmac\u00eauticos, cosm\u00e9ticos, produtos de perfumaria e produtos de limpeza. Em mensagem enviada ao Legislativo, o governador defendeu que o texto prop\u00f5e adequar a tributa\u00e7\u00e3o do estado com as novas demandas da sociedade e com os normativos estaduais e federais, como o \u00cdndice Nacional de Pre\u00e7os ao Consumidor Amplo (IPCA) do Instituto Brasileiro de Geografia e Estat\u00edstica (IBGE). O petista pediu urg\u00eancia na tramita\u00e7\u00e3o do texto, o que deve impedir a discuss\u00e3o do projeto nas comiss\u00f5es, pelos deputados estaduais.\u00a0<\/strong><\/p>\n<p style=\"text-align: justify;\"><strong>O projeto de lei cria ainda outras taxas e aumenta o valor de tributos existentes. No projeto, o governador prop\u00f5e criar uma taxa de R$ 460 pela falta de registro do contribuinte junto ao \u00f3rg\u00e3o a que tiver vinculado. Os estabelecimentos que realizam servi\u00e7o de conserva\u00e7\u00e3o de cad\u00e1veres passam a pagar, pelo projeto, uma taxa de R$ 788,69, assim como aqueles que atuam na instala\u00e7\u00e3o e opera\u00e7\u00e3o de c\u00e2meras, que ter\u00e3o que desembolsar R$ 112,67. H\u00e1, ainda, uma proposta para cria\u00e7\u00e3o de uma taxa para os ambulantes do com\u00e9rcio varejista de alimentos no valor de R$ 66,15.\u00a0<\/strong><\/p>\n<p style=\"text-align: justify;\"><strong>\u201cEu espero que o governo tenha estudos que possam embasar a cria\u00e7\u00e3o destas taxas e o aumento das outras. Se tem, ainda \u00e9 desconhecido por n\u00f3s. Isso precisa ser debatido com a sociedade baiana, com a realiza\u00e7\u00e3o de audi\u00eancias p\u00fablicas e necessita, fundamentalmente, ter um profundo debate no Parlamento, nas comiss\u00f5es\u201d, pontuou o l\u00edder da oposi\u00e7\u00e3o na AL-BA, deputado Targino (DEM).\u00a0<\/strong><\/p>\n<p style=\"text-align: justify;\"><strong>O l\u00edder disse ainda que h\u00e1 d\u00favidas no projeto que precisam ser solucionadas, como a imposi\u00e7\u00e3o de taxas que j\u00e1 s\u00e3o cobradas pelos munic\u00edpios. \u201cEssa quest\u00e3o da duplicidade de cobran\u00e7a precisa ser aprofundada. Me preocupa esse pedido de urg\u00eancia para votar este projeto, de tamanha complexidade, que pode afetar a economia do estado com a cria\u00e7\u00e3o de novas taxas. N\u00e3o se pode votar algo assim do dia para a noite\u201d, destacou.<\/strong><\/p>\n<pre>Fonte: Bahia Not\u00edcias<\/pre>\n","protected":false},"excerpt":{"rendered":"<p>O governador Rui Costa (PT) enviou um projeto \u00e0 Assembleia Legislativa da Bahia (AL-BA) que prop\u00f5e a tributa\u00e7\u00e3o de empresas que armazenam, fabricam, transportam ou comercializam em atacado os defensivos agr\u00edcolas. A proposta inclui os neg\u00f3cios que lidam com os agrot\u00f3xicos na categoria de empresas de muni\u00e7\u00f5es e bebidas alco\u00f3licas que pagam anualmente R$ 1455,06 [&hellip;]<\/p>\n","protected":false},"author":1,"featured_media":5602,"comment_status":"open","ping_status":"open","sticky":false,"template":"","format":"standard","meta":{"_uag_custom_page_level_css":"","_monsterinsights_skip_tracking":false,"_monsterinsights_sitenote_active":false,"_monsterinsights_sitenote_note":"","_monsterinsights_sitenote_category":0,"jetpack_post_was_ever_published":false,"_jetpack_newsletter_access":"","_jetpack_dont_email_post_to_subs":false,"_jetpack_newsletter_tier_id":0,"_jetpack_memberships_contains_paywalled_content":false,"_jetpack_memberships_contains_paid_content":false,"footnotes":"","jetpack_publicize_message":"","jetpack_publicize_feature_enabled":true,"jetpack_social_post_already_shared":true,"jetpack_social_options":{"image_generator_settings":{"template":"highway","default_image_id":0,"font":"","enabled":false},"version":2}},"categories":[199],"tags":[],"class_list":["post-5601","post","type-post","status-publish","format-standard","has-post-thumbnail","hentry","category-bahia"],"jetpack_publicize_connections":[],"jetpack_featured_media_url":"https:\/\/blogopara.com.br\/wp-content\/uploads\/2019\/12\/xrui-costa-governador-bahia.jpg.pagespeed.ic_.tQVhueEZzz.jpg","uagb_featured_image_src":{"full":["https:\/\/blogopara.com.br\/wp-content\/uploads\/2019\/12\/xrui-costa-governador-bahia.jpg.pagespeed.ic_.tQVhueEZzz.jpg",1086,652,false],"thumbnail":["https:\/\/blogopara.com.br\/wp-content\/uploads\/2019\/12\/xrui-costa-governador-bahia.jpg.pagespeed.ic_.tQVhueEZzz-150x150.jpg",150,150,true],"medium":["https:\/\/blogopara.com.br\/wp-content\/uploads\/2019\/12\/xrui-costa-governador-bahia.jpg.pagespeed.ic_.tQVhueEZzz-300x180.jpg",300,180,true],"medium_large":["https:\/\/blogopara.com.br\/wp-content\/uploads\/2019\/12\/xrui-costa-governador-bahia.jpg.pagespeed.ic_.tQVhueEZzz-768x461.jpg",640,384,true],"large":["https:\/\/blogopara.com.br\/wp-content\/uploads\/2019\/12\/xrui-costa-governador-bahia.jpg.pagespeed.ic_.tQVhueEZzz-1024x615.jpg",640,384,true],"1536x1536":["https:\/\/blogopara.com.br\/wp-content\/uploads\/2019\/12\/xrui-costa-governador-bahia.jpg.pagespeed.ic_.tQVhueEZzz.jpg",1086,652,false],"2048x2048":["https:\/\/blogopara.com.br\/wp-content\/uploads\/2019\/12\/xrui-costa-governador-bahia.jpg.pagespeed.ic_.tQVhueEZzz.jpg",1086,652,false],"mantranews-slider-large":["https:\/\/blogopara.com.br\/wp-content\/uploads\/2019\/12\/xrui-costa-governador-bahia.jpg.pagespeed.ic_.tQVhueEZzz.jpg",1020,612,false],"mantranews-featured-medium":["https:\/\/blogopara.com.br\/wp-content\/uploads\/2019\/12\/xrui-costa-governador-bahia.jpg.pagespeed.ic_.tQVhueEZzz.jpg",420,252,false],"mantranews-featured-long":["https:\/\/blogopara.com.br\/wp-content\/uploads\/2019\/12\/xrui-costa-governador-bahia.jpg.pagespeed.ic_.tQVhueEZzz.jpg",300,180,false],"mantranews-block-medium":["https:\/\/blogopara.com.br\/wp-content\/uploads\/2019\/12\/xrui-costa-governador-bahia.jpg.pagespeed.ic_.tQVhueEZzz.jpg",464,279,false],"mantranews-carousel-image":["https:\/\/blogopara.com.br\/wp-content\/uploads\/2019\/12\/xrui-costa-governador-bahia.jpg.pagespeed.ic_.tQVhueEZzz.jpg",600,360,false],"mantranews-block-thumb":["https:\/\/blogopara.com.br\/wp-content\/uploads\/2019\/12\/xrui-costa-governador-bahia.jpg.pagespeed.ic_.tQVhueEZzz.jpg",322,193,false],"mantranews-single-large":["https:\/\/blogopara.com.br\/wp-content\/uploads\/2019\/12\/xrui-costa-governador-bahia.jpg.pagespeed.ic_.tQVhueEZzz.jpg",1069,642,false]},"uagb_author_info":{"display_name":"Reda\u00e7\u00e3o geral","author_link":"https:\/\/blogopara.com.br\/index.php\/author\/blogopara"},"uagb_comment_info":0,"uagb_excerpt":"O governador Rui Costa (PT) enviou um projeto \u00e0 Assembleia Legislativa da Bahia (AL-BA) que prop\u00f5e a tributa\u00e7\u00e3o de empresas que armazenam, fabricam, transportam ou comercializam em atacado os defensivos agr\u00edcolas. A proposta inclui os neg\u00f3cios que lidam com os agrot\u00f3xicos na categoria de empresas de muni\u00e7\u00f5es e bebidas alco\u00f3licas que pagam anualmente R$ 1455,06&hellip;","jetpack_sharing_enabled":true,"jetpack_likes_enabled":true,"_links":{"self":[{"href":"https:\/\/blogopara.com.br\/index.php\/wp-json\/wp\/v2\/posts\/5601","targetHints":{"allow":["GET"]}}],"collection":[{"href":"https:\/\/blogopara.com.br\/index.php\/wp-json\/wp\/v2\/posts"}],"about":[{"href":"https:\/\/blogopara.com.br\/index.php\/wp-json\/wp\/v2\/types\/post"}],"author":[{"embeddable":true,"href":"https:\/\/blogopara.com.br\/index.php\/wp-json\/wp\/v2\/users\/1"}],"replies":[{"embeddable":true,"href":"https:\/\/blogopara.com.br\/index.php\/wp-json\/wp\/v2\/comments?post=5601"}],"version-history":[{"count":1,"href":"https:\/\/blogopara.com.br\/index.php\/wp-json\/wp\/v2\/posts\/5601\/revisions"}],"predecessor-version":[{"id":5603,"href":"https:\/\/blogopara.com.br\/index.php\/wp-json\/wp\/v2\/posts\/5601\/revisions\/5603"}],"wp:featuredmedia":[{"embeddable":true,"href":"https:\/\/blogopara.com.br\/index.php\/wp-json\/wp\/v2\/media\/5602"}],"wp:attachment":[{"href":"https:\/\/blogopara.com.br\/index.php\/wp-json\/wp\/v2\/media?parent=5601"}],"wp:term":[{"taxonomy":"category","embeddable":true,"href":"https:\/\/blogopara.com.br\/index.php\/wp-json\/wp\/v2\/categories?post=5601"},{"taxonomy":"post_tag","embeddable":true,"href":"https:\/\/blogopara.com.br\/index.php\/wp-json\/wp\/v2\/tags?post=5601"}],"curies":[{"name":"wp","href":"https:\/\/api.w.org\/{rel}","templated":true}]}}