{"id":56042,"date":"2023-08-11T16:29:00","date_gmt":"2023-08-11T19:29:00","guid":{"rendered":"https:\/\/blogopara.com.br\/?p=56042"},"modified":"2023-08-14T05:52:04","modified_gmt":"2023-08-14T08:52:04","slug":"imprensa-pode-ser-responsabilizada-por-declaracoes-de-entrevistados-decide-stf","status":"publish","type":"post","link":"https:\/\/blogopara.com.br\/index.php\/2023\/08\/11\/imprensa-pode-ser-responsabilizada-por-declaracoes-de-entrevistados-decide-stf","title":{"rendered":"Imprensa pode ser responsabilizada por declara\u00e7\u00f5es de entrevistados, decide STF"},"content":{"rendered":"<p style=\"text-align: justify;\">O\u00a0Supremo Tribunal Federal\u00a0decidiu que um ve\u00edculo de comunica\u00e7\u00e3o pode ser responsabilizado por inj\u00farias, difama\u00e7\u00f5es ou cal\u00fanias proferidas por um entrevistado. No caso concreto, a corte condenou o\u00a0<em>Di\u00e1rio de Pernambuco<\/em>\u00a0ap\u00f3s um entrevistado imputar crimes a outra pessoa.<\/p>\n<p style=\"text-align: justify;\">Prevaleceu no STF o voto do ministro\u00a0Alexandre de Moraes, que defendeu fixar a tese de que a liberdade de imprensa deve ser consagrada a partir de um bin\u00f4mio: &#8220;liberdade com responsabilidade&#8221;.<\/p>\n<p style=\"text-align: justify;\">Segundo Moraes, n\u00e3o se trata de censura pr\u00e9via, mas da \u201cpossibilidade posterior de an\u00e1lise e responsabiliza\u00e7\u00e3o por informa\u00e7\u00f5es comprovadamente injuriosas, difamantes, caluniosas, mentirosas, e em rela\u00e7\u00e3o a eventuais danos materiais e morais\u201d.<\/p>\n<p style=\"text-align: justify;\"><strong>Seguiram o voto de Moraes:<\/strong><\/p>\n<ul style=\"text-align: justify;\">\n<li>Dias Toffoli<\/li>\n<li>Ricardo Lewandowski (hoje aposentado)<\/li>\n<li>Luiz Fux<\/li>\n<li>Gilmar Mendes<\/li>\n<\/ul>\n<p style=\"text-align: justify;\">O relator,\u00a0Marco Aur\u00e9lio Mello\u00a0(atualmente aposentado), havia defendido que a liberdade de express\u00e3o estabelece um ambiente no qual \u201cv\u00e1rias opini\u00f5es e ideologias podem ser manifestadas e contrapostas, caracterizando processo de forma\u00e7\u00e3o do pensamento da comunidade pol\u00edtica\u201d.<\/p>\n<p style=\"text-align: justify;\">Segundo ele, portanto, um ve\u00edculo n\u00e3o deveria ser responsabilizado quando um entrevistado atribui atos il\u00edcitos a outra pessoa \u2013 desde que a empresa n\u00e3o manifeste uma opini\u00e3o a respeito da acusa\u00e7\u00e3o.<\/p>\n<p style=\"text-align: justify;\">\u201cEm um estado democr\u00e1tico de direito, a publica\u00e7\u00e3o de uma entrevista, por si s\u00f3, n\u00e3o pode ser objeto de responsabiliza\u00e7\u00e3o direta por parte do Judici\u00e1rio, tornando-se esta poss\u00edvel somente quando a divulga\u00e7\u00e3o \u00e9 feita de maneira abusiva ou violenta\u201d, sustentou o relator. \u201cA atribui\u00e7\u00e3o de responsabilidade deve ser entendida com car\u00e1ter de excepcionalidade.\u201d<\/p>\n<p style=\"text-align: justify;\">Marco Aur\u00e9lio foi seguido apenas por Rosa Weber.<\/p>\n<p style=\"text-align: justify;\">Outros ministros divergiram do relator, mas em condi\u00e7\u00f5es distintas daquelas expressas por Moraes.<\/p>\n<p style=\"text-align: justify;\">Edson Fachin defendeu uma tese segundo a qual a indeniza\u00e7\u00e3o por dano moral pela empresa jornal\u00edstica s\u00f3 ocorreria quando, sem aplicar protocolos de busca pela \u201cverdade objetiva\u201d e sem oferecer uma oportunidade ao direito de resposta, \u201creproduz unilateralmente acusa\u00e7\u00e3o contra ex-dissidente pol\u00edtico, imputando-lhe crime praticado durante regime de exce\u00e7\u00e3o\u201d. C\u00e1rmen L\u00facia seguiu o voto de Fachin.<\/p>\n<p style=\"text-align: justify;\">Lu\u00eds Roberto Barroso, por sua vez, prop\u00f4s fixar uma tese segundo a qual, no caso de um entrevistado imputar falsamente um crime a terceiro, a empresa jornal\u00edstica s\u00f3 poder\u00e1 ser responsabilizada civilmente se:<\/p>\n<ul style=\"text-align: justify;\">\n<li>\u00a0\u00e0 \u00e9poca da divulga\u00e7\u00e3o havia ind\u00edcios concretos da falsidade da imputa\u00e7\u00e3o;<\/li>\n<li>o ve\u00edculo deixou de observar o dever de cuidado na verifica\u00e7\u00e3o da veracidade dos fatos e na divulga\u00e7\u00e3o da exist\u00eancia desses ind\u00edcios.<\/li>\n<\/ul>\n<p style=\"text-align: justify;\">Kassio Nunes Marques acompanhou Barroso.<\/p>\n<p style=\"text-align: justify;\">O julgamento come\u00e7ou\u00a0em junho de 2020, no plen\u00e1rio virtual. Ap\u00f3s Marco Aur\u00e9lio e Fachin votarem, Moraes pediu vista, ou seja, mais tempo para estudar o processo. Ainda naquele ano, Barroso suspendeu novamente a an\u00e1lise e s\u00f3 liberou os autos em junho de 2023. A vota\u00e7\u00e3o foi conclu\u00edda na \u00faltima ter\u00e7a-feira 8.<\/p>\n<p>Fonte : Carta Capital<\/p>\n","protected":false},"excerpt":{"rendered":"<p>O\u00a0Supremo Tribunal Federal\u00a0decidiu que um ve\u00edculo de comunica\u00e7\u00e3o pode ser responsabilizado por inj\u00farias, difama\u00e7\u00f5es ou cal\u00fanias proferidas por um entrevistado. No caso concreto, a corte condenou o\u00a0Di\u00e1rio de Pernambuco\u00a0ap\u00f3s um entrevistado imputar crimes a outra pessoa. Prevaleceu no STF o voto do ministro\u00a0Alexandre de Moraes, que defendeu fixar a tese de que a liberdade de [&hellip;]<\/p>\n","protected":false},"author":1,"featured_media":45561,"comment_status":"closed","ping_status":"open","sticky":false,"template":"","format":"standard","meta":{"_uag_custom_page_level_css":"","_monsterinsights_skip_tracking":false,"_monsterinsights_sitenote_active":false,"_monsterinsights_sitenote_note":"","_monsterinsights_sitenote_category":0,"jetpack_post_was_ever_published":false,"_jetpack_newsletter_access":"","_jetpack_dont_email_post_to_subs":false,"_jetpack_newsletter_tier_id":0,"_jetpack_memberships_contains_paywalled_content":false,"_jetpack_memberships_contains_paid_content":false,"footnotes":"","jetpack_publicize_message":"","jetpack_publicize_feature_enabled":true,"jetpack_social_post_already_shared":true,"jetpack_social_options":{"image_generator_settings":{"template":"highway","default_image_id":0,"font":"","enabled":false},"version":2}},"categories":[210],"tags":[],"class_list":["post-56042","post","type-post","status-publish","format-standard","has-post-thumbnail","hentry","category-justica"],"jetpack_publicize_connections":[],"jetpack_featured_media_url":"https:\/\/blogopara.com.br\/wp-content\/uploads\/2022\/11\/alexandre-de-moraes-1.jpg","uagb_featured_image_src":{"full":["https:\/\/blogopara.com.br\/wp-content\/uploads\/2022\/11\/alexandre-de-moraes-1.jpg",500,265,false],"thumbnail":["https:\/\/blogopara.com.br\/wp-content\/uploads\/2022\/11\/alexandre-de-moraes-1-150x150.jpg",150,150,true],"medium":["https:\/\/blogopara.com.br\/wp-content\/uploads\/2022\/11\/alexandre-de-moraes-1-300x159.jpg",300,159,true],"medium_large":["https:\/\/blogopara.com.br\/wp-content\/uploads\/2022\/11\/alexandre-de-moraes-1.jpg",500,265,false],"large":["https:\/\/blogopara.com.br\/wp-content\/uploads\/2022\/11\/alexandre-de-moraes-1.jpg",500,265,false],"1536x1536":["https:\/\/blogopara.com.br\/wp-content\/uploads\/2022\/11\/alexandre-de-moraes-1.jpg",500,265,false],"2048x2048":["https:\/\/blogopara.com.br\/wp-content\/uploads\/2022\/11\/alexandre-de-moraes-1.jpg",500,265,false],"mantranews-slider-large":["https:\/\/blogopara.com.br\/wp-content\/uploads\/2022\/11\/alexandre-de-moraes-1.jpg",500,265,false],"mantranews-featured-medium":["https:\/\/blogopara.com.br\/wp-content\/uploads\/2022\/11\/alexandre-de-moraes-1-420x265.jpg",420,265,true],"mantranews-featured-long":["https:\/\/blogopara.com.br\/wp-content\/uploads\/2022\/11\/alexandre-de-moraes-1-300x265.jpg",300,265,true],"mantranews-block-medium":["https:\/\/blogopara.com.br\/wp-content\/uploads\/2022\/11\/alexandre-de-moraes-1-464x265.jpg",464,265,true],"mantranews-carousel-image":["https:\/\/blogopara.com.br\/wp-content\/uploads\/2022\/11\/alexandre-de-moraes-1.jpg",500,265,false],"mantranews-block-thumb":["https:\/\/blogopara.com.br\/wp-content\/uploads\/2022\/11\/alexandre-de-moraes-1-322x230.jpg",322,230,true],"mantranews-single-large":["https:\/\/blogopara.com.br\/wp-content\/uploads\/2022\/11\/alexandre-de-moraes-1.jpg",500,265,false]},"uagb_author_info":{"display_name":"Reda\u00e7\u00e3o geral","author_link":"https:\/\/blogopara.com.br\/index.php\/author\/blogopara"},"uagb_comment_info":0,"uagb_excerpt":"O\u00a0Supremo Tribunal Federal\u00a0decidiu que um ve\u00edculo de comunica\u00e7\u00e3o pode ser responsabilizado por inj\u00farias, difama\u00e7\u00f5es ou cal\u00fanias proferidas por um entrevistado. No caso concreto, a corte condenou o\u00a0Di\u00e1rio de Pernambuco\u00a0ap\u00f3s um entrevistado imputar crimes a outra pessoa. Prevaleceu no STF o voto do ministro\u00a0Alexandre de Moraes, que defendeu fixar a tese de que a liberdade de&hellip;","jetpack_sharing_enabled":true,"jetpack_likes_enabled":true,"_links":{"self":[{"href":"https:\/\/blogopara.com.br\/index.php\/wp-json\/wp\/v2\/posts\/56042","targetHints":{"allow":["GET"]}}],"collection":[{"href":"https:\/\/blogopara.com.br\/index.php\/wp-json\/wp\/v2\/posts"}],"about":[{"href":"https:\/\/blogopara.com.br\/index.php\/wp-json\/wp\/v2\/types\/post"}],"author":[{"embeddable":true,"href":"https:\/\/blogopara.com.br\/index.php\/wp-json\/wp\/v2\/users\/1"}],"replies":[{"embeddable":true,"href":"https:\/\/blogopara.com.br\/index.php\/wp-json\/wp\/v2\/comments?post=56042"}],"version-history":[{"count":2,"href":"https:\/\/blogopara.com.br\/index.php\/wp-json\/wp\/v2\/posts\/56042\/revisions"}],"predecessor-version":[{"id":56131,"href":"https:\/\/blogopara.com.br\/index.php\/wp-json\/wp\/v2\/posts\/56042\/revisions\/56131"}],"wp:featuredmedia":[{"embeddable":true,"href":"https:\/\/blogopara.com.br\/index.php\/wp-json\/wp\/v2\/media\/45561"}],"wp:attachment":[{"href":"https:\/\/blogopara.com.br\/index.php\/wp-json\/wp\/v2\/media?parent=56042"}],"wp:term":[{"taxonomy":"category","embeddable":true,"href":"https:\/\/blogopara.com.br\/index.php\/wp-json\/wp\/v2\/categories?post=56042"},{"taxonomy":"post_tag","embeddable":true,"href":"https:\/\/blogopara.com.br\/index.php\/wp-json\/wp\/v2\/tags?post=56042"}],"curies":[{"name":"wp","href":"https:\/\/api.w.org\/{rel}","templated":true}]}}