{"id":56170,"date":"2023-08-15T08:51:00","date_gmt":"2023-08-15T11:51:00","guid":{"rendered":"https:\/\/blogopara.com.br\/?p=56170"},"modified":"2023-08-14T13:53:17","modified_gmt":"2023-08-14T16:53:17","slug":"prefeitura-de-juazeiro-promove-formacao-para-professores-da-rede-municipal-de-ensino","status":"publish","type":"post","link":"https:\/\/blogopara.com.br\/index.php\/2023\/08\/15\/prefeitura-de-juazeiro-promove-formacao-para-professores-da-rede-municipal-de-ensino","title":{"rendered":"Prefeitura de Juazeiro promove forma\u00e7\u00e3o para professores da rede municipal de ensino"},"content":{"rendered":"<p class=\"x_MsoNormal\" style=\"text-align: justify;\">A Prefeitura de Juazeiro, atrav\u00e9s da Secretaria de Educa\u00e7\u00e3o e Juventude (Seduc), iniciou nesta segunda-feira (14), mais um ciclo de forma\u00e7\u00e3o continuada para cerca de 150 professores. O encontro, que acontece at\u00e9 sexta-feira (18), tem como objetivo preparar os professores para a utiliza\u00e7\u00e3o do material pedag\u00f3gico destinado \u00e0s turmas de 1\u00ba ano do Ensino Fundamental.<\/p>\n<p class=\"x_MsoNormal\" style=\"text-align: justify;\">De acordo com a diretora de Forma\u00e7\u00e3o da Seduc, Ana Paula Granja, as forma\u00e7\u00f5es visam ampliar o repert\u00f3rio dos educadores em sala de aula, al\u00e9m de fortalecer o seu contato com o material did\u00e1tico. \u201cNesse ciclo, dividimos os professores em seis turmas, cada uma com 8h de forma\u00e7\u00e3o. O objetivo \u00e9 refor\u00e7ar a aproxima\u00e7\u00e3o dos educadores com o material pedag\u00f3gico de alfabetiza\u00e7\u00e3o \u2018Novo Lendo Voc\u00ea Fica Sabendo\u2019, da Aprender Editora, que \u00e9 um instrumento mediador no processo de ensino aprendizagem das turmas de alfabetiza\u00e7\u00e3o\u201d, disse Ana Paula, ressaltando que as forma\u00e7\u00f5es fazem parte da rotina da rede municipal de ensino de Juazeiro.<\/p>\n<p class=\"x_MsoNormal\" style=\"text-align: justify;\">Segundo o formador e representante da Aprender Editora no munic\u00edpio, Valdemir Silva, o foco da forma\u00e7\u00e3o s\u00e3o os textos multissemi\u00f3ticos, g\u00eaneros que circulam socialmente e envolvem, no m\u00ednimo, a linguagem verbal e a visual (fotos, textos, ilustra\u00e7\u00f5es, etc). \u201cEssa \u00e9 a nossa segunda forma\u00e7\u00e3o e trouxemos uma tem\u00e1tica espec\u00edfica para trabalhar com os professores, que s\u00e3o os textos multissemi\u00f3ticos. Textos que os estudantes t\u00eam contato l\u00e1 fora, mas que a escola ainda n\u00e3o aproveita. Ent\u00e3o, a proposta \u00e9 que o professor comece a utilizar esses textos, que as crian\u00e7as j\u00e1 utilizam, e tragam para a sala de aula, para que ele seja uma ferramenta que o aproxime dos estudantes e sirva para ampliar a aprendizagem\u201d, explicou.<\/p>\n<p class=\"x_MsoNormal\" style=\"text-align: justify;\">A professora Rosilene de Castro, da Escola Municipal Prefeito Apr\u00edgio Duarte, falou sobre os benef\u00edcios da forma\u00e7\u00e3o para o trabalho em sala de aula. \u201cEssa \u00e9 a minha segunda forma\u00e7\u00e3o e eu acho muito importante participar porque me ajuda bastante, esclarece d\u00favidas, temos acesso a muitos conte\u00fados que podemos dialogar com os colegas, al\u00e9m de conte\u00fados inovadores que nos apoiam em sala de aula\u201d, relatou.<\/p>\n","protected":false},"excerpt":{"rendered":"<p>A Prefeitura de Juazeiro, atrav\u00e9s da Secretaria de Educa\u00e7\u00e3o e Juventude (Seduc), iniciou nesta segunda-feira (14), mais um ciclo de forma\u00e7\u00e3o continuada para cerca de 150 professores. O encontro, que acontece at\u00e9 sexta-feira (18), tem como objetivo preparar os professores para a utiliza\u00e7\u00e3o do material pedag\u00f3gico destinado \u00e0s turmas de 1\u00ba ano do Ensino Fundamental. [&hellip;]<\/p>\n","protected":false},"author":1,"featured_media":56171,"comment_status":"closed","ping_status":"open","sticky":false,"template":"","format":"standard","meta":{"_uag_custom_page_level_css":"","_monsterinsights_skip_tracking":false,"_monsterinsights_sitenote_active":false,"_monsterinsights_sitenote_note":"","_monsterinsights_sitenote_category":0,"jetpack_post_was_ever_published":false,"_jetpack_newsletter_access":"","_jetpack_dont_email_post_to_subs":false,"_jetpack_newsletter_tier_id":0,"_jetpack_memberships_contains_paywalled_content":false,"_jetpack_memberships_contains_paid_content":false,"footnotes":"","jetpack_publicize_message":"","jetpack_publicize_feature_enabled":true,"jetpack_social_post_already_shared":true,"jetpack_social_options":{"image_generator_settings":{"template":"highway","default_image_id":0,"font":"","enabled":false},"version":2}},"categories":[209],"tags":[],"class_list":["post-56170","post","type-post","status-publish","format-standard","has-post-thumbnail","hentry","category-educacao"],"jetpack_publicize_connections":[],"jetpack_featured_media_url":"https:\/\/blogopara.com.br\/wp-content\/uploads\/2023\/08\/thumbnail_53116146393_336ee8e66c_c.jpg","uagb_featured_image_src":{"full":["https:\/\/blogopara.com.br\/wp-content\/uploads\/2023\/08\/thumbnail_53116146393_336ee8e66c_c.jpg",500,333,false],"thumbnail":["https:\/\/blogopara.com.br\/wp-content\/uploads\/2023\/08\/thumbnail_53116146393_336ee8e66c_c-150x150.jpg",150,150,true],"medium":["https:\/\/blogopara.com.br\/wp-content\/uploads\/2023\/08\/thumbnail_53116146393_336ee8e66c_c-300x200.jpg",300,200,true],"medium_large":["https:\/\/blogopara.com.br\/wp-content\/uploads\/2023\/08\/thumbnail_53116146393_336ee8e66c_c.jpg",500,333,false],"large":["https:\/\/blogopara.com.br\/wp-content\/uploads\/2023\/08\/thumbnail_53116146393_336ee8e66c_c.jpg",500,333,false],"1536x1536":["https:\/\/blogopara.com.br\/wp-content\/uploads\/2023\/08\/thumbnail_53116146393_336ee8e66c_c.jpg",500,333,false],"2048x2048":["https:\/\/blogopara.com.br\/wp-content\/uploads\/2023\/08\/thumbnail_53116146393_336ee8e66c_c.jpg",500,333,false],"mantranews-slider-large":["https:\/\/blogopara.com.br\/wp-content\/uploads\/2023\/08\/thumbnail_53116146393_336ee8e66c_c.jpg",500,333,false],"mantranews-featured-medium":["https:\/\/blogopara.com.br\/wp-content\/uploads\/2023\/08\/thumbnail_53116146393_336ee8e66c_c-420x307.jpg",420,307,true],"mantranews-featured-long":["https:\/\/blogopara.com.br\/wp-content\/uploads\/2023\/08\/thumbnail_53116146393_336ee8e66c_c-300x333.jpg",300,333,true],"mantranews-block-medium":["https:\/\/blogopara.com.br\/wp-content\/uploads\/2023\/08\/thumbnail_53116146393_336ee8e66c_c-464x290.jpg",464,290,true],"mantranews-carousel-image":["https:\/\/blogopara.com.br\/wp-content\/uploads\/2023\/08\/thumbnail_53116146393_336ee8e66c_c.jpg",500,333,false],"mantranews-block-thumb":["https:\/\/blogopara.com.br\/wp-content\/uploads\/2023\/08\/thumbnail_53116146393_336ee8e66c_c-322x230.jpg",322,230,true],"mantranews-single-large":["https:\/\/blogopara.com.br\/wp-content\/uploads\/2023\/08\/thumbnail_53116146393_336ee8e66c_c.jpg",500,333,false]},"uagb_author_info":{"display_name":"Reda\u00e7\u00e3o geral","author_link":"https:\/\/blogopara.com.br\/index.php\/author\/blogopara"},"uagb_comment_info":0,"uagb_excerpt":"A Prefeitura de Juazeiro, atrav\u00e9s da Secretaria de Educa\u00e7\u00e3o e Juventude (Seduc), iniciou nesta segunda-feira (14), mais um ciclo de forma\u00e7\u00e3o continuada para cerca de 150 professores. O encontro, que acontece at\u00e9 sexta-feira (18), tem como objetivo preparar os professores para a utiliza\u00e7\u00e3o do material pedag\u00f3gico destinado \u00e0s turmas de 1\u00ba ano do Ensino Fundamental.&hellip;","jetpack_sharing_enabled":true,"jetpack_likes_enabled":true,"_links":{"self":[{"href":"https:\/\/blogopara.com.br\/index.php\/wp-json\/wp\/v2\/posts\/56170","targetHints":{"allow":["GET"]}}],"collection":[{"href":"https:\/\/blogopara.com.br\/index.php\/wp-json\/wp\/v2\/posts"}],"about":[{"href":"https:\/\/blogopara.com.br\/index.php\/wp-json\/wp\/v2\/types\/post"}],"author":[{"embeddable":true,"href":"https:\/\/blogopara.com.br\/index.php\/wp-json\/wp\/v2\/users\/1"}],"replies":[{"embeddable":true,"href":"https:\/\/blogopara.com.br\/index.php\/wp-json\/wp\/v2\/comments?post=56170"}],"version-history":[{"count":1,"href":"https:\/\/blogopara.com.br\/index.php\/wp-json\/wp\/v2\/posts\/56170\/revisions"}],"predecessor-version":[{"id":56172,"href":"https:\/\/blogopara.com.br\/index.php\/wp-json\/wp\/v2\/posts\/56170\/revisions\/56172"}],"wp:featuredmedia":[{"embeddable":true,"href":"https:\/\/blogopara.com.br\/index.php\/wp-json\/wp\/v2\/media\/56171"}],"wp:attachment":[{"href":"https:\/\/blogopara.com.br\/index.php\/wp-json\/wp\/v2\/media?parent=56170"}],"wp:term":[{"taxonomy":"category","embeddable":true,"href":"https:\/\/blogopara.com.br\/index.php\/wp-json\/wp\/v2\/categories?post=56170"},{"taxonomy":"post_tag","embeddable":true,"href":"https:\/\/blogopara.com.br\/index.php\/wp-json\/wp\/v2\/tags?post=56170"}],"curies":[{"name":"wp","href":"https:\/\/api.w.org\/{rel}","templated":true}]}}