{"id":56183,"date":"2023-08-15T12:20:00","date_gmt":"2023-08-15T15:20:00","guid":{"rendered":"https:\/\/blogopara.com.br\/?p=56183"},"modified":"2023-08-14T14:04:12","modified_gmt":"2023-08-14T17:04:12","slug":"governo-prepara-sistema-unificado-para-venda-de-passagens-a-r-200","status":"publish","type":"post","link":"https:\/\/blogopara.com.br\/index.php\/2023\/08\/15\/governo-prepara-sistema-unificado-para-venda-de-passagens-a-r-200","title":{"rendered":"Governo prepara sistema unificado para venda de passagens a R$ 200"},"content":{"rendered":"<article id=\"post-284939\" class=\"hentry post-284939 post type-post status-publish format-standard has-post-thumbnail category-noticia\">\n<div class=\"bdaia-post-content\">\n<p style=\"text-align: justify;\">O \u201cVoa Brasil\u201d, programa de passagens a\u00e9reas a R$ 200, est\u00e1 em fase de conclus\u00e3o do sistema que ir\u00e1 conectar as empresas aos clientes, segundo informou o Minist\u00e9rio dos Portos e Aeroportos (MPor).<\/p>\n<p style=\"text-align: justify;\">Com previs\u00e3o de lan\u00e7amento no final deste m\u00eas, a medida tem ades\u00e3o das grandes companhias a\u00e9reas do pa\u00eds.<\/p>\n<p style=\"text-align: justify;\">O MPor informou que, no momento, \u201cmedidas de integra\u00e7\u00e3o de sistemas e acesso \u00e0 bases de dados estrat\u00e9gicas est\u00e3o em curso para concluir a estrutura\u00e7\u00e3o da fase piloto do programa\u201d.<\/p>\n<p style=\"text-align: justify;\">A estimativa do ministro de Portos e Aeroportos, M\u00e1rcio Fran\u00e7a, \u00e9 de que a iniciativa oferecer\u00e1 1,5 milh\u00e3o de passagens por m\u00eas.<\/p>\n<p style=\"text-align: justify;\">Em um primeiro momento, o programa beneficiar\u00e1 aposentados e pensionistas que n\u00e3o voaram nos \u00faltimos 12 meses. Cada pessoa poder\u00e1 comprar quatro trechos por vez.<\/p>\n<p style=\"text-align: justify;\">O programa tem ades\u00e3o de companhias como Azul, Latam, Gol e Voepass.<\/p>\n<p style=\"text-align: justify;\">A iniciativa n\u00e3o depender\u00e1 de subs\u00eddio do governo, sendo idealizada em formato para que as empresas possam oferecer passagens em per\u00edodos de ociosidade \u2013 os meses de mar\u00e7o, abril, maio, agosto, setembro, outubro e novembro.<\/p>\n<p style=\"text-align: justify;\">Fonte: CNN Brasil<\/p>\n<\/div>\n<footer><\/footer>\n<\/article>\n","protected":false},"excerpt":{"rendered":"<p>O \u201cVoa Brasil\u201d, programa de passagens a\u00e9reas a R$ 200, est\u00e1 em fase de conclus\u00e3o do sistema que ir\u00e1 conectar as empresas aos clientes, segundo informou o Minist\u00e9rio dos Portos e Aeroportos (MPor). Com previs\u00e3o de lan\u00e7amento no final deste m\u00eas, a medida tem ades\u00e3o das grandes companhias a\u00e9reas do pa\u00eds. O MPor informou que, [&hellip;]<\/p>\n","protected":false},"author":1,"featured_media":32385,"comment_status":"closed","ping_status":"open","sticky":false,"template":"","format":"standard","meta":{"_uag_custom_page_level_css":"","_monsterinsights_skip_tracking":false,"_monsterinsights_sitenote_active":false,"_monsterinsights_sitenote_note":"","_monsterinsights_sitenote_category":0,"jetpack_post_was_ever_published":false,"_jetpack_newsletter_access":"","_jetpack_dont_email_post_to_subs":false,"_jetpack_newsletter_tier_id":0,"_jetpack_memberships_contains_paywalled_content":false,"_jetpack_memberships_contains_paid_content":false,"footnotes":"","jetpack_publicize_message":"","jetpack_publicize_feature_enabled":true,"jetpack_social_post_already_shared":true,"jetpack_social_options":{"image_generator_settings":{"template":"highway","default_image_id":0,"font":"","enabled":false},"version":2}},"categories":[206],"tags":[],"class_list":["post-56183","post","type-post","status-publish","format-standard","has-post-thumbnail","hentry","category-economia"],"jetpack_publicize_connections":[],"jetpack_featured_media_url":"https:\/\/blogopara.com.br\/wp-content\/uploads\/2022\/01\/aviao_faz_pouso_de_emergencia_em_brasilia_apos_passageira_morrer_durante_o_voo_widelg.png","uagb_featured_image_src":{"full":["https:\/\/blogopara.com.br\/wp-content\/uploads\/2022\/01\/aviao_faz_pouso_de_emergencia_em_brasilia_apos_passageira_morrer_durante_o_voo_widelg.png",500,281,false],"thumbnail":["https:\/\/blogopara.com.br\/wp-content\/uploads\/2022\/01\/aviao_faz_pouso_de_emergencia_em_brasilia_apos_passageira_morrer_durante_o_voo_widelg-150x150.png",150,150,true],"medium":["https:\/\/blogopara.com.br\/wp-content\/uploads\/2022\/01\/aviao_faz_pouso_de_emergencia_em_brasilia_apos_passageira_morrer_durante_o_voo_widelg-300x169.png",300,169,true],"medium_large":["https:\/\/blogopara.com.br\/wp-content\/uploads\/2022\/01\/aviao_faz_pouso_de_emergencia_em_brasilia_apos_passageira_morrer_durante_o_voo_widelg.png",500,281,false],"large":["https:\/\/blogopara.com.br\/wp-content\/uploads\/2022\/01\/aviao_faz_pouso_de_emergencia_em_brasilia_apos_passageira_morrer_durante_o_voo_widelg.png",500,281,false],"1536x1536":["https:\/\/blogopara.com.br\/wp-content\/uploads\/2022\/01\/aviao_faz_pouso_de_emergencia_em_brasilia_apos_passageira_morrer_durante_o_voo_widelg.png",500,281,false],"2048x2048":["https:\/\/blogopara.com.br\/wp-content\/uploads\/2022\/01\/aviao_faz_pouso_de_emergencia_em_brasilia_apos_passageira_morrer_durante_o_voo_widelg.png",500,281,false],"mantranews-slider-large":["https:\/\/blogopara.com.br\/wp-content\/uploads\/2022\/01\/aviao_faz_pouso_de_emergencia_em_brasilia_apos_passageira_morrer_durante_o_voo_widelg.png",500,281,false],"mantranews-featured-medium":["https:\/\/blogopara.com.br\/wp-content\/uploads\/2022\/01\/aviao_faz_pouso_de_emergencia_em_brasilia_apos_passageira_morrer_durante_o_voo_widelg-420x281.png",420,281,true],"mantranews-featured-long":["https:\/\/blogopara.com.br\/wp-content\/uploads\/2022\/01\/aviao_faz_pouso_de_emergencia_em_brasilia_apos_passageira_morrer_durante_o_voo_widelg-300x281.png",300,281,true],"mantranews-block-medium":["https:\/\/blogopara.com.br\/wp-content\/uploads\/2022\/01\/aviao_faz_pouso_de_emergencia_em_brasilia_apos_passageira_morrer_durante_o_voo_widelg-464x281.png",464,281,true],"mantranews-carousel-image":["https:\/\/blogopara.com.br\/wp-content\/uploads\/2022\/01\/aviao_faz_pouso_de_emergencia_em_brasilia_apos_passageira_morrer_durante_o_voo_widelg.png",500,281,false],"mantranews-block-thumb":["https:\/\/blogopara.com.br\/wp-content\/uploads\/2022\/01\/aviao_faz_pouso_de_emergencia_em_brasilia_apos_passageira_morrer_durante_o_voo_widelg-322x230.png",322,230,true],"mantranews-single-large":["https:\/\/blogopara.com.br\/wp-content\/uploads\/2022\/01\/aviao_faz_pouso_de_emergencia_em_brasilia_apos_passageira_morrer_durante_o_voo_widelg.png",500,281,false]},"uagb_author_info":{"display_name":"Reda\u00e7\u00e3o geral","author_link":"https:\/\/blogopara.com.br\/index.php\/author\/blogopara"},"uagb_comment_info":0,"uagb_excerpt":"O \u201cVoa Brasil\u201d, programa de passagens a\u00e9reas a R$ 200, est\u00e1 em fase de conclus\u00e3o do sistema que ir\u00e1 conectar as empresas aos clientes, segundo informou o Minist\u00e9rio dos Portos e Aeroportos (MPor). Com previs\u00e3o de lan\u00e7amento no final deste m\u00eas, a medida tem ades\u00e3o das grandes companhias a\u00e9reas do pa\u00eds. O MPor informou que,&hellip;","jetpack_sharing_enabled":true,"jetpack_likes_enabled":true,"_links":{"self":[{"href":"https:\/\/blogopara.com.br\/index.php\/wp-json\/wp\/v2\/posts\/56183","targetHints":{"allow":["GET"]}}],"collection":[{"href":"https:\/\/blogopara.com.br\/index.php\/wp-json\/wp\/v2\/posts"}],"about":[{"href":"https:\/\/blogopara.com.br\/index.php\/wp-json\/wp\/v2\/types\/post"}],"author":[{"embeddable":true,"href":"https:\/\/blogopara.com.br\/index.php\/wp-json\/wp\/v2\/users\/1"}],"replies":[{"embeddable":true,"href":"https:\/\/blogopara.com.br\/index.php\/wp-json\/wp\/v2\/comments?post=56183"}],"version-history":[{"count":1,"href":"https:\/\/blogopara.com.br\/index.php\/wp-json\/wp\/v2\/posts\/56183\/revisions"}],"predecessor-version":[{"id":56184,"href":"https:\/\/blogopara.com.br\/index.php\/wp-json\/wp\/v2\/posts\/56183\/revisions\/56184"}],"wp:featuredmedia":[{"embeddable":true,"href":"https:\/\/blogopara.com.br\/index.php\/wp-json\/wp\/v2\/media\/32385"}],"wp:attachment":[{"href":"https:\/\/blogopara.com.br\/index.php\/wp-json\/wp\/v2\/media?parent=56183"}],"wp:term":[{"taxonomy":"category","embeddable":true,"href":"https:\/\/blogopara.com.br\/index.php\/wp-json\/wp\/v2\/categories?post=56183"},{"taxonomy":"post_tag","embeddable":true,"href":"https:\/\/blogopara.com.br\/index.php\/wp-json\/wp\/v2\/tags?post=56183"}],"curies":[{"name":"wp","href":"https:\/\/api.w.org\/{rel}","templated":true}]}}