{"id":56205,"date":"2023-08-15T13:39:51","date_gmt":"2023-08-15T16:39:51","guid":{"rendered":"https:\/\/blogopara.com.br\/?p=56205"},"modified":"2023-08-15T14:02:26","modified_gmt":"2023-08-15T17:02:26","slug":"relatos-sao-de-chorar-energia-eolica-esta-matando-oncas-na-caatinga","status":"publish","type":"post","link":"https:\/\/blogopara.com.br\/index.php\/2023\/08\/15\/relatos-sao-de-chorar-energia-eolica-esta-matando-oncas-na-caatinga","title":{"rendered":"Relatos s\u00e3o de chorar: energia e\u00f3lica est\u00e1 matando on\u00e7as na Caatinga"},"content":{"rendered":"<div>\n<div>\n<p class=\"bullet mt-0\" style=\"text-align: justify;\">Entre mar\u00e7o de 2017 e janeiro de 2018, uma f\u00eamea de on\u00e7a-parda (<em>Puma concolor<\/em>) teve seu deslocamento monitorado no norte da Bahia, na regi\u00e3o da \u00c1rea de Prote\u00e7\u00e3o Ambiental do Boqueir\u00e3o da On\u00e7a, que junto ao parque nacional de mesmo nome forma o maior cont\u00ednuo preservado da Caatinga.<\/p>\n<\/div>\n<\/div>\n<div style=\"text-align: justify;\">\n<div>\n<p class=\"bullet\">Batizada de Vit\u00f3ria, ela foi o primeiro indiv\u00edduo da esp\u00e9cie na regi\u00e3o a ser capturado, receber um r\u00e1dio-colar e ter sua movimenta\u00e7\u00e3o estudada pelas pesquisadoras do\u00a0Programa Amigos da On\u00e7a, projeto de conserva\u00e7\u00e3o de felinos no bioma, filiado ao Instituto Pr\u00f3-Carn\u00edvoros.<\/p>\n<\/div>\n<\/div>\n<div>\n<p class=\"bullet\" style=\"text-align: justify;\">Todavia, nesse mesmo per\u00edodo, notou-se uma mudan\u00e7a em seu padr\u00e3o de deslocamento.<\/p>\n<div style=\"text-align: justify;\" data-v-da1c35aa=\"\">\n<div class=\"container grid\" data-v-da1c35aa=\"\">\n<div class=\"central-column col-lg-6\" data-v-da1c35aa=\"\">\n<div class=\"jupiter-paragraph-fragment\" data-v-da1c35aa=\"\">\n<div>\n<div>\n<p class=\"bullet mt-0\"><strong>Na mesma \u00e1rea onde Vit\u00f3ria costumava viver, dava-se in\u00edcio \u00e0 constru\u00e7\u00e3o de um complexo e\u00f3lico<\/strong>. Fase de muitos ru\u00eddos, abertura de estradas, presen\u00e7a humana constante e vai-e-vem de ve\u00edculos.<\/p>\n<\/div>\n<\/div>\n<div>\n<div>\n<p class=\"bullet\">Rapidamente, a on\u00e7a come\u00e7ou a evitar a obra e seu entorno.<\/p>\n<\/div>\n<\/div>\n<div>\n<div>\n<p class=\"bullet\">&#8220;Nesses dez meses ela n\u00e3o cruzou a \u00e1rea dos aerogeradores&#8221;, conta Carolina Esteves, pesquisadora do Pr\u00f3-carn\u00edvoros e cofundadora do Amigos da On\u00e7a. &#8220;E essa maior movimenta\u00e7\u00e3o da on\u00e7a, circundando todo o complexo para chegar at\u00e9 um ponto de \u00e1gua, traz um gasto energ\u00e9tico muito maior para ela.&#8221;<\/p>\n<\/div>\n<\/div>\n<div>\n<div>\n<p class=\"bullet\">A mesma mudan\u00e7a de comportamento, de manter a dist\u00e2ncia do empreendimento, foi observada tamb\u00e9m com on\u00e7as-pintadas (<em>Panthera onca<\/em>).<\/p>\n<\/div>\n<\/div>\n<div>\n<div>\n<p class=\"bullet\">A bi\u00f3loga explica que, dependendo do bioma onde as on\u00e7as habitam, suas caracter\u00edsticas f\u00edsicas s\u00e3o diferentes, tanto as pardas quanto as pintadas.<\/p>\n<\/div>\n<\/div>\n<\/div>\n<\/div>\n<\/div>\n<\/div>\n<div style=\"text-align: justify;\" data-v-da1c35aa=\"\">\n<div class=\"container grid\" data-v-da1c35aa=\"\">\n<div class=\"central-column col-lg-6\" data-v-da1c35aa=\"\">\n<div class=\"jupiter-paragraph-fragment\" data-v-da1c35aa=\"\">\n<div>\n<div>\n<p class=\"bullet mt-0\">As da Caatinga possuem um porte menor, bigodes mais duros e pelos das patas mais espessos para pisar no ch\u00e3o quente. E, para sobreviver nesse bioma, o conhecimento sobre onde encontrar \u00e1gua \u00e9 fundamental.<\/p>\n<\/div>\n<\/div>\n<div>\n<div>\n<p class=\"bullet\">&#8220;Costumamos falar que, se pegarmos uma on\u00e7a adulta de qualquer outro bioma e soltarmos na Caatinga, provavelmente ela n\u00e3o sobreviver\u00e1, ainda mais na \u00e9poca da seca&#8221;, diz Carolina.<\/p>\n<\/div>\n<\/div>\n<div>\n<div>\n<p class=\"bullet\"><cite>Quando um filhote de on\u00e7a nasce, durante um ano e meio a dois anos, a m\u00e3e ir\u00e1 ensinar tudo o que ele precisa saber para sobreviver. Na Caatinga, al\u00e9m de como ca\u00e7ar e se proteger, ela tamb\u00e9m mostrar\u00e1 onde est\u00e3o os principais pontos de \u00e1gua.<\/cite><\/p>\n<\/div>\n<\/div>\n<div>\n<div>\n<p class=\"bullet\"><strong>Carolina Esteves, pesquisadora do Pr\u00f3-carn\u00edvoros e cofundadora do Amigos da On\u00e7a<\/strong><\/p>\n<\/div>\n<\/div>\n<div>\n<div>\n<p class=\"bullet\">O grande problema desse impacto, que parece pouco diante do enorme apelo que as energias renov\u00e1veis t\u00eam, e geralmente\u00a0s\u00f3 parece recair sobre as aves, \u00e9 que as on\u00e7as da Caatinga est\u00e3o \u00e0 beira da extin\u00e7\u00e3o e elas dependem das matas nativas para sobreviver.<\/p>\n<\/div>\n<\/div>\n<div>\n<div>\n<p class=\"bullet\"><strong>Estima-se que vivam apenas 250 on\u00e7as-pintadas e 2.500 on\u00e7as-pardas em todo o bioma, o que inclui o trecho do norte baiano e o sul do Piau\u00ed, na regi\u00e3o da Serra da Capivara. Desse total, 30 pintadas est\u00e3o justamente no Boqueir\u00e3o da On\u00e7a<\/strong>.<\/p>\n<\/div>\n<\/div>\n<\/div>\n<\/div>\n<\/div>\n<\/div>\n<div style=\"text-align: justify;\" data-v-da1c35aa=\"\">\n<div class=\"my-250-lg my-50-xs jupiter-ads\" data-v-da1c35aa=\"\">\n<section class=\"solar-ads main has-bg py-150\" data-v-c9304037=\"\">\n<div class=\"ads-content\" data-v-c9304037=\"\">\n<div id=\"banner-responsive-horizontal-2\" data-v-c9304037=\"\"><\/div>\n<\/div>\n<\/section>\n<\/div>\n<div class=\"container grid\" data-v-da1c35aa=\"\">\n<aside class=\"col-custom col-lg-3\" data-v-da1c35aa=\"\"><\/aside>\n<div class=\"central-column col-lg-6\" data-v-da1c35aa=\"\">\n<div class=\"jupiter-paragraph-fragment\" data-v-da1c35aa=\"\">\n<div>\n<div id=\"embed_embeduol_2\" class=\"embed-wrapper mt-0\">\n<figure class=\"solar-photo-content row-type embed embed-horizontal\" data-v-b1648763=\"\" data-v-b9e67842=\"\"><picture class=\"solar-photo-image\" data-v-b1648763=\"\"><source srcset=\"https:\/\/conteudo.imguol.com.br\/c\/entretenimento\/3a\/2023\/08\/11\/onca-pintada-monitorada-por-radio-colar-na-regiao-do-boqueirao-da-onca-1691778918954_v2_750x421.jpg.webp\" type=\"image\/webp\" media=\"(min-width: 1px)\" data-v-b1648763=\"\" \/><source srcset=\"https:\/\/conteudo.imguol.com.br\/c\/entretenimento\/3a\/2023\/08\/11\/onca-pintada-monitorada-por-radio-colar-na-regiao-do-boqueirao-da-onca-1691778918954_v2_750x421.jpg\" type=\"image\/jpeg\" media=\"(min-width: 1px)\" data-v-b1648763=\"\" \/><img loading=\"lazy\" decoding=\"async\" title=\"On\u00e7a-pintada monitorada por r\u00e1dio-colar na regi\u00e3o do Boqueir\u00e3o da On\u00e7a. \" src=\"https:\/\/conteudo.imguol.com.br\/c\/entretenimento\/3a\/2023\/08\/11\/onca-pintada-monitorada-por-radio-colar-na-regiao-do-boqueirao-da-onca-1691778918954_v2_750x421.jpg\" alt=\"On\u00e7a-pintada monitorada por r\u00e1dio-colar na regi\u00e3o do Boqueir\u00e3o da On\u00e7a. \" width=\"750\" height=\"421\" data-v-b1648763=\"\" \/><\/picture><figcaption class=\"solar-caption regular-subtext\" data-v-e94be6e9=\"\" data-v-b1648763=\"\">On\u00e7a-pintada monitorada por r\u00e1dio-colar na regi\u00e3o do Boqueir\u00e3o da On\u00e7a.<span data-v-e94be6e9=\"\">Imagem: Programa Amigos da On\u00e7a<\/span><\/figcaption><\/figure>\n<\/div>\n<\/div>\n<div>\n<div>\n<p class=\"bullet\">A on\u00e7a-pintada est\u00e1 na lista das esp\u00e9cies &#8220;criticamente amea\u00e7adas de extin\u00e7\u00e3o&#8221; na Caatinga, ou seja, um est\u00e1gio antes do completo desaparecimento na vida livre.<\/p>\n<\/div>\n<\/div>\n<div>\n<div>\n<p class=\"bullet\">J\u00e1 a parda \u00e9 classificada como &#8220;em perigo de extin\u00e7\u00e3o&#8221; nesse bioma, diferentemente de todos os demais do pa\u00eds, onde sua categoria \u00e9 &#8220;vulner\u00e1vel&#8221;.<\/p>\n<\/div>\n<\/div>\n<div>\n<div>\n<p class=\"bullet\">Infelizmente, esses n\u00fameros podem ser menores, pois s\u00e3o de um levantamento de 2013. &#8220;Pelos relatos que temos de ca\u00e7a, de retirada comprovada de indiv\u00edduos, as estimativas atuais n\u00e3o s\u00e3o boas&#8221;, diz Carolina.<\/p>\n<\/div>\n<\/div>\n<div>\n<div>\n<h2 class=\"bullet\">Avan\u00e7o das e\u00f3licas na Caatinga<\/h2>\n<\/div>\n<\/div>\n<div>\n<div>\n<p class=\"bullet\">Se Vit\u00f3ria j\u00e1 demonstrou altera\u00e7\u00e3o em seu deslocamento h\u00e1 seis anos, d\u00e1 pra imaginar que hoje em dia as on\u00e7as da mesma regi\u00e3o enfrentam uma realidade bem mais dif\u00edcil.<\/p>\n<\/div>\n<\/div>\n<\/div>\n<\/div>\n<\/div>\n<\/div>\n<div style=\"text-align: justify;\" data-v-da1c35aa=\"\">\n<div class=\"container grid\" data-v-da1c35aa=\"\">\n<aside class=\"col-custom col-lg-3\" data-v-da1c35aa=\"\"><\/aside>\n<div class=\"central-column col-lg-6\" data-v-da1c35aa=\"\">\n<div class=\"jupiter-paragraph-fragment\" data-v-da1c35aa=\"\">\n<div>\n<div>\n<p class=\"bullet mt-0\"><strong>Atualmente h\u00e1 quatro complexos e\u00f3licos em funcionamento na \u00c1rea de Prote\u00e7\u00e3o Ambiental (APA) do Boqueir\u00e3o da On\u00e7a<\/strong>. Um deles com 500 torres. Outros dois est\u00e3o em expans\u00e3o.<\/p>\n<\/div>\n<\/div>\n<div>\n<div>\n<p class=\"bullet\">&#8220;E h\u00e1 mais seis empreendimentos e\u00f3licos a serem instalados&#8221;, afirma Cl\u00e1udia Bueno de Campos, bi\u00f3loga especialista na conserva\u00e7\u00e3o de mam\u00edferos carn\u00edvoros silvestres, servidora do ICMBio e cofundadora do Amigos da On\u00e7a.<\/p>\n<\/div>\n<\/div>\n<div>\n<div id=\"embed_embeduol_3\" class=\"embed-wrapper\">\n<figure class=\"solar-photo-content row-type embed embed-horizontal\" data-v-b1648763=\"\" data-v-b9e67842=\"\"><picture class=\"solar-photo-image\" data-v-b1648763=\"\"><source srcset=\"https:\/\/conteudo.imguol.com.br\/c\/entretenimento\/86\/2023\/08\/11\/complexo-eolico-na-caatinga-1691778593272_v2_750x421.jpg.webp\" type=\"image\/webp\" media=\"(min-width: 1px)\" data-v-b1648763=\"\" \/><source srcset=\"https:\/\/conteudo.imguol.com.br\/c\/entretenimento\/86\/2023\/08\/11\/complexo-eolico-na-caatinga-1691778593272_v2_750x421.jpg\" type=\"image\/jpeg\" media=\"(min-width: 1px)\" data-v-b1648763=\"\" \/><img loading=\"lazy\" decoding=\"async\" title=\"Complexo e\u00f3lico na Caatinga. \" src=\"https:\/\/conteudo.imguol.com.br\/c\/entretenimento\/86\/2023\/08\/11\/complexo-eolico-na-caatinga-1691778593272_v2_750x421.jpg\" alt=\"Complexo e\u00f3lico na Caatinga. \" width=\"750\" height=\"421\" data-v-b1648763=\"\" \/><\/picture><figcaption class=\"solar-caption regular-subtext\" data-v-e94be6e9=\"\" data-v-b1648763=\"\">Complexo e\u00f3lico na Caatinga.<span data-v-e94be6e9=\"\">Imagem: Ismael A. Silva<\/span><\/figcaption><\/figure>\n<\/div>\n<\/div>\n<div>\n<div>\n<p class=\"bullet\">Se n\u00e3o bastassem essas plantas de gera\u00e7\u00e3o e\u00f3lica, a regi\u00e3o tamb\u00e9m se tornou atrativa para a gera\u00e7\u00e3o de\u00a0energia solar. Em 2021, foi erguida a primeira usina sobre uma \u00e1rea de 3 mil hectares de vegeta\u00e7\u00e3o nativa da Caatinga, que acabou totalmente suprimida.<\/p>\n<\/div>\n<\/div>\n<div>\n<div>\n<p class=\"bullet\">&#8220;A abertura da vegeta\u00e7\u00e3o ou sua remo\u00e7\u00e3o em topos de serra altera o escoamento natural da \u00e1gua da chuva, que alimenta todo o entorno, como nos boqueir\u00f5es, e ainda afeta nascentes pr\u00f3ximas, que podem secar&#8221;, revela Cl\u00e1udia.<\/p>\n<\/div>\n<\/div>\n<div>\n<div>\n<p class=\"bullet\"><cite>Essas nascentes s\u00e3o extremamente importantes para as on\u00e7as, porque durante as secas se tornam os \u00fanicos pontos de \u00e1gua para elas beberem, isto sem falar de sua import\u00e2ncia para os moradores locais.<\/cite><\/p>\n<\/div>\n<\/div>\n<\/div>\n<\/div>\n<\/div>\n<\/div>\n<div style=\"text-align: justify;\" data-v-da1c35aa=\"\">\n<div class=\"container grid\" data-v-da1c35aa=\"\">\n<aside class=\"col-custom col-lg-3\" data-v-da1c35aa=\"\"><\/aside>\n<div class=\"central-column col-lg-6\" data-v-da1c35aa=\"\">\n<div class=\"jupiter-paragraph-fragment\" data-v-da1c35aa=\"\">\n<div>\n<div>\n<p class=\"bullet mt-0\"><strong>Cl\u00e1udia Bueno de Campos, bi\u00f3loga e cofundadora do Amigos da On\u00e7a<\/strong><\/p>\n<\/div>\n<\/div>\n<div>\n<div>\n<h2 class=\"bullet\">Conflitos com produtores rurais<\/h2>\n<\/div>\n<\/div>\n<div>\n<div>\n<p class=\"bullet\">Durante d\u00e9cadas houve muita expectativa por especialistas da conserva\u00e7\u00e3o sobre a cria\u00e7\u00e3o de uma grande Unidade de Conserva\u00e7\u00e3o no Boqueir\u00e3o da On\u00e7a. Seria uma maneira de garantir a prote\u00e7\u00e3o da fauna nessa regi\u00e3o ainda bem preservada da Caatinga.<\/p>\n<\/div>\n<\/div>\n<div>\n<div>\n<p class=\"bullet\">Depois de anos e idas e vindas, finalmente em 2018 um decreto foi assinado durante o governo do ent\u00e3o presidente Michel Temer.<\/p>\n<\/div>\n<\/div>\n<div>\n<div>\n<p class=\"bullet\">Uma \u00e1rea de 347 mil hectares foi transformada em Parque Nacional, com prote\u00e7\u00e3o integral, e, vizinho a ele, outros 505 mil hectares viraram a \u00c1rea de Prote\u00e7\u00e3o Ambiental (APA) do Boqueir\u00e3o, onde a explora\u00e7\u00e3o &#8220;sustent\u00e1vel&#8221; \u00e9 permitida por lei.<\/p>\n<\/div>\n<\/div>\n<div>\n<div>\n<p class=\"bullet\">Enquanto a decis\u00e3o frustrou ambientalistas, empresas do setor energ\u00e9tico comemoraram. A regi\u00e3o demonstrava um enorme potencial para seus neg\u00f3cios.<\/p>\n<\/div>\n<\/div>\n<\/div>\n<\/div>\n<\/div>\n<\/div>\n<div style=\"text-align: justify;\" data-v-da1c35aa=\"\">\n<div class=\"container grid\" data-v-da1c35aa=\"\">\n<aside class=\"col-custom col-lg-3\" data-v-da1c35aa=\"\"><\/aside>\n<div class=\"central-column col-lg-6\" data-v-da1c35aa=\"\">\n<div class=\"jupiter-paragraph-fragment\" data-v-da1c35aa=\"\">\n<div>\n<div id=\"embed_embeduol_4\" class=\"embed-wrapper mt-0\">\n<figure class=\"solar-photo-content row-type embed embed-horizontal\" data-v-b1648763=\"\" data-v-b9e67842=\"\"><picture class=\"solar-photo-image\" data-v-b1648763=\"\"><source srcset=\"https:\/\/conteudo.imguol.com.br\/c\/entretenimento\/24\/2023\/08\/11\/mapa-da-rea-de-proteo-ambiental-do-boqueiro-da-ona-em-verde-e-do-parque-nacional-homnimo-em-amarelo-1691779167343_v2_750x421.jpg.webp\" type=\"image\/webp\" media=\"(min-width: 1px)\" data-v-b1648763=\"\" \/><source srcset=\"https:\/\/conteudo.imguol.com.br\/c\/entretenimento\/24\/2023\/08\/11\/mapa-da-rea-de-proteo-ambiental-do-boqueiro-da-ona-em-verde-e-do-parque-nacional-homnimo-em-amarelo-1691779167343_v2_750x421.jpg\" type=\"image\/jpeg\" media=\"(min-width: 1px)\" data-v-b1648763=\"\" \/><img loading=\"lazy\" decoding=\"async\" title=\"Mapa da \u00e1rea de Prote\u00e7\u00e3o Ambiental do Boqueir\u00e3o da On\u00e7a (em verde) e do Parque Nacional hom\u00f4nimo (em amarelo). \" src=\"https:\/\/conteudo.imguol.com.br\/c\/entretenimento\/24\/2023\/08\/11\/mapa-da-rea-de-proteo-ambiental-do-boqueiro-da-ona-em-verde-e-do-parque-nacional-homnimo-em-amarelo-1691779167343_v2_750x421.jpg\" alt=\"Mapa da \u00e1rea de Prote\u00e7\u00e3o Ambiental do Boqueir\u00e3o da On\u00e7a (em verde) e do Parque Nacional hom\u00f4nimo (em amarelo). \" width=\"750\" height=\"421\" data-v-b1648763=\"\" \/><\/picture><figcaption class=\"solar-caption regular-subtext\" data-v-e94be6e9=\"\" data-v-b1648763=\"\">Mapa da \u00e1rea de Prote\u00e7\u00e3o Ambiental do Boqueir\u00e3o da On\u00e7a (em verde) e do Parque Nacional hom\u00f4nimo (em amarelo).<span data-v-e94be6e9=\"\">Imagem: Programa Amigos da On\u00e7a<\/span><\/figcaption><\/figure>\n<\/div>\n<\/div>\n<div>\n<div>\n<p class=\"bullet\"><strong>A regi\u00e3o Nordeste concentra 90% dos empreendimentos e\u00f3licos no Brasil e 85% deles est\u00e3o na Caatinga, a maior parte nos estados do Rio Grande do Norte e na Bahia<\/strong>.<\/p>\n<\/div>\n<\/div>\n<div>\n<div>\n<p class=\"bullet\">A chegada desses investimentos \u00e9 vista com \u00f3timos olhos por governos estaduais e municipais, mas localmente exacerba ainda mais um problema antigo: o abate intencional das on\u00e7as.<\/p>\n<\/div>\n<\/div>\n<div>\n<div>\n<p class=\"bullet\"><cite>Ao se deparar com os complexos e se locomover muito mais para encontrar recursos como \u00e1gua e alimentos, muitas vezes as on\u00e7as acabam se aproximando mais de propriedades rurais onde h\u00e1 animais dom\u00e9sticos ou cria\u00e7\u00e3o de bodes e cabras, comum nessas regi\u00f5es. Assim, acirram-se os conflitos entre produtores e esses felinos, resultando em mortes.<\/cite><\/p>\n<\/div>\n<\/div>\n<div>\n<div>\n<p class=\"bullet\"><strong>Paulo Marinho, bi\u00f3logo doutor em Ecologia pela Universidade Federal do Rio Grande do Norte e especialista na conserva\u00e7\u00e3o de mam\u00edferos na Caatinga<\/strong><\/p>\n<\/div>\n<\/div>\n<div>\n<div id=\"embed_embeduol_5\" class=\"embed-wrapper\">\n<figure class=\"solar-photo-content row-type embed embed-horizontal\" data-v-b1648763=\"\" data-v-b9e67842=\"\"><picture class=\"solar-photo-image\" data-v-b1648763=\"\"><source srcset=\"https:\/\/conteudo.imguol.com.br\/c\/entretenimento\/bf\/2023\/08\/11\/criacao-de-caprinos-na-caatinga-1691779286134_v2_750x421.jpg.webp\" type=\"image\/webp\" media=\"(min-width: 1px)\" data-v-b1648763=\"\" \/><source srcset=\"https:\/\/conteudo.imguol.com.br\/c\/entretenimento\/bf\/2023\/08\/11\/criacao-de-caprinos-na-caatinga-1691779286134_v2_750x421.jpg\" type=\"image\/jpeg\" media=\"(min-width: 1px)\" data-v-b1648763=\"\" \/><img loading=\"lazy\" decoding=\"async\" title=\"Cria\u00e7\u00e3o de caprinos na Caatinga.\" src=\"https:\/\/conteudo.imguol.com.br\/c\/entretenimento\/bf\/2023\/08\/11\/criacao-de-caprinos-na-caatinga-1691779286134_v2_750x421.jpg\" alt=\"Cria\u00e7\u00e3o de caprinos na Caatinga.\" width=\"750\" height=\"421\" data-v-b1648763=\"\" \/><\/picture><figcaption class=\"solar-caption regular-subtext\" data-v-e94be6e9=\"\" data-v-b1648763=\"\">Cria\u00e7\u00e3o de caprinos na Caatinga.<span data-v-e94be6e9=\"\">Imagem: Carolina F. Esteves<\/span><\/figcaption><\/figure>\n<\/div>\n<\/div>\n<div>\n<div>\n<p class=\"bullet\"><strong>Para evitar preju\u00edzos com a perda do rebanho, produtores colocam armadilhas para matar os predadores, e tanto as on\u00e7as-pardas quanto as pintadas, j\u00e1 rar\u00edssimas no bioma, perdem a vida<\/strong>.<\/p>\n<\/div>\n<\/div>\n<\/div>\n<\/div>\n<\/div>\n<\/div>\n<div style=\"text-align: justify;\" data-v-da1c35aa=\"\">\n<div class=\"container grid\" data-v-da1c35aa=\"\">\n<aside class=\"col-custom col-lg-3\" data-v-da1c35aa=\"\"><\/aside>\n<div class=\"central-column col-lg-6\" data-v-da1c35aa=\"\">\n<div class=\"jupiter-paragraph-fragment\" data-v-da1c35aa=\"\">\n<div>\n<div>\n<p class=\"bullet mt-0\">Al\u00e9m do estudo e monitoramento da popula\u00e7\u00e3o de felinos, o Amigos da On\u00e7a tem um programa de &#8220;educa\u00e7\u00e3o para a conserva\u00e7\u00e3o&#8221; com criadores para conscientiz\u00e1-los sobre a conviv\u00eancia mais harm\u00f4nica com esses animais e ainda um projeto espec\u00edfico para tentar evitar a retalia\u00e7\u00e3o a elas.<\/p>\n<\/div>\n<\/div>\n<div>\n<div>\n<p class=\"bullet\">Contudo, antes disso, o objetivo \u00e9 que elas nem consigam atacar os rebanhos. Foram desenvolvidos chiqueiros protegidos, ambientes em que as on\u00e7as n\u00e3o conseguem entrar, diferentes dos currais tradicionais, totalmente abertos.<\/p>\n<\/div>\n<\/div>\n<div>\n<div>\n<p class=\"bullet\">A ideia \u00e9 que, durante o per\u00edodo da noite, caprinos e ovinos sejam recolhidos para esses espa\u00e7os bem ventilados, o que garante ainda o conforto t\u00e9rmico, resultando numa melhor sa\u00fade e qualidade da carne para a futura venda.<\/p>\n<\/div>\n<\/div>\n<div>\n<div>\n<h2 class=\"bullet\">O patinho feio dos biomas brasileiros<\/h2>\n<\/div>\n<\/div>\n<div>\n<div>\n<p class=\"bullet\">At\u00e9 o in\u00edcio deste s\u00e9culo, nada se sabia sobre os grandes felinos da Caatinga, embora n\u00e3o houvesse d\u00favida de que eles sempre existiram por ali &#8211; pinturas rupestres s\u00e3o prova de que as on\u00e7as faziam parte da fauna daquela regi\u00e3o.<\/p>\n<\/div>\n<\/div>\n<\/div>\n<\/div>\n<\/div>\n<\/div>\n<div style=\"text-align: justify;\" data-v-da1c35aa=\"\">\n<div class=\"container grid\" data-v-da1c35aa=\"\">\n<aside class=\"col-custom col-lg-3\" data-v-da1c35aa=\"\"><\/aside>\n<div class=\"central-column col-lg-6\" data-v-da1c35aa=\"\">\n<div class=\"jupiter-paragraph-fragment\" data-v-da1c35aa=\"\">\n<div>\n<div>\n<p class=\"bullet mt-0\">Contudo, diante da exuber\u00e2ncia da Mata Atl\u00e2ntica e da Amaz\u00f4nia, o bioma nordestino sempre foi pouqu\u00edssimo valorizado, e, como consequ\u00eancia, pouco estudado.<strong>\u00a0Acreditava-se que a aridez de seu solo em muitas \u00e1reas era sin\u00f4nimo de pouca diversidade de animais e plantas. Um engano enorme<\/strong>.<\/p>\n<\/div>\n<\/div>\n<div>\n<div>\n<p class=\"bullet\">Foi ap\u00f3s um\u00a0levantamento\u00a0feito entre 2006 e 2011 pelo Centro Nacional de Pesquisa e Conserva\u00e7\u00e3o de Mam\u00edferos Carn\u00edvoros (Cenap) do ICMBio, que se teve um primeiro diagn\u00f3stico da preocupante situa\u00e7\u00e3o das on\u00e7as no bioma.<\/p>\n<\/div>\n<\/div>\n<div>\n<div>\n<p class=\"bullet\">O foco principal era a pintada, mas percebeu-se que a parda tamb\u00e9m estava amea\u00e7ada, e, sem a prote\u00e7\u00e3o de uma, a outra n\u00e3o sobreviveria. &#8220;Foi poss\u00edvel ver a fragilidade das esp\u00e9cies&#8221;, relembra Cl\u00e1udia.<\/p>\n<\/div>\n<\/div>\n<div>\n<div>\n<p class=\"bullet\">Na \u00e9poca, ela participou do trabalho e, depois de terminado, viu a necessidade urgente em tra\u00e7ar a\u00e7\u00f5es para proteger os felinos. Foi ent\u00e3o que nasceu o Amigos da On\u00e7a, em 2012.<\/p>\n<\/div>\n<\/div>\n<div>\n<div id=\"embed_embeduol_7\" class=\"embed-wrapper\">\n<figure class=\"solar-photo-content row-type embed embed-horizontal\" data-v-b1648763=\"\" data-v-b9e67842=\"\"><picture class=\"solar-photo-image\" data-v-b1648763=\"\"><source srcset=\"https:\/\/conteudo.imguol.com.br\/c\/entretenimento\/32\/2023\/08\/11\/onca-vitoria-uma-das-monitoradas-na-apa-boqueirao-da-onca-1691779942843_v2_750x421.jpg.webp\" type=\"image\/webp\" media=\"(min-width: 1px)\" data-v-b1648763=\"\" \/><source srcset=\"https:\/\/conteudo.imguol.com.br\/c\/entretenimento\/32\/2023\/08\/11\/onca-vitoria-uma-das-monitoradas-na-apa-boqueirao-da-onca-1691779942843_v2_750x421.jpg\" type=\"image\/jpeg\" media=\"(min-width: 1px)\" data-v-b1648763=\"\" \/><img loading=\"lazy\" decoding=\"async\" title=\"On\u00e7a Vit\u00f3ria, uma das monitoradas na APA Boqueir\u00e3o da On\u00e7a. \" src=\"https:\/\/conteudo.imguol.com.br\/c\/entretenimento\/32\/2023\/08\/11\/onca-vitoria-uma-das-monitoradas-na-apa-boqueirao-da-onca-1691779942843_v2_750x421.jpg\" alt=\"On\u00e7a Vit\u00f3ria, uma das monitoradas na APA Boqueir\u00e3o da On\u00e7a. \" width=\"750\" height=\"421\" data-v-b1648763=\"\" \/><\/picture><figcaption class=\"solar-caption regular-subtext\" data-v-e94be6e9=\"\" data-v-b1648763=\"\">On\u00e7a Vit\u00f3ria, uma das monitoradas na APA Boqueir\u00e3o da On\u00e7a.<span data-v-e94be6e9=\"\">Imagem: Programa Amigos da On\u00e7a<\/span><\/figcaption><\/figure>\n<\/div>\n<\/div>\n<div>\n<div>\n<p class=\"bullet\">Apesar do esfor\u00e7o \u00e1rduo das pesquisadoras e seus colaboradores em campo &#8211; todos trabalhando de forma volunt\u00e1ria pela conserva\u00e7\u00e3o desses animais &#8211; ao longo da \u00faltima d\u00e9cada o que se viu foi uma perturbadora transforma\u00e7\u00e3o naquele cen\u00e1rio.<\/p>\n<\/div>\n<\/div>\n<\/div>\n<\/div>\n<\/div>\n<\/div>\n<div style=\"text-align: justify;\" data-v-da1c35aa=\"\">\n<div class=\"container grid\" data-v-da1c35aa=\"\">\n<aside class=\"col-custom col-lg-3\" data-v-da1c35aa=\"\"><\/aside>\n<div class=\"central-column col-lg-6\" data-v-da1c35aa=\"\">\n<div class=\"jupiter-paragraph-fragment\" data-v-da1c35aa=\"\">\n<div>\n<div>\n<p class=\"bullet mt-0\"><cite>A abertura de estradas para esses complexos, por exemplo, facilita o acesso de ca\u00e7adores. Muitos aerogeradores de testes s\u00e3o instalados sem a permiss\u00e3o pr\u00e9via do \u00f3rg\u00e3o licenciador. Ali eles abrem estradas de acesso e colocam uma torre com aparelhos de medi\u00e7\u00e3o durante um ano aproximadamente. Da\u00ed o estrago j\u00e1 foi feito.\u00a0<\/cite><\/p>\n<\/div>\n<\/div>\n<div>\n<div>\n<p class=\"bullet\"><strong>Carolina Esteves, pesquisadora do Pr\u00f3-carn\u00edvoros e cofundadora do Amigos da On\u00e7a<\/strong><\/p>\n<\/div>\n<\/div>\n<div>\n<div>\n<p class=\"bullet\">&#8220;Relatos de moradores s\u00e3o de chorar. A cada conversa, mais estradas abertas, a vegeta\u00e7\u00e3o sendo removida&#8221;, diz Carolina, consternada. Para a pesquisadora, um dos agravantes dessa situa\u00e7\u00e3o continua sendo esse olhar diferenciado para a Caatinga.<\/p>\n<\/div>\n<\/div>\n<div>\n<div>\n<p class=\"bullet\">&#8220;O grande desafio \u00e9 realmente trazer os olhares da popula\u00e7\u00e3o, das pol\u00edticas p\u00fablicas e da m\u00eddia para o bioma. Ele \u00e9 visto como o patinho feio dos biomas. Isso reflete na falta de recursos destinados para a melhoria da conviv\u00eancia do sertanejo com o semi\u00e1rido&#8221;, lamenta.<\/p>\n<\/div>\n<\/div>\n<div>\n<div>\n<p class=\"bullet\"><cite>Olha quanto tempo demoramos para entender o valor que o bioma tem. A Caatinga ainda n\u00e3o \u00e9 considerada um patrim\u00f4nio nacional pela Constitui\u00e7\u00e3o. Essa percep\u00e7\u00e3o de terra rachada precisa mudar.<\/cite><\/p>\n<\/div>\n<\/div>\n<div>\n<div>\n<p class=\"bullet\"><strong>Carolina Esteves, pesquisadora do Pr\u00f3-carn\u00edvoros e cofundadora do Amigos da On\u00e7a<\/strong><\/p>\n<\/div>\n<\/div>\n<\/div>\n<\/div>\n<\/div>\n<\/div>\n<div data-v-da1c35aa=\"\">\n<div class=\"container grid\" data-v-da1c35aa=\"\">\n<aside class=\"col-custom col-lg-3\" data-v-da1c35aa=\"\"><\/aside>\n<div class=\"central-column col-lg-6\" data-v-da1c35aa=\"\">\n<div class=\"jupiter-paragraph-fragment\" data-v-da1c35aa=\"\">\n<div style=\"text-align: justify;\">\n<div>\n<p class=\"bullet mt-0\">Enquanto essa percep\u00e7\u00e3o permanece ainda no passado, o rel\u00f3gio do desenvolvimento energ\u00e9tico anda a passos largos e n\u00e3o espera. E, a cada segundo, as poucas on\u00e7as que ainda sobrevivem ali ficam mais amea\u00e7adas.<\/p>\n<\/div>\n<\/div>\n<div style=\"text-align: justify;\">\n<div>\n<p class=\"bullet\">&#8220;\u00c9 importante deixar claro que a proposta da gera\u00e7\u00e3o de energia \u00e9 extremamente pertinente e importante, mas o que precisa avan\u00e7ar na mesma velocidade \u00e9 o entendimento do impacto desses empreendimentos em regi\u00f5es conservadas&#8221;, finaliza Cl\u00e1udia.<\/p>\n<\/div>\n<\/div>\n<div>\n<div>\n<p class=\"bullet\" style=\"text-align: justify;\">Fonte: UOl\/Por Suzana Camargo<\/p>\n<\/div>\n<\/div>\n<\/div>\n<\/div>\n<\/div>\n<\/div>\n<\/div>\n","protected":false},"excerpt":{"rendered":"<p>Entre mar\u00e7o de 2017 e janeiro de 2018, uma f\u00eamea de on\u00e7a-parda (Puma concolor) teve seu deslocamento monitorado no norte da Bahia, na regi\u00e3o da \u00c1rea de Prote\u00e7\u00e3o Ambiental do Boqueir\u00e3o da On\u00e7a, que junto ao parque nacional de mesmo nome forma o maior cont\u00ednuo preservado da Caatinga. Batizada de Vit\u00f3ria, ela foi o primeiro [&hellip;]<\/p>\n","protected":false},"author":1,"featured_media":56206,"comment_status":"closed","ping_status":"open","sticky":false,"template":"","format":"standard","meta":{"_uag_custom_page_level_css":"","_monsterinsights_skip_tracking":false,"_monsterinsights_sitenote_active":false,"_monsterinsights_sitenote_note":"","_monsterinsights_sitenote_category":0,"jetpack_post_was_ever_published":false,"_jetpack_newsletter_access":"","_jetpack_dont_email_post_to_subs":false,"_jetpack_newsletter_tier_id":0,"_jetpack_memberships_contains_paywalled_content":false,"_jetpack_memberships_contains_paid_content":false,"footnotes":"","jetpack_publicize_message":"","jetpack_publicize_feature_enabled":true,"jetpack_social_post_already_shared":true,"jetpack_social_options":{"image_generator_settings":{"template":"highway","default_image_id":0,"font":"","enabled":false},"version":2}},"categories":[3372],"tags":[],"class_list":["post-56205","post","type-post","status-publish","format-standard","has-post-thumbnail","hentry","category-meio-ambiente"],"jetpack_publicize_connections":[],"jetpack_featured_media_url":"https:\/\/blogopara.com.br\/wp-content\/uploads\/2023\/08\/transferir-1.jpg","uagb_featured_image_src":{"full":["https:\/\/blogopara.com.br\/wp-content\/uploads\/2023\/08\/transferir-1.jpg",400,224,false],"thumbnail":["https:\/\/blogopara.com.br\/wp-content\/uploads\/2023\/08\/transferir-1-150x150.jpg",150,150,true],"medium":["https:\/\/blogopara.com.br\/wp-content\/uploads\/2023\/08\/transferir-1-300x168.jpg",300,168,true],"medium_large":["https:\/\/blogopara.com.br\/wp-content\/uploads\/2023\/08\/transferir-1.jpg",400,224,false],"large":["https:\/\/blogopara.com.br\/wp-content\/uploads\/2023\/08\/transferir-1.jpg",400,224,false],"1536x1536":["https:\/\/blogopara.com.br\/wp-content\/uploads\/2023\/08\/transferir-1.jpg",400,224,false],"2048x2048":["https:\/\/blogopara.com.br\/wp-content\/uploads\/2023\/08\/transferir-1.jpg",400,224,false],"mantranews-slider-large":["https:\/\/blogopara.com.br\/wp-content\/uploads\/2023\/08\/transferir-1.jpg",400,224,false],"mantranews-featured-medium":["https:\/\/blogopara.com.br\/wp-content\/uploads\/2023\/08\/transferir-1.jpg",400,224,false],"mantranews-featured-long":["https:\/\/blogopara.com.br\/wp-content\/uploads\/2023\/08\/transferir-1-300x224.jpg",300,224,true],"mantranews-block-medium":["https:\/\/blogopara.com.br\/wp-content\/uploads\/2023\/08\/transferir-1.jpg",400,224,false],"mantranews-carousel-image":["https:\/\/blogopara.com.br\/wp-content\/uploads\/2023\/08\/transferir-1.jpg",400,224,false],"mantranews-block-thumb":["https:\/\/blogopara.com.br\/wp-content\/uploads\/2023\/08\/transferir-1-322x224.jpg",322,224,true],"mantranews-single-large":["https:\/\/blogopara.com.br\/wp-content\/uploads\/2023\/08\/transferir-1.jpg",400,224,false]},"uagb_author_info":{"display_name":"Reda\u00e7\u00e3o geral","author_link":"https:\/\/blogopara.com.br\/index.php\/author\/blogopara"},"uagb_comment_info":0,"uagb_excerpt":"Entre mar\u00e7o de 2017 e janeiro de 2018, uma f\u00eamea de on\u00e7a-parda (Puma concolor) teve seu deslocamento monitorado no norte da Bahia, na regi\u00e3o da \u00c1rea de Prote\u00e7\u00e3o Ambiental do Boqueir\u00e3o da On\u00e7a, que junto ao parque nacional de mesmo nome forma o maior cont\u00ednuo preservado da Caatinga. Batizada de Vit\u00f3ria, ela foi o primeiro&hellip;","jetpack_sharing_enabled":true,"jetpack_likes_enabled":true,"_links":{"self":[{"href":"https:\/\/blogopara.com.br\/index.php\/wp-json\/wp\/v2\/posts\/56205","targetHints":{"allow":["GET"]}}],"collection":[{"href":"https:\/\/blogopara.com.br\/index.php\/wp-json\/wp\/v2\/posts"}],"about":[{"href":"https:\/\/blogopara.com.br\/index.php\/wp-json\/wp\/v2\/types\/post"}],"author":[{"embeddable":true,"href":"https:\/\/blogopara.com.br\/index.php\/wp-json\/wp\/v2\/users\/1"}],"replies":[{"embeddable":true,"href":"https:\/\/blogopara.com.br\/index.php\/wp-json\/wp\/v2\/comments?post=56205"}],"version-history":[{"count":2,"href":"https:\/\/blogopara.com.br\/index.php\/wp-json\/wp\/v2\/posts\/56205\/revisions"}],"predecessor-version":[{"id":56214,"href":"https:\/\/blogopara.com.br\/index.php\/wp-json\/wp\/v2\/posts\/56205\/revisions\/56214"}],"wp:featuredmedia":[{"embeddable":true,"href":"https:\/\/blogopara.com.br\/index.php\/wp-json\/wp\/v2\/media\/56206"}],"wp:attachment":[{"href":"https:\/\/blogopara.com.br\/index.php\/wp-json\/wp\/v2\/media?parent=56205"}],"wp:term":[{"taxonomy":"category","embeddable":true,"href":"https:\/\/blogopara.com.br\/index.php\/wp-json\/wp\/v2\/categories?post=56205"},{"taxonomy":"post_tag","embeddable":true,"href":"https:\/\/blogopara.com.br\/index.php\/wp-json\/wp\/v2\/tags?post=56205"}],"curies":[{"name":"wp","href":"https:\/\/api.w.org\/{rel}","templated":true}]}}