{"id":56224,"date":"2023-08-16T09:13:00","date_gmt":"2023-08-16T12:13:00","guid":{"rendered":"https:\/\/blogopara.com.br\/?p=56224"},"modified":"2023-08-15T14:16:12","modified_gmt":"2023-08-15T17:16:12","slug":"conselho-nacional-de-saude-reconhece-terreiros-de-candomble-como-locais-de-acolhimento-e-curas-complementares-ao-sus","status":"publish","type":"post","link":"https:\/\/blogopara.com.br\/index.php\/2023\/08\/16\/conselho-nacional-de-saude-reconhece-terreiros-de-candomble-como-locais-de-acolhimento-e-curas-complementares-ao-sus","title":{"rendered":"Conselho Nacional de Sa\u00fade reconhece terreiros de candombl\u00e9 como locais de acolhimento e \u201ccuras\u201d complementares ao SUS"},"content":{"rendered":"<p style=\"font-weight: 400; text-align: justify;\">O Conselho Nacional de Sa\u00fade aprovou uma resolu\u00e7\u00e3o que apresenta 59 propostas para sa\u00fade p\u00fablica no Brasil. Uma das propostas \u00e9 o termo de n\u00famero 46 que reconhece os terreiros, barrac\u00f5es e templos religiosos de matriz africana como pontos cruciais de acolhimento \u00e0 sa\u00fade e cura complementares do Sistema \u00fanico de Sa\u00fade (SUS). A portaria publicada no \u00faltimo dia 20, considerou esses templos como \u201c promotores de sa\u00fade e cura\u201d.<\/p>\n<p style=\"font-weight: 400; text-align: justify;\">O texto da resolu\u00e7\u00e3o 715 aponta que os terreiros de candombl\u00e9 auxiliam no combate ao racismo e \u00e0 viola\u00e7\u00e3o de direitos, al\u00e9m de ajudar na preserva\u00e7\u00e3o da sa\u00fade p\u00fablica.\u00a0 Os locais foram descritos como \u201ca primeira porta de entrada para os que mais precisavam e de espa\u00e7o de cura para o desequil\u00edbrio mental, ps\u00edquico, social e alimentar\u201d.<\/p>\n<p style=\"font-weight: 400; text-align: justify;\">\u201cReconhecer as manifesta\u00e7\u00f5es da cultura popular dos povos tradicionais de matriz africana e as Unidades Territoriais Tradicionais de Matriz Africana (terreiros, terreiras, barrac\u00f5es, casas de religi\u00e3o, etc.) como equipamentos promotores de sa\u00fade e cura complementares do SUS, no processo de promo\u00e7\u00e3o da sa\u00fade e 1\u00aa porta de entrada para os que mais precisavam e de espa\u00e7o de cura para o desequil\u00edbrio mental, ps\u00edquico, social, alimentar e com isso respeitar as complexidades inerentes \u00e0s culturas e povos tradicionais de matriz africana, na busca da preserva\u00e7\u00e3o, instrumentos esses previstos na pol\u00edtica de sa\u00fade p\u00fablica, combate ao racismo, \u00e0 viola\u00e7\u00e3o de direitos, \u00e0 discrimina\u00e7\u00e3o religiosa, dentre outras\u201d, diz o documento.<\/p>\n<p style=\"font-weight: 400; text-align: justify;\">A mesma resolu\u00e7\u00e3o apresenta ainda outros debates, como a legaliza\u00e7\u00e3o do aborto e da maconha, apresentados no ponto 49. Tamb\u00e9m, no ponto 44, destaca a import\u00e2ncia de atualizar a Pol\u00edtica Nacional de Sa\u00fade Integral LGBTIA+ e estabelecer diretrizes espec\u00edficas de atendimento para essa comunidade.<\/p>\n","protected":false},"excerpt":{"rendered":"<p>O Conselho Nacional de Sa\u00fade aprovou uma resolu\u00e7\u00e3o que apresenta 59 propostas para sa\u00fade p\u00fablica no Brasil. Uma das propostas \u00e9 o termo de n\u00famero 46 que reconhece os terreiros, barrac\u00f5es e templos religiosos de matriz africana como pontos cruciais de acolhimento \u00e0 sa\u00fade e cura complementares do Sistema \u00fanico de Sa\u00fade (SUS). A portaria [&hellip;]<\/p>\n","protected":false},"author":1,"featured_media":56225,"comment_status":"closed","ping_status":"open","sticky":false,"template":"","format":"standard","meta":{"_uag_custom_page_level_css":"","_monsterinsights_skip_tracking":false,"_monsterinsights_sitenote_active":false,"_monsterinsights_sitenote_note":"","_monsterinsights_sitenote_category":0,"jetpack_post_was_ever_published":false,"_jetpack_newsletter_access":"","_jetpack_dont_email_post_to_subs":false,"_jetpack_newsletter_tier_id":0,"_jetpack_memberships_contains_paywalled_content":false,"_jetpack_memberships_contains_paid_content":false,"footnotes":"","jetpack_publicize_message":"","jetpack_publicize_feature_enabled":true,"jetpack_social_post_already_shared":true,"jetpack_social_options":{"image_generator_settings":{"template":"highway","default_image_id":0,"font":"","enabled":false},"version":2}},"categories":[200,205],"tags":[],"class_list":["post-56224","post","type-post","status-publish","format-standard","has-post-thumbnail","hentry","category-brasil","category-saude"],"jetpack_publicize_connections":[],"jetpack_featured_media_url":"https:\/\/blogopara.com.br\/wp-content\/uploads\/2023\/08\/images-4.jpg","uagb_featured_image_src":{"full":["https:\/\/blogopara.com.br\/wp-content\/uploads\/2023\/08\/images-4.jpg",400,311,false],"thumbnail":["https:\/\/blogopara.com.br\/wp-content\/uploads\/2023\/08\/images-4-150x150.jpg",150,150,true],"medium":["https:\/\/blogopara.com.br\/wp-content\/uploads\/2023\/08\/images-4-300x233.jpg",300,233,true],"medium_large":["https:\/\/blogopara.com.br\/wp-content\/uploads\/2023\/08\/images-4.jpg",400,311,false],"large":["https:\/\/blogopara.com.br\/wp-content\/uploads\/2023\/08\/images-4.jpg",400,311,false],"1536x1536":["https:\/\/blogopara.com.br\/wp-content\/uploads\/2023\/08\/images-4.jpg",400,311,false],"2048x2048":["https:\/\/blogopara.com.br\/wp-content\/uploads\/2023\/08\/images-4.jpg",400,311,false],"mantranews-slider-large":["https:\/\/blogopara.com.br\/wp-content\/uploads\/2023\/08\/images-4.jpg",400,311,false],"mantranews-featured-medium":["https:\/\/blogopara.com.br\/wp-content\/uploads\/2023\/08\/images-4-400x307.jpg",400,307,true],"mantranews-featured-long":["https:\/\/blogopara.com.br\/wp-content\/uploads\/2023\/08\/images-4-300x311.jpg",300,311,true],"mantranews-block-medium":["https:\/\/blogopara.com.br\/wp-content\/uploads\/2023\/08\/images-4-400x290.jpg",400,290,true],"mantranews-carousel-image":["https:\/\/blogopara.com.br\/wp-content\/uploads\/2023\/08\/images-4.jpg",400,311,false],"mantranews-block-thumb":["https:\/\/blogopara.com.br\/wp-content\/uploads\/2023\/08\/images-4-322x230.jpg",322,230,true],"mantranews-single-large":["https:\/\/blogopara.com.br\/wp-content\/uploads\/2023\/08\/images-4.jpg",400,311,false]},"uagb_author_info":{"display_name":"Reda\u00e7\u00e3o geral","author_link":"https:\/\/blogopara.com.br\/index.php\/author\/blogopara"},"uagb_comment_info":0,"uagb_excerpt":"O Conselho Nacional de Sa\u00fade aprovou uma resolu\u00e7\u00e3o que apresenta 59 propostas para sa\u00fade p\u00fablica no Brasil. Uma das propostas \u00e9 o termo de n\u00famero 46 que reconhece os terreiros, barrac\u00f5es e templos religiosos de matriz africana como pontos cruciais de acolhimento \u00e0 sa\u00fade e cura complementares do Sistema \u00fanico de Sa\u00fade (SUS). A portaria&hellip;","jetpack_sharing_enabled":true,"jetpack_likes_enabled":true,"_links":{"self":[{"href":"https:\/\/blogopara.com.br\/index.php\/wp-json\/wp\/v2\/posts\/56224","targetHints":{"allow":["GET"]}}],"collection":[{"href":"https:\/\/blogopara.com.br\/index.php\/wp-json\/wp\/v2\/posts"}],"about":[{"href":"https:\/\/blogopara.com.br\/index.php\/wp-json\/wp\/v2\/types\/post"}],"author":[{"embeddable":true,"href":"https:\/\/blogopara.com.br\/index.php\/wp-json\/wp\/v2\/users\/1"}],"replies":[{"embeddable":true,"href":"https:\/\/blogopara.com.br\/index.php\/wp-json\/wp\/v2\/comments?post=56224"}],"version-history":[{"count":1,"href":"https:\/\/blogopara.com.br\/index.php\/wp-json\/wp\/v2\/posts\/56224\/revisions"}],"predecessor-version":[{"id":56226,"href":"https:\/\/blogopara.com.br\/index.php\/wp-json\/wp\/v2\/posts\/56224\/revisions\/56226"}],"wp:featuredmedia":[{"embeddable":true,"href":"https:\/\/blogopara.com.br\/index.php\/wp-json\/wp\/v2\/media\/56225"}],"wp:attachment":[{"href":"https:\/\/blogopara.com.br\/index.php\/wp-json\/wp\/v2\/media?parent=56224"}],"wp:term":[{"taxonomy":"category","embeddable":true,"href":"https:\/\/blogopara.com.br\/index.php\/wp-json\/wp\/v2\/categories?post=56224"},{"taxonomy":"post_tag","embeddable":true,"href":"https:\/\/blogopara.com.br\/index.php\/wp-json\/wp\/v2\/tags?post=56224"}],"curies":[{"name":"wp","href":"https:\/\/api.w.org\/{rel}","templated":true}]}}