{"id":56227,"date":"2023-08-16T10:16:00","date_gmt":"2023-08-16T13:16:00","guid":{"rendered":"https:\/\/blogopara.com.br\/?p=56227"},"modified":"2023-08-15T14:25:09","modified_gmt":"2023-08-15T17:25:09","slug":"larissa-manoela-expoe-briga-com-os-pais-e-choca-ao-revelar-situacao-financeira","status":"publish","type":"post","link":"https:\/\/blogopara.com.br\/index.php\/2023\/08\/16\/larissa-manoela-expoe-briga-com-os-pais-e-choca-ao-revelar-situacao-financeira","title":{"rendered":"Larissa Manoela exp\u00f5e briga com os pais e choca ao revelar situa\u00e7\u00e3o financeira"},"content":{"rendered":"<p style=\"font-weight: 400; text-align: justify;\">Larissa Manoela revelou na noite deste domingo (13) que est\u00e1 abrindo m\u00e3o de todo o patrim\u00f4nio que acumulou por causa de uma briga com o pai e a m\u00e3e, que administraram todo o caminho profissional dela at\u00e9 este ano.<\/p>\n<p style=\"font-weight: 400; text-align: justify;\">\u201cA partir do momento em que eu fiz 18 anos e que eu entendi que era o m\u00ednimo saber um pouco do meu neg\u00f3cio, do que eu estava provendo durante todos esses anos&#8221;, relata.<\/p>\n<p style=\"font-weight: 400; text-align: justify;\">Trabalhando como modelo desde crian\u00e7a, Larissa diz que mesmo depois da maioridade, n\u00e3o sabia quanto ganhava, quantos bens tinha e come\u00e7ou a questionar os pais. E no \u00faltimo ano, passou a ser mais incisiva nessa busca por informa\u00e7\u00f5es.<\/p>\n<p style=\"text-align: justify;\">\u201cEu s\u00f3 queria entender o neg\u00f3cio. Como estava a quest\u00e3o financeira? Que nunca me era apresentada. Que eu n\u00e3o sabia o que eu recebia, o que tava sendo pago\u201d, conta.<\/p>\n<p style=\"text-align: justify;\">Em uma conversa gravada por Larissa no fim do ano passado, a m\u00e3e reclama dessas cobran\u00e7as. \u201cQuer me chamar de mercen\u00e1ria, pode chamar. Mas o que eu n\u00e3o vou abrir m\u00e3o de um centavo \u00e9 cuidar do seu dinheiro. O resto, voc\u00ea pode fazer aquilo que voc\u00ea quer\u201d, diz a m\u00e3e no \u00e1udio.<\/p>\n<p style=\"text-align: justify;\">\u201cQualquer tipo de pagamento, fosse uma passagem a\u00e9rea, a compra de algo mais sup\u00e9rfluo, eu tinha que pedir autoriza\u00e7\u00e3o\u201d, revela.<\/p>\n<p style=\"text-align: justify;\">Larissa apresentou ao Fant\u00e1stico uma troca de mensagens com a m\u00e3e, em outubro de 2022, pouco depois do fim da novela global Al\u00e9m da Ilus\u00e3o, em que tinha sido protagonista. A atriz pede R$ 10 para pagar um milho na praia. Silvana responde dizendo que n\u00e3o h\u00e1 saldo na conta da filha e manda o dinheiro para o pix do vendedor.<\/p>\n<p style=\"text-align: justify;\">Um m\u00eas depois, Larissa pede dinheiro ao pai em um \u00e1udio. &#8220;Pai, voc\u00ea consegue fazer uma transfer\u00eancia pra minha conta pra eu pagar um milho, um sorvete, um mate aqui na praia, por favor?&#8221;<\/p>\n<p style=\"text-align: justify;\">Larissa Manoela buscou um escrit\u00f3rio de advocacia e pediu ao contador os contratos sociais das tr\u00eas empresas das quais era s\u00f3cia.<\/p>\n<p style=\"text-align: justify;\">A primeira, Dalari, foi aberta pelos pais quando ela tinha 13 anos, em outubro de 2014, pra gerir a carreira da filha: todos os contratos, os pagamentos. A empresa tamb\u00e9m concentra a maior parte do patrim\u00f4nio adquirido ao longo da vida profissional da atriz.<\/p>\n<p style=\"text-align: justify;\">Em outra grava\u00e7\u00e3o feita por Larissa, no fim do ano passado, o pai e a m\u00e3e afirmam que os tr\u00eas tinham cotas iguais, de 33%, nesta empresa. Mas na verdade, n\u00e3o era bem assim &#8211; Larissa diz que descobriu que a porcentagem que ela tinha era de 2% da cota e, os pais, 98%.<\/p>\n<p style=\"text-align: justify;\">A segunda empresa foi aberta em junho de 2020, quando ela tinha 19 anos. Desta vez, a empresa pertencia s\u00f3 \u00e0 Larissa. Mas uma cl\u00e1usula dizia que os pais tinham plenos poderes para tomar decis\u00f5es sem pr\u00e9via autoriza\u00e7\u00e3o da filha.<\/p>\n<p style=\"text-align: justify;\">A terceira empresa \u00e9 uma holding dividida em tr\u00eas partes iguais, criada em maio do ano passado para reunir todo o patrim\u00f4nio que estava na primeira empresa \u2013 o que nunca aconteceu, segundo Larissa.<\/p>\n<p style=\"text-align: justify;\">Outro \u00e1udio gravado por Larissa no come\u00e7o deste ano mostra que a rela\u00e7\u00e3o foi se fragilizando.<\/p>\n<p style=\"text-align: justify;\">\u201cPorque eu vou ser bem sincera pra voc\u00ea , Larissa. Eu nunca quis nada teu. Nada. Eu vou te falar uma coisa. Pra voc\u00ea, eu s\u00f3 vou ser t\u00edtulo de m\u00e3e. Quando falar m\u00e3e pra voc\u00ea, voc\u00ea s\u00f3 vai ter o t\u00edtulo de m\u00e3e. E \u00e9 isso. Licen\u00e7a\u201d, diz a m\u00e3e no \u00e1udio.<\/p>\n<p style=\"text-align: justify;\">Em mar\u00e7o, Larissa e os pais se reuniram na presen\u00e7a de advogados para tentar uma redistribui\u00e7\u00e3o na sociedade das empresas. Os pais concordaram com a divis\u00e3o meio a meio da empresa mas, segundo Larissa, desde que ganhassem 6% de sua renda pelos pr\u00f3ximos 10 anos. Sem acordo, sem respostas, o rompimento foi inevit\u00e1vel.<\/p>\n<p style=\"text-align: justify;\">&#8220;E eu cheguei a falar isso pro meu pai. Eu falei: &#8216;eu prefiro perder o empres\u00e1rio do que perder o meu pai&#8217;. Eu a todo instante tentei fazer com que essa conversa, esse assunto, fosse desdobrado de uma maneira simples&#8221;, desabafa.<\/p>\n<p style=\"text-align: justify;\">Larissa tirou os pais da administra\u00e7\u00e3o da sua empresa individual. E come\u00e7ou a renegociar os contratos atrelados \u00e0 Dalari, empresa em que s\u00f3 tinha 2%, para concentrar todos os rendimentos em uma \u00fanica firma e \u00e9 com essa que Larissa vai gerir a carreira.<\/p>\n<p style=\"text-align: justify;\">Segundo Larissa, os conflitos nada t\u00eam a ver com o noivo, o tamb\u00e9m ator Andr\u00e9 Luiz Frambach.<\/p>\n<p style=\"text-align: justify;\">\u201cHoje ele \u00e9 a minha escolha. \u00c9 o meu parceiro de vida, meu noivo. A gente deseja construir esse futuro. Mas toda essa situa\u00e7\u00e3o se deu antes dele entrar na minha vida\u201d, destaca.<\/p>\n<p style=\"text-align: justify;\">Larissa ainda conta que decidiu abrir m\u00e3o de um patrim\u00f4nio estimado em R$ 18 milh\u00f5es e que deixou tudo para os pais. Eles at\u00e9 agora n\u00e3o assinaram o distrato das sociedades nas duas empresas. A atriz teve que notific\u00e1-los extrajucialmente.<\/p>\n<p style=\"text-align: justify;\">\u201cA minha decis\u00e3o de abrir m\u00e3o de todo o meu neg\u00f3cio \u00e9 porque eu tenho a plena certeza de que o meu caminho, ele vai me trazer grandes conquistas. Eu tenho s\u00f3 22 anos. Eu tenho a plena consci\u00eancia de que essa minha escolha \u00e9 pra dar o conforto necess\u00e1rio para os meus pais&#8221;, pondera.<\/p>\n<p style=\"text-align: justify;\">&#8220;Esse momento que eu me encontro hoje \u00e9 o mais dif\u00edcil da minha vida. Sabendo que essa ferida, ela t\u00e1 cicatrizando. E que os meus pais jamais v\u00e3o deixar de ser os meus pais. Jamais vou deixar de am\u00e1-los&#8221;, desabafa a atriz.<\/p>\n<p style=\"text-align: justify;\">Em nota, a defesa de Gilberto e Silvana Elias dos Santos, pais da atriz, afirma que Larissa Manoela falta com a verdade quando diz que n\u00e3o sabia qual era o percentual dela na empresa Dalari, j\u00e1 que assinou uma altera\u00e7\u00e3o contratual em janeiro de 2020 na qual constava clara e expressamente o percentual de 2%. Segundo o advogado, tamb\u00e9m n\u00e3o \u00e9 verdade que Larissa n\u00e3o tinha acesso a dinheiro no dia a dia, porque ela sempre teve e utilizou seus cart\u00f5es de cr\u00e9dito com os quais sempre p\u00f4de comprar tudo que desejou.<\/p>\n<p style=\"text-align: justify;\">De acordo ainda com a nota, a atriz distorce a realidade quando diz que tem dificuldade para negociar a sa\u00edda das sociedades com os pais, uma vez que as notifica\u00e7\u00f5es formais s\u00f3 foram recebidas por eles no in\u00edcio de agosto. E que os pais est\u00e3o dentro do prazo para as provid\u00eancias legais.<\/p>\n<p style=\"text-align: justify;\">O advogado afirma que \u00e9 Larissa quem se recusa a conversar com a m\u00e3e e sequer responde as mensagens do pai. Por fim, a defesa diz que os pais acreditam ser extremamente triste e lament\u00e1vel a op\u00e7\u00e3o de Larissa pela ingratid\u00e3o, pela indiferen\u00e7a e pelo desrespeito. E que a atriz \u00e9 amada incondicionalmente.<\/p>\n","protected":false},"excerpt":{"rendered":"<p>Larissa Manoela revelou na noite deste domingo (13) que est\u00e1 abrindo m\u00e3o de todo o patrim\u00f4nio que acumulou por causa de uma briga com o pai e a m\u00e3e, que administraram todo o caminho profissional dela at\u00e9 este ano. \u201cA partir do momento em que eu fiz 18 anos e que eu entendi que era [&hellip;]<\/p>\n","protected":false},"author":1,"featured_media":56228,"comment_status":"closed","ping_status":"open","sticky":false,"template":"","format":"standard","meta":{"_uag_custom_page_level_css":"","_monsterinsights_skip_tracking":false,"_monsterinsights_sitenote_active":false,"_monsterinsights_sitenote_note":"","_monsterinsights_sitenote_category":0,"jetpack_post_was_ever_published":false,"_jetpack_newsletter_access":"","_jetpack_dont_email_post_to_subs":false,"_jetpack_newsletter_tier_id":0,"_jetpack_memberships_contains_paywalled_content":false,"_jetpack_memberships_contains_paid_content":false,"footnotes":"","jetpack_publicize_message":"","jetpack_publicize_feature_enabled":true,"jetpack_social_post_already_shared":true,"jetpack_social_options":{"image_generator_settings":{"template":"highway","default_image_id":0,"font":"","enabled":false},"version":2}},"categories":[200],"tags":[],"class_list":["post-56227","post","type-post","status-publish","format-standard","has-post-thumbnail","hentry","category-brasil"],"jetpack_publicize_connections":[],"jetpack_featured_media_url":"https:\/\/blogopara.com.br\/wp-content\/uploads\/2023\/08\/balanco-geral-07082023145849990.jpeg","uagb_featured_image_src":{"full":["https:\/\/blogopara.com.br\/wp-content\/uploads\/2023\/08\/balanco-geral-07082023145849990.jpeg",500,281,false],"thumbnail":["https:\/\/blogopara.com.br\/wp-content\/uploads\/2023\/08\/balanco-geral-07082023145849990-150x150.jpeg",150,150,true],"medium":["https:\/\/blogopara.com.br\/wp-content\/uploads\/2023\/08\/balanco-geral-07082023145849990-300x169.jpeg",300,169,true],"medium_large":["https:\/\/blogopara.com.br\/wp-content\/uploads\/2023\/08\/balanco-geral-07082023145849990.jpeg",500,281,false],"large":["https:\/\/blogopara.com.br\/wp-content\/uploads\/2023\/08\/balanco-geral-07082023145849990.jpeg",500,281,false],"1536x1536":["https:\/\/blogopara.com.br\/wp-content\/uploads\/2023\/08\/balanco-geral-07082023145849990.jpeg",500,281,false],"2048x2048":["https:\/\/blogopara.com.br\/wp-content\/uploads\/2023\/08\/balanco-geral-07082023145849990.jpeg",500,281,false],"mantranews-slider-large":["https:\/\/blogopara.com.br\/wp-content\/uploads\/2023\/08\/balanco-geral-07082023145849990.jpeg",500,281,false],"mantranews-featured-medium":["https:\/\/blogopara.com.br\/wp-content\/uploads\/2023\/08\/balanco-geral-07082023145849990-420x281.jpeg",420,281,true],"mantranews-featured-long":["https:\/\/blogopara.com.br\/wp-content\/uploads\/2023\/08\/balanco-geral-07082023145849990-300x281.jpeg",300,281,true],"mantranews-block-medium":["https:\/\/blogopara.com.br\/wp-content\/uploads\/2023\/08\/balanco-geral-07082023145849990-464x281.jpeg",464,281,true],"mantranews-carousel-image":["https:\/\/blogopara.com.br\/wp-content\/uploads\/2023\/08\/balanco-geral-07082023145849990.jpeg",500,281,false],"mantranews-block-thumb":["https:\/\/blogopara.com.br\/wp-content\/uploads\/2023\/08\/balanco-geral-07082023145849990-322x230.jpeg",322,230,true],"mantranews-single-large":["https:\/\/blogopara.com.br\/wp-content\/uploads\/2023\/08\/balanco-geral-07082023145849990.jpeg",500,281,false]},"uagb_author_info":{"display_name":"Reda\u00e7\u00e3o geral","author_link":"https:\/\/blogopara.com.br\/index.php\/author\/blogopara"},"uagb_comment_info":0,"uagb_excerpt":"Larissa Manoela revelou na noite deste domingo (13) que est\u00e1 abrindo m\u00e3o de todo o patrim\u00f4nio que acumulou por causa de uma briga com o pai e a m\u00e3e, que administraram todo o caminho profissional dela at\u00e9 este ano. \u201cA partir do momento em que eu fiz 18 anos e que eu entendi que era&hellip;","jetpack_sharing_enabled":true,"jetpack_likes_enabled":true,"_links":{"self":[{"href":"https:\/\/blogopara.com.br\/index.php\/wp-json\/wp\/v2\/posts\/56227","targetHints":{"allow":["GET"]}}],"collection":[{"href":"https:\/\/blogopara.com.br\/index.php\/wp-json\/wp\/v2\/posts"}],"about":[{"href":"https:\/\/blogopara.com.br\/index.php\/wp-json\/wp\/v2\/types\/post"}],"author":[{"embeddable":true,"href":"https:\/\/blogopara.com.br\/index.php\/wp-json\/wp\/v2\/users\/1"}],"replies":[{"embeddable":true,"href":"https:\/\/blogopara.com.br\/index.php\/wp-json\/wp\/v2\/comments?post=56227"}],"version-history":[{"count":1,"href":"https:\/\/blogopara.com.br\/index.php\/wp-json\/wp\/v2\/posts\/56227\/revisions"}],"predecessor-version":[{"id":56229,"href":"https:\/\/blogopara.com.br\/index.php\/wp-json\/wp\/v2\/posts\/56227\/revisions\/56229"}],"wp:featuredmedia":[{"embeddable":true,"href":"https:\/\/blogopara.com.br\/index.php\/wp-json\/wp\/v2\/media\/56228"}],"wp:attachment":[{"href":"https:\/\/blogopara.com.br\/index.php\/wp-json\/wp\/v2\/media?parent=56227"}],"wp:term":[{"taxonomy":"category","embeddable":true,"href":"https:\/\/blogopara.com.br\/index.php\/wp-json\/wp\/v2\/categories?post=56227"},{"taxonomy":"post_tag","embeddable":true,"href":"https:\/\/blogopara.com.br\/index.php\/wp-json\/wp\/v2\/tags?post=56227"}],"curies":[{"name":"wp","href":"https:\/\/api.w.org\/{rel}","templated":true}]}}