{"id":56240,"date":"2023-08-16T13:09:00","date_gmt":"2023-08-16T16:09:00","guid":{"rendered":"https:\/\/blogopara.com.br\/?p=56240"},"modified":"2023-08-15T17:11:02","modified_gmt":"2023-08-15T20:11:02","slug":"assisao-e-eleito-patrimonio-vivo-de-pernambuco","status":"publish","type":"post","link":"https:\/\/blogopara.com.br\/index.php\/2023\/08\/16\/assisao-e-eleito-patrimonio-vivo-de-pernambuco","title":{"rendered":"Assis\u00e3o \u00e9 eleito Patrim\u00f4nio Vivo de Pernambuco"},"content":{"rendered":"<p style=\"text-align: justify;\">O Governo de Pernambuco, por meio da Secretaria Estadual de Cultura (Secult-PE) e da Funda\u00e7\u00e3o do Patrim\u00f4nio Hist\u00f3rico e Art\u00edstico de Pernambuco (Fundarpe), divulgou o resultado final da sele\u00e7\u00e3o do concurso anual de Registro de Patrim\u00f4nios Vivos de Pernambuco (RPV-PE).<\/p>\n<p style=\"text-align: justify;\">Foram escolhidos mais dez mestres, mestras e grupos. Assim, o Estado passa a ter 95 Patrim\u00f4nios Vivos registrados de diferentes regi\u00f5es do Estado. A elei\u00e7\u00e3o ocorreu durante reuni\u00e3o presencial do Conselho Estadual de Preserva\u00e7\u00e3o do Patrim\u00f4nio Cultural (CEPPC-PE), na Academia Pernambucana de Letras. Os dez novos eleitos participaram do edital que contou com 103 candidaturas inscritas e 101 habilitadas.<\/p>\n<p style=\"text-align: justify;\">O forrozeiro serra-talhadense, Assis\u00e3o, \u00e9 um dos contemplados com o t\u00edtulo de Patrim\u00f4nio Vivo de Pernambuco. Al\u00e9m dele, o Coco de Roda Negros e Negras do Leit\u00e3o da Carapu\u00e7a, de Afogados da Ingazeira, tamb\u00e9m foi contemplado na regi\u00e3o do Paje\u00fa.<\/p>\n<p style=\"text-align: justify;\">A titula\u00e7\u00e3o dos dez novos Patrim\u00f4nios Vivos est\u00e1 marcada para a pr\u00f3xima quinta-feira (17), Dia Nacional do Patrim\u00f4nio Hist\u00f3rico, durante cerim\u00f4nia da 16\u00aa Semana do Patrim\u00f4nio Cultural de Pernambuco, a ser realizada no Teatro Santa Isabel. Na ocasi\u00e3o tamb\u00e9m ser\u00e1 feita a entrega do Pr\u00eamio Ayrton de Almeida Carvalho, premia\u00e7\u00e3o promovida pela Fundarpe.<\/p>\n<p style=\"text-align: justify;\">Na reuni\u00e3o, na qual foram eleitos os dez novos Patrim\u00f4nios Vivos, o Conselho Estadual de Preserva\u00e7\u00e3o do Patrim\u00f4nio Cultural fez a leitura dos crit\u00e9rios e diretrizes que foram norteadores para a dif\u00edcil miss\u00e3o da avalia\u00e7\u00e3o das candidaturas e escolha dos contemplados.<\/p>\n<p style=\"text-align: justify;\">Blog Nill Junior<\/p>\n","protected":false},"excerpt":{"rendered":"<p>O Governo de Pernambuco, por meio da Secretaria Estadual de Cultura (Secult-PE) e da Funda\u00e7\u00e3o do Patrim\u00f4nio Hist\u00f3rico e Art\u00edstico de Pernambuco (Fundarpe), divulgou o resultado final da sele\u00e7\u00e3o do concurso anual de Registro de Patrim\u00f4nios Vivos de Pernambuco (RPV-PE). Foram escolhidos mais dez mestres, mestras e grupos. Assim, o Estado passa a ter 95 [&hellip;]<\/p>\n","protected":false},"author":1,"featured_media":56241,"comment_status":"closed","ping_status":"open","sticky":false,"template":"","format":"standard","meta":{"_uag_custom_page_level_css":"","_monsterinsights_skip_tracking":false,"_monsterinsights_sitenote_active":false,"_monsterinsights_sitenote_note":"","_monsterinsights_sitenote_category":0,"jetpack_post_was_ever_published":false,"_jetpack_newsletter_access":"","_jetpack_dont_email_post_to_subs":false,"_jetpack_newsletter_tier_id":0,"_jetpack_memberships_contains_paywalled_content":false,"_jetpack_memberships_contains_paid_content":false,"footnotes":"","jetpack_publicize_message":"","jetpack_publicize_feature_enabled":true,"jetpack_social_post_already_shared":true,"jetpack_social_options":{"image_generator_settings":{"template":"highway","default_image_id":0,"font":"","enabled":false},"version":2}},"categories":[1784],"tags":[],"class_list":["post-56240","post","type-post","status-publish","format-standard","has-post-thumbnail","hentry","category-cultura-2"],"jetpack_publicize_connections":[],"jetpack_featured_media_url":"https:\/\/blogopara.com.br\/wp-content\/uploads\/2023\/08\/assisao.jpg","uagb_featured_image_src":{"full":["https:\/\/blogopara.com.br\/wp-content\/uploads\/2023\/08\/assisao.jpg",500,333,false],"thumbnail":["https:\/\/blogopara.com.br\/wp-content\/uploads\/2023\/08\/assisao-150x150.jpg",150,150,true],"medium":["https:\/\/blogopara.com.br\/wp-content\/uploads\/2023\/08\/assisao-300x200.jpg",300,200,true],"medium_large":["https:\/\/blogopara.com.br\/wp-content\/uploads\/2023\/08\/assisao.jpg",500,333,false],"large":["https:\/\/blogopara.com.br\/wp-content\/uploads\/2023\/08\/assisao.jpg",500,333,false],"1536x1536":["https:\/\/blogopara.com.br\/wp-content\/uploads\/2023\/08\/assisao.jpg",500,333,false],"2048x2048":["https:\/\/blogopara.com.br\/wp-content\/uploads\/2023\/08\/assisao.jpg",500,333,false],"mantranews-slider-large":["https:\/\/blogopara.com.br\/wp-content\/uploads\/2023\/08\/assisao.jpg",500,333,false],"mantranews-featured-medium":["https:\/\/blogopara.com.br\/wp-content\/uploads\/2023\/08\/assisao-420x307.jpg",420,307,true],"mantranews-featured-long":["https:\/\/blogopara.com.br\/wp-content\/uploads\/2023\/08\/assisao-300x333.jpg",300,333,true],"mantranews-block-medium":["https:\/\/blogopara.com.br\/wp-content\/uploads\/2023\/08\/assisao-464x290.jpg",464,290,true],"mantranews-carousel-image":["https:\/\/blogopara.com.br\/wp-content\/uploads\/2023\/08\/assisao.jpg",500,333,false],"mantranews-block-thumb":["https:\/\/blogopara.com.br\/wp-content\/uploads\/2023\/08\/assisao-322x230.jpg",322,230,true],"mantranews-single-large":["https:\/\/blogopara.com.br\/wp-content\/uploads\/2023\/08\/assisao.jpg",500,333,false]},"uagb_author_info":{"display_name":"Reda\u00e7\u00e3o geral","author_link":"https:\/\/blogopara.com.br\/index.php\/author\/blogopara"},"uagb_comment_info":0,"uagb_excerpt":"O Governo de Pernambuco, por meio da Secretaria Estadual de Cultura (Secult-PE) e da Funda\u00e7\u00e3o do Patrim\u00f4nio Hist\u00f3rico e Art\u00edstico de Pernambuco (Fundarpe), divulgou o resultado final da sele\u00e7\u00e3o do concurso anual de Registro de Patrim\u00f4nios Vivos de Pernambuco (RPV-PE). Foram escolhidos mais dez mestres, mestras e grupos. Assim, o Estado passa a ter 95&hellip;","jetpack_sharing_enabled":true,"jetpack_likes_enabled":true,"_links":{"self":[{"href":"https:\/\/blogopara.com.br\/index.php\/wp-json\/wp\/v2\/posts\/56240","targetHints":{"allow":["GET"]}}],"collection":[{"href":"https:\/\/blogopara.com.br\/index.php\/wp-json\/wp\/v2\/posts"}],"about":[{"href":"https:\/\/blogopara.com.br\/index.php\/wp-json\/wp\/v2\/types\/post"}],"author":[{"embeddable":true,"href":"https:\/\/blogopara.com.br\/index.php\/wp-json\/wp\/v2\/users\/1"}],"replies":[{"embeddable":true,"href":"https:\/\/blogopara.com.br\/index.php\/wp-json\/wp\/v2\/comments?post=56240"}],"version-history":[{"count":1,"href":"https:\/\/blogopara.com.br\/index.php\/wp-json\/wp\/v2\/posts\/56240\/revisions"}],"predecessor-version":[{"id":56242,"href":"https:\/\/blogopara.com.br\/index.php\/wp-json\/wp\/v2\/posts\/56240\/revisions\/56242"}],"wp:featuredmedia":[{"embeddable":true,"href":"https:\/\/blogopara.com.br\/index.php\/wp-json\/wp\/v2\/media\/56241"}],"wp:attachment":[{"href":"https:\/\/blogopara.com.br\/index.php\/wp-json\/wp\/v2\/media?parent=56240"}],"wp:term":[{"taxonomy":"category","embeddable":true,"href":"https:\/\/blogopara.com.br\/index.php\/wp-json\/wp\/v2\/categories?post=56240"},{"taxonomy":"post_tag","embeddable":true,"href":"https:\/\/blogopara.com.br\/index.php\/wp-json\/wp\/v2\/tags?post=56240"}],"curies":[{"name":"wp","href":"https:\/\/api.w.org\/{rel}","templated":true}]}}