{"id":56244,"date":"2023-08-16T14:12:00","date_gmt":"2023-08-16T17:12:00","guid":{"rendered":"https:\/\/blogopara.com.br\/?p=56244"},"modified":"2023-08-15T17:26:55","modified_gmt":"2023-08-15T20:26:55","slug":"cpi-do-mst-ex-integrante-do-movimento-sem-terra-diz-ter-sido-expulsa-de-casa-e-acusa-valmir-assuncao","status":"publish","type":"post","link":"https:\/\/blogopara.com.br\/index.php\/2023\/08\/16\/cpi-do-mst-ex-integrante-do-movimento-sem-terra-diz-ter-sido-expulsa-de-casa-e-acusa-valmir-assuncao","title":{"rendered":"CPI do MST: ex-integrante do movimento sem-terra diz ter sido expulsa de casa e acusa Valmir Assun\u00e7\u00e3o"},"content":{"rendered":"<p style=\"text-align: justify;\">A Comiss\u00e3o Parlamentar de Inqu\u00e9rito (CPI) do Movimento dos Trabalhadores Rurais Sem Terra (MST) ouviu na ter\u00e7a-feira, 8, tr\u00eas assentados sobre a atua\u00e7\u00e3o dos l\u00edderes do movimento. Uma das depoentes foi a ex-participante do Acampamento S\u00e3o Jo\u00e3o, Vanuza dos Santos de Souza, que acusou o MST de expuls\u00e1-la da pr\u00f3pria casa no assentamento por n\u00e3o concordar com orienta\u00e7\u00f5es e direcionamentos defendidos pelas lideran\u00e7as sem-terra. Ela citou press\u00e3o pol\u00edtica em elei\u00e7\u00f5es. \u201cOu voc\u00ea vota, ou voc\u00ea perde a terra.\u201d<\/p>\n<p style=\"text-align: justify;\">Segundo Vanuza, o deputado Valmir Assun\u00e7\u00e3o (PT-BA) foi respons\u00e1vel por conceder a ela, h\u00e1 16 anos, o lote no acampamento, para que pudesse construir a casa, posteriormente destru\u00edda. Ela acusou o parlamentar petista de ser o mandante da a\u00e7\u00e3o.<\/p>\n<p style=\"text-align: justify;\">Durante o depoimento, Vanuza afirmou ter \u201cvergonha\u201d de estar na condi\u00e7\u00e3o de depoente e que as declara\u00e7\u00f5es dela n\u00e3o tinham o objetivo \u201cdifamar o movimento\u201d. \u201cEu tive coragem de estar aqui n\u00e3o para difamar o movimento, e sim pela minha honra e pela minha honestidade. Eu s\u00f3 queria ser dona de mim. Eu s\u00f3 queria ter o direito de ir e voltar. Eu s\u00f3 queria ter o direito de dizer \u2018eu n\u00e3o aceito essa decis\u00e3o do MST\u2019 porque vai de encontro com princ\u00edpios de direitos humanos e constitucionais\u201d, disse.<\/p>\n<p style=\"text-align: justify;\">Vanuza afirmou que a casa dela no assentamento, no sul da Bahia, foi destru\u00edda e ela e os filhos, espancados. Em um v\u00eddeo, a ex-participante do Acampamento S\u00e3o Jo\u00e3o mostrou a situa\u00e7\u00e3o da resid\u00eancia ap\u00f3s a suposta a\u00e7\u00e3o dos l\u00edderes do movimento: m\u00f3veis, janelas e telhados quebrados e panelas e roupas espalhadas pelo ch\u00e3o.<\/p>\n<p style=\"text-align: justify;\">Ela relatou que sofria press\u00e3o pol\u00edtica no assentamento durante per\u00edodos eleitorais. \u201cNo assentamento ou voc\u00ea vota, ou voc\u00ea perde a terra. Eu fui para rua durante anos e anos para fazer campanha para Valmir Assun\u00e7\u00e3o\u201d, afirmou. \u201cOs l\u00edderes do assentamento diziam que o nosso maior l\u00edder era Valmir Assun\u00e7\u00e3o.\u201d<\/p>\n<p style=\"text-align: justify;\">No Twitter, Assun\u00e7\u00e3o negou as acusa\u00e7\u00f5es, chamou a CPI do MST de \u201cteatro de horrores\u201d e afirmou que o colegiado \u00e9 \u201cum palanque bolsonarista que n\u00e3o ajuda em nada a reforma agr\u00e1ria\u201d. Nas redes sociais, ele se identifica como \u201cmilitante do MST\u201d.<\/p>\n<p style=\"text-align: justify;\">A ex-integrante do MST tamb\u00e9m rebateu coment\u00e1rios de que ela teria se alinhado ao ex-presidente Jair Bolsonaro (PL). \u201cPor sorte ou azar do Bolsonaro, eu nunca votei nele. Ele nunca teve meu voto\u201d, disse.<\/p>\n<p style=\"text-align: justify;\">Na sess\u00e3o de ter\u00e7a, tamb\u00e9m prestaram depoimento Benevaldo da Silva Gomes, ex-participante do acampamento Eg\u00eddio Bruneto; e Elivaldo da Silva Costa, presidente do Projeto de Assentamento Rosa do Prado. A reuni\u00e3o foi marcada por discuss\u00f5es entre os parlamentares.<\/p>\n<p style=\"text-align: justify;\">\u00a0<\/p>\n<p class=\"x_MsoNormal\" style=\"text-align: justify;\"><span class=\"assinatura_exclusiva\">Estad\u00e3o<\/span><\/p>\n","protected":false},"excerpt":{"rendered":"<p>A Comiss\u00e3o Parlamentar de Inqu\u00e9rito (CPI) do Movimento dos Trabalhadores Rurais Sem Terra (MST) ouviu na ter\u00e7a-feira, 8, tr\u00eas assentados sobre a atua\u00e7\u00e3o dos l\u00edderes do movimento. Uma das depoentes foi a ex-participante do Acampamento S\u00e3o Jo\u00e3o, Vanuza dos Santos de Souza, que acusou o MST de expuls\u00e1-la da pr\u00f3pria casa no assentamento por n\u00e3o [&hellip;]<\/p>\n","protected":false},"author":1,"featured_media":56248,"comment_status":"closed","ping_status":"open","sticky":false,"template":"","format":"standard","meta":{"_uag_custom_page_level_css":"","_monsterinsights_skip_tracking":false,"_monsterinsights_sitenote_active":false,"_monsterinsights_sitenote_note":"","_monsterinsights_sitenote_category":0,"jetpack_post_was_ever_published":false,"_jetpack_newsletter_access":"","_jetpack_dont_email_post_to_subs":false,"_jetpack_newsletter_tier_id":0,"_jetpack_memberships_contains_paywalled_content":false,"_jetpack_memberships_contains_paid_content":false,"footnotes":"","jetpack_publicize_message":"","jetpack_publicize_feature_enabled":true,"jetpack_social_post_already_shared":true,"jetpack_social_options":{"image_generator_settings":{"template":"highway","default_image_id":0,"font":"","enabled":false},"version":2}},"categories":[204],"tags":[],"class_list":["post-56244","post","type-post","status-publish","format-standard","has-post-thumbnail","hentry","category-social"],"jetpack_publicize_connections":[],"jetpack_featured_media_url":"https:\/\/blogopara.com.br\/wp-content\/uploads\/2023\/08\/NMIFG4WQCNH6VPSF44BPCZWNYI.jpg","uagb_featured_image_src":{"full":["https:\/\/blogopara.com.br\/wp-content\/uploads\/2023\/08\/NMIFG4WQCNH6VPSF44BPCZWNYI.jpg",500,308,false],"thumbnail":["https:\/\/blogopara.com.br\/wp-content\/uploads\/2023\/08\/NMIFG4WQCNH6VPSF44BPCZWNYI-150x150.jpg",150,150,true],"medium":["https:\/\/blogopara.com.br\/wp-content\/uploads\/2023\/08\/NMIFG4WQCNH6VPSF44BPCZWNYI-300x185.jpg",300,185,true],"medium_large":["https:\/\/blogopara.com.br\/wp-content\/uploads\/2023\/08\/NMIFG4WQCNH6VPSF44BPCZWNYI.jpg",500,308,false],"large":["https:\/\/blogopara.com.br\/wp-content\/uploads\/2023\/08\/NMIFG4WQCNH6VPSF44BPCZWNYI.jpg",500,308,false],"1536x1536":["https:\/\/blogopara.com.br\/wp-content\/uploads\/2023\/08\/NMIFG4WQCNH6VPSF44BPCZWNYI.jpg",500,308,false],"2048x2048":["https:\/\/blogopara.com.br\/wp-content\/uploads\/2023\/08\/NMIFG4WQCNH6VPSF44BPCZWNYI.jpg",500,308,false],"mantranews-slider-large":["https:\/\/blogopara.com.br\/wp-content\/uploads\/2023\/08\/NMIFG4WQCNH6VPSF44BPCZWNYI.jpg",500,308,false],"mantranews-featured-medium":["https:\/\/blogopara.com.br\/wp-content\/uploads\/2023\/08\/NMIFG4WQCNH6VPSF44BPCZWNYI-420x307.jpg",420,307,true],"mantranews-featured-long":["https:\/\/blogopara.com.br\/wp-content\/uploads\/2023\/08\/NMIFG4WQCNH6VPSF44BPCZWNYI-300x308.jpg",300,308,true],"mantranews-block-medium":["https:\/\/blogopara.com.br\/wp-content\/uploads\/2023\/08\/NMIFG4WQCNH6VPSF44BPCZWNYI-464x290.jpg",464,290,true],"mantranews-carousel-image":["https:\/\/blogopara.com.br\/wp-content\/uploads\/2023\/08\/NMIFG4WQCNH6VPSF44BPCZWNYI.jpg",500,308,false],"mantranews-block-thumb":["https:\/\/blogopara.com.br\/wp-content\/uploads\/2023\/08\/NMIFG4WQCNH6VPSF44BPCZWNYI-322x230.jpg",322,230,true],"mantranews-single-large":["https:\/\/blogopara.com.br\/wp-content\/uploads\/2023\/08\/NMIFG4WQCNH6VPSF44BPCZWNYI.jpg",500,308,false]},"uagb_author_info":{"display_name":"Reda\u00e7\u00e3o geral","author_link":"https:\/\/blogopara.com.br\/index.php\/author\/blogopara"},"uagb_comment_info":0,"uagb_excerpt":"A Comiss\u00e3o Parlamentar de Inqu\u00e9rito (CPI) do Movimento dos Trabalhadores Rurais Sem Terra (MST) ouviu na ter\u00e7a-feira, 8, tr\u00eas assentados sobre a atua\u00e7\u00e3o dos l\u00edderes do movimento. Uma das depoentes foi a ex-participante do Acampamento S\u00e3o Jo\u00e3o, Vanuza dos Santos de Souza, que acusou o MST de expuls\u00e1-la da pr\u00f3pria casa no assentamento por n\u00e3o&hellip;","jetpack_sharing_enabled":true,"jetpack_likes_enabled":true,"_links":{"self":[{"href":"https:\/\/blogopara.com.br\/index.php\/wp-json\/wp\/v2\/posts\/56244","targetHints":{"allow":["GET"]}}],"collection":[{"href":"https:\/\/blogopara.com.br\/index.php\/wp-json\/wp\/v2\/posts"}],"about":[{"href":"https:\/\/blogopara.com.br\/index.php\/wp-json\/wp\/v2\/types\/post"}],"author":[{"embeddable":true,"href":"https:\/\/blogopara.com.br\/index.php\/wp-json\/wp\/v2\/users\/1"}],"replies":[{"embeddable":true,"href":"https:\/\/blogopara.com.br\/index.php\/wp-json\/wp\/v2\/comments?post=56244"}],"version-history":[{"count":2,"href":"https:\/\/blogopara.com.br\/index.php\/wp-json\/wp\/v2\/posts\/56244\/revisions"}],"predecessor-version":[{"id":56249,"href":"https:\/\/blogopara.com.br\/index.php\/wp-json\/wp\/v2\/posts\/56244\/revisions\/56249"}],"wp:featuredmedia":[{"embeddable":true,"href":"https:\/\/blogopara.com.br\/index.php\/wp-json\/wp\/v2\/media\/56248"}],"wp:attachment":[{"href":"https:\/\/blogopara.com.br\/index.php\/wp-json\/wp\/v2\/media?parent=56244"}],"wp:term":[{"taxonomy":"category","embeddable":true,"href":"https:\/\/blogopara.com.br\/index.php\/wp-json\/wp\/v2\/categories?post=56244"},{"taxonomy":"post_tag","embeddable":true,"href":"https:\/\/blogopara.com.br\/index.php\/wp-json\/wp\/v2\/tags?post=56244"}],"curies":[{"name":"wp","href":"https:\/\/api.w.org\/{rel}","templated":true}]}}