{"id":56283,"date":"2023-08-17T13:42:00","date_gmt":"2023-08-17T16:42:00","guid":{"rendered":"https:\/\/blogopara.com.br\/?p=56283"},"modified":"2023-08-16T18:46:27","modified_gmt":"2023-08-16T21:46:27","slug":"professores-da-rede-estadual-anunciam-paralisacao-das-aulas-ate-a-proxima-terca-feira","status":"publish","type":"post","link":"https:\/\/blogopara.com.br\/index.php\/2023\/08\/17\/professores-da-rede-estadual-anunciam-paralisacao-das-aulas-ate-a-proxima-terca-feira","title":{"rendered":"Professores da rede estadual anunciam paralisa\u00e7\u00e3o das aulas at\u00e9 a pr\u00f3xima ter\u00e7a-feira"},"content":{"rendered":"<p style=\"font-weight: 400; text-align: justify;\">Os professores da rede estadual de ensino anunciaram, nesta quarta-feira (16), que v\u00e3o paralisar as atividades at\u00e9 a pr\u00f3xima ter\u00e7a-feira (20). A data \u00e9 a prov\u00e1vel para acontecer a vota\u00e7\u00e3o do PL dos Precat\u00f3rios, na Assembleia Legislativa da Bahia (AL-BA). O pronunciamento aconteceu durante Assembleia realizada pela categoria na AL-BA, na manh\u00e3 desta quarta-feira (16).<\/p>\n<p style=\"font-weight: 400; text-align: justify;\">De acordo com a categoria, o PL dos Precat\u00f3rios enviado anteriormente pelo Governo do Estado n\u00e3o projeta o pagamento da segunda parcela dos precat\u00f3rios com a corre\u00e7\u00e3o de juros e mora reivindicado pelos professores da rede.<\/p>\n<p style=\"font-weight: 400; text-align: justify;\">Al\u00e9m da paralisa\u00e7\u00e3o, os professores decidiram em Assembleia que v\u00e3o realizar uma caminhada, nesta sexta-feira (18), a partir das 9h, que sair\u00e1 do largo da pra\u00e7a Irm\u00e3 Dulce, na Cidade Baixa, at\u00e9 a igreja do Senhor do Bonfim.<\/p>\n<p style=\"font-weight: 400; text-align: justify;\">&#8220;A categoria est\u00e1 pedindo clem\u00eancia ao Senhor do Bonfim para que o PL aqui na Alba respeite os direitos das professoras e dos professores. Portanto, estamos todos aqui atentos em vig\u00edlia total na Assembleia Legislativa&#8221;, explica a presidente da Associa\u00e7\u00e3o Classista da Educa\u00e7\u00e3o e Esporte da Bahia (ACEB), Marinalva Nunes.<\/p>\n<p style=\"font-weight: 400; text-align: justify;\">A sindicalista pediu \u00e0 categoria um maior protagonismo nos trativos e nas reuni\u00f5es para fechar acordos com o governo do Estado.<\/p>\n<p style=\"font-weight: 400; text-align: justify;\">&#8220;Vai ter paralisa\u00e7\u00e3o amanh\u00e3 e\u00a0 at\u00e9 o dia da vota\u00e7\u00e3o do PL na ALBA. Portanto, nada de negocia\u00e7\u00e3o que abra\u00a0 m\u00e3o dos direitos dos professores. O projeto de lei que foi enviado \u00e9 pior do que o do ano passado. N\u00e3o vamos admitir sonega\u00e7\u00e3o de direitos&#8221;, destacou Nunes.<\/p>\n","protected":false},"excerpt":{"rendered":"<p>Os professores da rede estadual de ensino anunciaram, nesta quarta-feira (16), que v\u00e3o paralisar as atividades at\u00e9 a pr\u00f3xima ter\u00e7a-feira (20). A data \u00e9 a prov\u00e1vel para acontecer a vota\u00e7\u00e3o do PL dos Precat\u00f3rios, na Assembleia Legislativa da Bahia (AL-BA). O pronunciamento aconteceu durante Assembleia realizada pela categoria na AL-BA, na manh\u00e3 desta quarta-feira (16). [&hellip;]<\/p>\n","protected":false},"author":1,"featured_media":56284,"comment_status":"closed","ping_status":"open","sticky":false,"template":"","format":"standard","meta":{"_uag_custom_page_level_css":"","_monsterinsights_skip_tracking":false,"_monsterinsights_sitenote_active":false,"_monsterinsights_sitenote_note":"","_monsterinsights_sitenote_category":0,"jetpack_post_was_ever_published":false,"_jetpack_newsletter_access":"","_jetpack_dont_email_post_to_subs":false,"_jetpack_newsletter_tier_id":0,"_jetpack_memberships_contains_paywalled_content":false,"_jetpack_memberships_contains_paid_content":false,"footnotes":"","jetpack_publicize_message":"","jetpack_publicize_feature_enabled":true,"jetpack_social_post_already_shared":true,"jetpack_social_options":{"image_generator_settings":{"template":"highway","default_image_id":0,"font":"","enabled":false},"version":2}},"categories":[199,209],"tags":[],"class_list":["post-56283","post","type-post","status-publish","format-standard","has-post-thumbnail","hentry","category-bahia","category-educacao"],"jetpack_publicize_connections":[],"jetpack_featured_media_url":"https:\/\/blogopara.com.br\/wp-content\/uploads\/2023\/08\/professores-paralisacao.jpg","uagb_featured_image_src":{"full":["https:\/\/blogopara.com.br\/wp-content\/uploads\/2023\/08\/professores-paralisacao.jpg",500,318,false],"thumbnail":["https:\/\/blogopara.com.br\/wp-content\/uploads\/2023\/08\/professores-paralisacao-150x150.jpg",150,150,true],"medium":["https:\/\/blogopara.com.br\/wp-content\/uploads\/2023\/08\/professores-paralisacao-300x191.jpg",300,191,true],"medium_large":["https:\/\/blogopara.com.br\/wp-content\/uploads\/2023\/08\/professores-paralisacao.jpg",500,318,false],"large":["https:\/\/blogopara.com.br\/wp-content\/uploads\/2023\/08\/professores-paralisacao.jpg",500,318,false],"1536x1536":["https:\/\/blogopara.com.br\/wp-content\/uploads\/2023\/08\/professores-paralisacao.jpg",500,318,false],"2048x2048":["https:\/\/blogopara.com.br\/wp-content\/uploads\/2023\/08\/professores-paralisacao.jpg",500,318,false],"mantranews-slider-large":["https:\/\/blogopara.com.br\/wp-content\/uploads\/2023\/08\/professores-paralisacao.jpg",500,318,false],"mantranews-featured-medium":["https:\/\/blogopara.com.br\/wp-content\/uploads\/2023\/08\/professores-paralisacao-420x307.jpg",420,307,true],"mantranews-featured-long":["https:\/\/blogopara.com.br\/wp-content\/uploads\/2023\/08\/professores-paralisacao-300x318.jpg",300,318,true],"mantranews-block-medium":["https:\/\/blogopara.com.br\/wp-content\/uploads\/2023\/08\/professores-paralisacao-464x290.jpg",464,290,true],"mantranews-carousel-image":["https:\/\/blogopara.com.br\/wp-content\/uploads\/2023\/08\/professores-paralisacao.jpg",500,318,false],"mantranews-block-thumb":["https:\/\/blogopara.com.br\/wp-content\/uploads\/2023\/08\/professores-paralisacao-322x230.jpg",322,230,true],"mantranews-single-large":["https:\/\/blogopara.com.br\/wp-content\/uploads\/2023\/08\/professores-paralisacao.jpg",500,318,false]},"uagb_author_info":{"display_name":"Reda\u00e7\u00e3o geral","author_link":"https:\/\/blogopara.com.br\/index.php\/author\/blogopara"},"uagb_comment_info":0,"uagb_excerpt":"Os professores da rede estadual de ensino anunciaram, nesta quarta-feira (16), que v\u00e3o paralisar as atividades at\u00e9 a pr\u00f3xima ter\u00e7a-feira (20). A data \u00e9 a prov\u00e1vel para acontecer a vota\u00e7\u00e3o do PL dos Precat\u00f3rios, na Assembleia Legislativa da Bahia (AL-BA). O pronunciamento aconteceu durante Assembleia realizada pela categoria na AL-BA, na manh\u00e3 desta quarta-feira (16).&hellip;","jetpack_sharing_enabled":true,"jetpack_likes_enabled":true,"_links":{"self":[{"href":"https:\/\/blogopara.com.br\/index.php\/wp-json\/wp\/v2\/posts\/56283","targetHints":{"allow":["GET"]}}],"collection":[{"href":"https:\/\/blogopara.com.br\/index.php\/wp-json\/wp\/v2\/posts"}],"about":[{"href":"https:\/\/blogopara.com.br\/index.php\/wp-json\/wp\/v2\/types\/post"}],"author":[{"embeddable":true,"href":"https:\/\/blogopara.com.br\/index.php\/wp-json\/wp\/v2\/users\/1"}],"replies":[{"embeddable":true,"href":"https:\/\/blogopara.com.br\/index.php\/wp-json\/wp\/v2\/comments?post=56283"}],"version-history":[{"count":1,"href":"https:\/\/blogopara.com.br\/index.php\/wp-json\/wp\/v2\/posts\/56283\/revisions"}],"predecessor-version":[{"id":56285,"href":"https:\/\/blogopara.com.br\/index.php\/wp-json\/wp\/v2\/posts\/56283\/revisions\/56285"}],"wp:featuredmedia":[{"embeddable":true,"href":"https:\/\/blogopara.com.br\/index.php\/wp-json\/wp\/v2\/media\/56284"}],"wp:attachment":[{"href":"https:\/\/blogopara.com.br\/index.php\/wp-json\/wp\/v2\/media?parent=56283"}],"wp:term":[{"taxonomy":"category","embeddable":true,"href":"https:\/\/blogopara.com.br\/index.php\/wp-json\/wp\/v2\/categories?post=56283"},{"taxonomy":"post_tag","embeddable":true,"href":"https:\/\/blogopara.com.br\/index.php\/wp-json\/wp\/v2\/tags?post=56283"}],"curies":[{"name":"wp","href":"https:\/\/api.w.org\/{rel}","templated":true}]}}