{"id":56340,"date":"2023-08-18T15:56:00","date_gmt":"2023-08-18T18:56:00","guid":{"rendered":"https:\/\/blogopara.com.br\/?p=56340"},"modified":"2023-08-17T15:27:20","modified_gmt":"2023-08-17T18:27:20","slug":"projeto-que-concede-auxilio-aluguel-para-vitimas-de-violencia-domestica-e-aprovado-no-senado","status":"publish","type":"post","link":"https:\/\/blogopara.com.br\/index.php\/2023\/08\/18\/projeto-que-concede-auxilio-aluguel-para-vitimas-de-violencia-domestica-e-aprovado-no-senado","title":{"rendered":"Projeto que concede aux\u00edlio-aluguel para v\u00edtimas de viol\u00eancia dom\u00e9stica \u00e9 aprovado no Senado"},"content":{"rendered":"<p dir=\"ltr\" style=\"text-align: justify;\">O Senado Federal aprovou nesta quarta-feira (16), o Projeto que concede aux\u00edlio-aluguel para mulheres v\u00edtimas de viol\u00eancia dom\u00e9stica no Brasil. O substitutivo foi proposto pela deputada federal baiana, L\u00eddice da Mata (PSB).<\/p>\n<p dir=\"ltr\" style=\"text-align: justify;\">O PL 4.875\/2020, da C\u00e2mara dos Deputados, estabelece o pagamento do benef\u00edcio por at\u00e9 seis meses para mulheres em situa\u00e7\u00e3o de vulnerabilidade social e econ\u00f4mica que precisam ser afastadas do lar. A proposi\u00e7\u00e3o agora seguir\u00e1 para san\u00e7\u00e3o do presidente Luiz In\u00e1cio Lula da Silva (PT).<\/p>\n<p dir=\"ltr\" style=\"text-align: justify;\">O texto da mat\u00e9ria, que altera a Lei Maria da Penha (Lei 11.340, de 2006), recebeu parecer favor\u00e1vel da senadora Margareth Buzetti (PSD-MT). O pagamento do benef\u00edcio ser\u00e1 concedido por um juiz e poder\u00e1 ser financiado por estados e munic\u00edpios, com recursos originalmente destinados \u00e0 assist\u00eancia social.<\/p>\n<p dir=\"ltr\" style=\"text-align: justify;\">De acordo com L\u00eddice, a aprova\u00e7\u00e3o do projeto proporciona seguran\u00e7a f\u00edsica e psicol\u00f3gica para mulheres v\u00edtimas de viol\u00eancia dom\u00e9stica.<\/p>\n<p dir=\"ltr\" style=\"text-align: justify;\">&#8220;Vencemos mais uma batalha nesta guerra contra a viol\u00eancia que as mulheres sofrem nos lares onde deveriam encontrar conforto e seguran\u00e7a. O presidente Lula \u00e9 sens\u00edvel \u00e0 causa das mulheres, \u00e9 firme no combate ao machismo que machuca e mata. Acredito que o presidente vai sancionar a lei que vai garantir um pouco de dignidade para mulheres v\u00edtimas de viol\u00eancia dom\u00e9stica&#8221;, disse a deputada.<\/p>\n<p dir=\"ltr\" style=\"text-align: justify;\">Uma pesquisa do Instituto DataSenado mostrou que a principal viol\u00eancia contra as mulheres \u00e9 f\u00edsica, depois a psicol\u00f3gica, a moral, a patrimonial e a sexual.<\/p>\n","protected":false},"excerpt":{"rendered":"<p>O Senado Federal aprovou nesta quarta-feira (16), o Projeto que concede aux\u00edlio-aluguel para mulheres v\u00edtimas de viol\u00eancia dom\u00e9stica no Brasil. O substitutivo foi proposto pela deputada federal baiana, L\u00eddice da Mata (PSB). O PL 4.875\/2020, da C\u00e2mara dos Deputados, estabelece o pagamento do benef\u00edcio por at\u00e9 seis meses para mulheres em situa\u00e7\u00e3o de vulnerabilidade social [&hellip;]<\/p>\n","protected":false},"author":1,"featured_media":44292,"comment_status":"closed","ping_status":"open","sticky":false,"template":"","format":"standard","meta":{"_uag_custom_page_level_css":"","_monsterinsights_skip_tracking":false,"_monsterinsights_sitenote_active":false,"_monsterinsights_sitenote_note":"","_monsterinsights_sitenote_category":0,"jetpack_post_was_ever_published":false,"_jetpack_newsletter_access":"","_jetpack_dont_email_post_to_subs":false,"_jetpack_newsletter_tier_id":0,"_jetpack_memberships_contains_paywalled_content":false,"_jetpack_memberships_contains_paid_content":false,"footnotes":"","jetpack_publicize_message":"","jetpack_publicize_feature_enabled":true,"jetpack_social_post_already_shared":true,"jetpack_social_options":{"image_generator_settings":{"template":"highway","default_image_id":0,"font":"","enabled":false},"version":2}},"categories":[200],"tags":[],"class_list":["post-56340","post","type-post","status-publish","format-standard","has-post-thumbnail","hentry","category-brasil"],"jetpack_publicize_connections":[],"jetpack_featured_media_url":"https:\/\/blogopara.com.br\/wp-content\/uploads\/2022\/10\/camara_antcrz_abr_2611214003-1.jpg","uagb_featured_image_src":{"full":["https:\/\/blogopara.com.br\/wp-content\/uploads\/2022\/10\/camara_antcrz_abr_2611214003-1.jpg",500,299,false],"thumbnail":["https:\/\/blogopara.com.br\/wp-content\/uploads\/2022\/10\/camara_antcrz_abr_2611214003-1-150x150.jpg",150,150,true],"medium":["https:\/\/blogopara.com.br\/wp-content\/uploads\/2022\/10\/camara_antcrz_abr_2611214003-1-300x179.jpg",300,179,true],"medium_large":["https:\/\/blogopara.com.br\/wp-content\/uploads\/2022\/10\/camara_antcrz_abr_2611214003-1.jpg",500,299,false],"large":["https:\/\/blogopara.com.br\/wp-content\/uploads\/2022\/10\/camara_antcrz_abr_2611214003-1.jpg",500,299,false],"1536x1536":["https:\/\/blogopara.com.br\/wp-content\/uploads\/2022\/10\/camara_antcrz_abr_2611214003-1.jpg",500,299,false],"2048x2048":["https:\/\/blogopara.com.br\/wp-content\/uploads\/2022\/10\/camara_antcrz_abr_2611214003-1.jpg",500,299,false],"mantranews-slider-large":["https:\/\/blogopara.com.br\/wp-content\/uploads\/2022\/10\/camara_antcrz_abr_2611214003-1.jpg",500,299,false],"mantranews-featured-medium":["https:\/\/blogopara.com.br\/wp-content\/uploads\/2022\/10\/camara_antcrz_abr_2611214003-1-420x299.jpg",420,299,true],"mantranews-featured-long":["https:\/\/blogopara.com.br\/wp-content\/uploads\/2022\/10\/camara_antcrz_abr_2611214003-1-300x299.jpg",300,299,true],"mantranews-block-medium":["https:\/\/blogopara.com.br\/wp-content\/uploads\/2022\/10\/camara_antcrz_abr_2611214003-1-464x290.jpg",464,290,true],"mantranews-carousel-image":["https:\/\/blogopara.com.br\/wp-content\/uploads\/2022\/10\/camara_antcrz_abr_2611214003-1.jpg",500,299,false],"mantranews-block-thumb":["https:\/\/blogopara.com.br\/wp-content\/uploads\/2022\/10\/camara_antcrz_abr_2611214003-1-322x230.jpg",322,230,true],"mantranews-single-large":["https:\/\/blogopara.com.br\/wp-content\/uploads\/2022\/10\/camara_antcrz_abr_2611214003-1.jpg",500,299,false]},"uagb_author_info":{"display_name":"Reda\u00e7\u00e3o geral","author_link":"https:\/\/blogopara.com.br\/index.php\/author\/blogopara"},"uagb_comment_info":0,"uagb_excerpt":"O Senado Federal aprovou nesta quarta-feira (16), o Projeto que concede aux\u00edlio-aluguel para mulheres v\u00edtimas de viol\u00eancia dom\u00e9stica no Brasil. O substitutivo foi proposto pela deputada federal baiana, L\u00eddice da Mata (PSB). O PL 4.875\/2020, da C\u00e2mara dos Deputados, estabelece o pagamento do benef\u00edcio por at\u00e9 seis meses para mulheres em situa\u00e7\u00e3o de vulnerabilidade social&hellip;","jetpack_sharing_enabled":true,"jetpack_likes_enabled":true,"_links":{"self":[{"href":"https:\/\/blogopara.com.br\/index.php\/wp-json\/wp\/v2\/posts\/56340","targetHints":{"allow":["GET"]}}],"collection":[{"href":"https:\/\/blogopara.com.br\/index.php\/wp-json\/wp\/v2\/posts"}],"about":[{"href":"https:\/\/blogopara.com.br\/index.php\/wp-json\/wp\/v2\/types\/post"}],"author":[{"embeddable":true,"href":"https:\/\/blogopara.com.br\/index.php\/wp-json\/wp\/v2\/users\/1"}],"replies":[{"embeddable":true,"href":"https:\/\/blogopara.com.br\/index.php\/wp-json\/wp\/v2\/comments?post=56340"}],"version-history":[{"count":1,"href":"https:\/\/blogopara.com.br\/index.php\/wp-json\/wp\/v2\/posts\/56340\/revisions"}],"predecessor-version":[{"id":56341,"href":"https:\/\/blogopara.com.br\/index.php\/wp-json\/wp\/v2\/posts\/56340\/revisions\/56341"}],"wp:featuredmedia":[{"embeddable":true,"href":"https:\/\/blogopara.com.br\/index.php\/wp-json\/wp\/v2\/media\/44292"}],"wp:attachment":[{"href":"https:\/\/blogopara.com.br\/index.php\/wp-json\/wp\/v2\/media?parent=56340"}],"wp:term":[{"taxonomy":"category","embeddable":true,"href":"https:\/\/blogopara.com.br\/index.php\/wp-json\/wp\/v2\/categories?post=56340"},{"taxonomy":"post_tag","embeddable":true,"href":"https:\/\/blogopara.com.br\/index.php\/wp-json\/wp\/v2\/tags?post=56340"}],"curies":[{"name":"wp","href":"https:\/\/api.w.org\/{rel}","templated":true}]}}