{"id":56452,"date":"2023-08-21T13:10:00","date_gmt":"2023-08-21T16:10:00","guid":{"rendered":"https:\/\/blogopara.com.br\/?p=56452"},"modified":"2023-08-21T08:13:49","modified_gmt":"2023-08-21T11:13:49","slug":"violencia-no-suburbio-duas-pessoas-morrem-e-mais-quatro-sao-baleados-durante-festa-crianca-de-dois-anos-foi-atingida","status":"publish","type":"post","link":"https:\/\/blogopara.com.br\/index.php\/2023\/08\/21\/violencia-no-suburbio-duas-pessoas-morrem-e-mais-quatro-sao-baleados-durante-festa-crianca-de-dois-anos-foi-atingida","title":{"rendered":"Viol\u00eancia no Sub\u00farbio: Duas pessoas morrem e mais quatro s\u00e3o baleados durante festa; crian\u00e7a de dois anos foi atingida"},"content":{"rendered":"<p style=\"text-align: justify;\">Duas pessoas morreram e mais quatro ficaram feridas\u00a0ap\u00f3s ataque feito por disparos de arma de fogo na noite de domingo (21), no bairro de Alto de Coutos, no Sub\u00farbio Ferrovi\u00e1rio de Salvador. Entre os feridos\u00a0est\u00e1 uma crian\u00e7a de apenas dois anos.<\/p>\n<p style=\"text-align: justify;\">A Pol\u00edcia Civil identificou as pessoas que morreram como Edvan\u00edlson de Jesus Alc\u00e2ntara, de 23 anos, e L\u00facia Cristina Silva dos Santos, de 39.<\/p>\n<p style=\"text-align: justify;\">Segundo informa\u00e7\u00f5es preliminares, eles estavam em uma festa, quando um homem desconhecido chegou ao local e realizou disparos. Os\u00a0outros baleados foram socorridos e encaminhados para unidades de sa\u00fade da capital. O estado de sa\u00fade deles n\u00e3o foi informado.<\/p>\n<p style=\"text-align: justify;\">A 3\u00aa Delegacia de Homic\u00eddios (DH\/BTS) investiga o caso.<\/p>\n<p style=\"text-align: justify;\">\n<p style=\"text-align: justify;\">CHACINA<\/p>\n<p style=\"text-align: justify;\">O patrulhamento ostensivo e preventivo, al\u00e9m de a\u00e7\u00f5es de intelig\u00eancia foram refor\u00e7ados na regi\u00e3o do Sub\u00farbio Ferrovi\u00e1rio de Salvador. De acordo com a Secretaria de Seguran\u00e7a P\u00fablica (SSP-BA) equipes das pol\u00edcias Militar e Civil atuam em conjunto para combater fac\u00e7\u00f5es envolvidas com homic\u00eddios.<\/p>\n","protected":false},"excerpt":{"rendered":"<p>Duas pessoas morreram e mais quatro ficaram feridas\u00a0ap\u00f3s ataque feito por disparos de arma de fogo na noite de domingo (21), no bairro de Alto de Coutos, no Sub\u00farbio Ferrovi\u00e1rio de Salvador. Entre os feridos\u00a0est\u00e1 uma crian\u00e7a de apenas dois anos. A Pol\u00edcia Civil identificou as pessoas que morreram como Edvan\u00edlson de Jesus Alc\u00e2ntara, de [&hellip;]<\/p>\n","protected":false},"author":1,"featured_media":56453,"comment_status":"closed","ping_status":"open","sticky":false,"template":"","format":"standard","meta":{"_uag_custom_page_level_css":"","_monsterinsights_skip_tracking":false,"_monsterinsights_sitenote_active":false,"_monsterinsights_sitenote_note":"","_monsterinsights_sitenote_category":0,"jetpack_post_was_ever_published":false,"_jetpack_newsletter_access":"","_jetpack_dont_email_post_to_subs":false,"_jetpack_newsletter_tier_id":0,"_jetpack_memberships_contains_paywalled_content":false,"_jetpack_memberships_contains_paid_content":false,"footnotes":"","jetpack_publicize_message":"","jetpack_publicize_feature_enabled":true,"jetpack_social_post_already_shared":true,"jetpack_social_options":{"image_generator_settings":{"template":"highway","default_image_id":0,"font":"","enabled":false},"version":2}},"categories":[10104],"tags":[],"class_list":["post-56452","post","type-post","status-publish","format-standard","has-post-thumbnail","hentry","category-violencia"],"jetpack_publicize_connections":[],"jetpack_featured_media_url":"https:\/\/blogopara.com.br\/wp-content\/uploads\/2023\/08\/transferir-2.jpg","uagb_featured_image_src":{"full":["https:\/\/blogopara.com.br\/wp-content\/uploads\/2023\/08\/transferir-2.jpg",400,253,false],"thumbnail":["https:\/\/blogopara.com.br\/wp-content\/uploads\/2023\/08\/transferir-2-150x150.jpg",150,150,true],"medium":["https:\/\/blogopara.com.br\/wp-content\/uploads\/2023\/08\/transferir-2-300x190.jpg",300,190,true],"medium_large":["https:\/\/blogopara.com.br\/wp-content\/uploads\/2023\/08\/transferir-2.jpg",400,253,false],"large":["https:\/\/blogopara.com.br\/wp-content\/uploads\/2023\/08\/transferir-2.jpg",400,253,false],"1536x1536":["https:\/\/blogopara.com.br\/wp-content\/uploads\/2023\/08\/transferir-2.jpg",400,253,false],"2048x2048":["https:\/\/blogopara.com.br\/wp-content\/uploads\/2023\/08\/transferir-2.jpg",400,253,false],"mantranews-slider-large":["https:\/\/blogopara.com.br\/wp-content\/uploads\/2023\/08\/transferir-2.jpg",400,253,false],"mantranews-featured-medium":["https:\/\/blogopara.com.br\/wp-content\/uploads\/2023\/08\/transferir-2.jpg",400,253,false],"mantranews-featured-long":["https:\/\/blogopara.com.br\/wp-content\/uploads\/2023\/08\/transferir-2-300x253.jpg",300,253,true],"mantranews-block-medium":["https:\/\/blogopara.com.br\/wp-content\/uploads\/2023\/08\/transferir-2.jpg",400,253,false],"mantranews-carousel-image":["https:\/\/blogopara.com.br\/wp-content\/uploads\/2023\/08\/transferir-2.jpg",400,253,false],"mantranews-block-thumb":["https:\/\/blogopara.com.br\/wp-content\/uploads\/2023\/08\/transferir-2-322x230.jpg",322,230,true],"mantranews-single-large":["https:\/\/blogopara.com.br\/wp-content\/uploads\/2023\/08\/transferir-2.jpg",400,253,false]},"uagb_author_info":{"display_name":"Reda\u00e7\u00e3o geral","author_link":"https:\/\/blogopara.com.br\/index.php\/author\/blogopara"},"uagb_comment_info":0,"uagb_excerpt":"Duas pessoas morreram e mais quatro ficaram feridas\u00a0ap\u00f3s ataque feito por disparos de arma de fogo na noite de domingo (21), no bairro de Alto de Coutos, no Sub\u00farbio Ferrovi\u00e1rio de Salvador. Entre os feridos\u00a0est\u00e1 uma crian\u00e7a de apenas dois anos. A Pol\u00edcia Civil identificou as pessoas que morreram como Edvan\u00edlson de Jesus Alc\u00e2ntara, de&hellip;","jetpack_sharing_enabled":true,"jetpack_likes_enabled":true,"_links":{"self":[{"href":"https:\/\/blogopara.com.br\/index.php\/wp-json\/wp\/v2\/posts\/56452","targetHints":{"allow":["GET"]}}],"collection":[{"href":"https:\/\/blogopara.com.br\/index.php\/wp-json\/wp\/v2\/posts"}],"about":[{"href":"https:\/\/blogopara.com.br\/index.php\/wp-json\/wp\/v2\/types\/post"}],"author":[{"embeddable":true,"href":"https:\/\/blogopara.com.br\/index.php\/wp-json\/wp\/v2\/users\/1"}],"replies":[{"embeddable":true,"href":"https:\/\/blogopara.com.br\/index.php\/wp-json\/wp\/v2\/comments?post=56452"}],"version-history":[{"count":1,"href":"https:\/\/blogopara.com.br\/index.php\/wp-json\/wp\/v2\/posts\/56452\/revisions"}],"predecessor-version":[{"id":56454,"href":"https:\/\/blogopara.com.br\/index.php\/wp-json\/wp\/v2\/posts\/56452\/revisions\/56454"}],"wp:featuredmedia":[{"embeddable":true,"href":"https:\/\/blogopara.com.br\/index.php\/wp-json\/wp\/v2\/media\/56453"}],"wp:attachment":[{"href":"https:\/\/blogopara.com.br\/index.php\/wp-json\/wp\/v2\/media?parent=56452"}],"wp:term":[{"taxonomy":"category","embeddable":true,"href":"https:\/\/blogopara.com.br\/index.php\/wp-json\/wp\/v2\/categories?post=56452"},{"taxonomy":"post_tag","embeddable":true,"href":"https:\/\/blogopara.com.br\/index.php\/wp-json\/wp\/v2\/tags?post=56452"}],"curies":[{"name":"wp","href":"https:\/\/api.w.org\/{rel}","templated":true}]}}