{"id":56660,"date":"2023-08-27T08:44:00","date_gmt":"2023-08-27T11:44:00","guid":{"rendered":"https:\/\/blogopara.com.br\/?p=56660"},"modified":"2023-08-26T11:47:33","modified_gmt":"2023-08-26T14:47:33","slug":"7-de-setembro-prefeitura-de-juazeiro-segue-com-preparativos-para-o-desfile-civico-militar","status":"publish","type":"post","link":"https:\/\/blogopara.com.br\/index.php\/2023\/08\/27\/7-de-setembro-prefeitura-de-juazeiro-segue-com-preparativos-para-o-desfile-civico-militar","title":{"rendered":"7 de setembro: Prefeitura de Juazeiro segue com preparativos para o desfile c\u00edvico-militar"},"content":{"rendered":"<p class=\"x_MsoNormal\" style=\"text-align: justify;\">A equipe da Secretaria de Educa\u00e7\u00e3o e Juventude de Juazeiro (Seduc) se reuniu, nesta sexta-feira (25), para dar seguimento aos preparativos do desfile c\u00edvico-militar em comemora\u00e7\u00e3o \u00e0 Independ\u00eancia do Brasil, no dia 7 de setembro. A reuni\u00e3o, que contou com representantes de diversos setores da Seduc, teve como objetivo alinhar a log\u00edstica de organiza\u00e7\u00e3o do desfile e a participa\u00e7\u00e3o dos servidores no evento.<\/p>\n<p class=\"x_MsoNormal\" style=\"text-align: justify;\">Coordenador geral do desfile de 7 de setembro, Carlos Fabiano de Souza Santos, falou sobre a reuni\u00e3o. \u201cEsse foi um encontro de alinhamento. Tivemos a oportunidade de reunir todos os servidores que estar\u00e3o nas ruas no dia 7 de setembro para que pud\u00e9ssemos dividir as equipes, definir as fun\u00e7\u00f5es da cada uma e a log\u00edstica de organiza\u00e7\u00e3o do desfile, orientar sobre o percurso e aspectos da seguran\u00e7a, para que o nosso desfile continue sendo o sucesso que sempre \u00e9\u201d, frisou Carlos Fabiano.<\/p>\n<p class=\"x_MsoNormal\" style=\"text-align: justify;\">Em Juazeiro, o desfile de 7 de setembro iniciar\u00e1 na Orla II e seguir\u00e1 at\u00e9 a Rua Oscar Ribeiro, com a participa\u00e7\u00e3o de 14 entidades, entre escolas p\u00fablicas municipais, estaduais e privadas, for\u00e7as armadas e institui\u00e7\u00f5es filantr\u00f3picas.<\/p>\n<p class=\"x_MsoNormal\" style=\"text-align: justify;\" aria-hidden=\"true\">\n","protected":false},"excerpt":{"rendered":"<p>A equipe da Secretaria de Educa\u00e7\u00e3o e Juventude de Juazeiro (Seduc) se reuniu, nesta sexta-feira (25), para dar seguimento aos preparativos do desfile c\u00edvico-militar em comemora\u00e7\u00e3o \u00e0 Independ\u00eancia do Brasil, no dia 7 de setembro. A reuni\u00e3o, que contou com representantes de diversos setores da Seduc, teve como objetivo alinhar a log\u00edstica de organiza\u00e7\u00e3o do [&hellip;]<\/p>\n","protected":false},"author":1,"featured_media":56661,"comment_status":"closed","ping_status":"open","sticky":false,"template":"","format":"standard","meta":{"_uag_custom_page_level_css":"","_monsterinsights_skip_tracking":false,"_monsterinsights_sitenote_active":false,"_monsterinsights_sitenote_note":"","_monsterinsights_sitenote_category":0,"jetpack_post_was_ever_published":false,"_jetpack_newsletter_access":"","_jetpack_dont_email_post_to_subs":false,"_jetpack_newsletter_tier_id":0,"_jetpack_memberships_contains_paywalled_content":false,"_jetpack_memberships_contains_paid_content":false,"footnotes":"","jetpack_publicize_message":"","jetpack_publicize_feature_enabled":true,"jetpack_social_post_already_shared":true,"jetpack_social_options":{"image_generator_settings":{"template":"highway","default_image_id":0,"font":"","enabled":false},"version":2}},"categories":[203],"tags":[],"class_list":["post-56660","post","type-post","status-publish","format-standard","has-post-thumbnail","hentry","category-juazeiro"],"jetpack_publicize_connections":[],"jetpack_featured_media_url":"https:\/\/blogopara.com.br\/wp-content\/uploads\/2023\/08\/001.jpeg","uagb_featured_image_src":{"full":["https:\/\/blogopara.com.br\/wp-content\/uploads\/2023\/08\/001.jpeg",500,294,false],"thumbnail":["https:\/\/blogopara.com.br\/wp-content\/uploads\/2023\/08\/001-150x150.jpeg",150,150,true],"medium":["https:\/\/blogopara.com.br\/wp-content\/uploads\/2023\/08\/001-300x176.jpeg",300,176,true],"medium_large":["https:\/\/blogopara.com.br\/wp-content\/uploads\/2023\/08\/001.jpeg",500,294,false],"large":["https:\/\/blogopara.com.br\/wp-content\/uploads\/2023\/08\/001.jpeg",500,294,false],"1536x1536":["https:\/\/blogopara.com.br\/wp-content\/uploads\/2023\/08\/001.jpeg",500,294,false],"2048x2048":["https:\/\/blogopara.com.br\/wp-content\/uploads\/2023\/08\/001.jpeg",500,294,false],"mantranews-slider-large":["https:\/\/blogopara.com.br\/wp-content\/uploads\/2023\/08\/001.jpeg",500,294,false],"mantranews-featured-medium":["https:\/\/blogopara.com.br\/wp-content\/uploads\/2023\/08\/001-420x294.jpeg",420,294,true],"mantranews-featured-long":["https:\/\/blogopara.com.br\/wp-content\/uploads\/2023\/08\/001-300x294.jpeg",300,294,true],"mantranews-block-medium":["https:\/\/blogopara.com.br\/wp-content\/uploads\/2023\/08\/001-464x290.jpeg",464,290,true],"mantranews-carousel-image":["https:\/\/blogopara.com.br\/wp-content\/uploads\/2023\/08\/001.jpeg",500,294,false],"mantranews-block-thumb":["https:\/\/blogopara.com.br\/wp-content\/uploads\/2023\/08\/001-322x230.jpeg",322,230,true],"mantranews-single-large":["https:\/\/blogopara.com.br\/wp-content\/uploads\/2023\/08\/001.jpeg",500,294,false]},"uagb_author_info":{"display_name":"Reda\u00e7\u00e3o geral","author_link":"https:\/\/blogopara.com.br\/index.php\/author\/blogopara"},"uagb_comment_info":0,"uagb_excerpt":"A equipe da Secretaria de Educa\u00e7\u00e3o e Juventude de Juazeiro (Seduc) se reuniu, nesta sexta-feira (25), para dar seguimento aos preparativos do desfile c\u00edvico-militar em comemora\u00e7\u00e3o \u00e0 Independ\u00eancia do Brasil, no dia 7 de setembro. A reuni\u00e3o, que contou com representantes de diversos setores da Seduc, teve como objetivo alinhar a log\u00edstica de organiza\u00e7\u00e3o do&hellip;","jetpack_sharing_enabled":true,"jetpack_likes_enabled":true,"_links":{"self":[{"href":"https:\/\/blogopara.com.br\/index.php\/wp-json\/wp\/v2\/posts\/56660","targetHints":{"allow":["GET"]}}],"collection":[{"href":"https:\/\/blogopara.com.br\/index.php\/wp-json\/wp\/v2\/posts"}],"about":[{"href":"https:\/\/blogopara.com.br\/index.php\/wp-json\/wp\/v2\/types\/post"}],"author":[{"embeddable":true,"href":"https:\/\/blogopara.com.br\/index.php\/wp-json\/wp\/v2\/users\/1"}],"replies":[{"embeddable":true,"href":"https:\/\/blogopara.com.br\/index.php\/wp-json\/wp\/v2\/comments?post=56660"}],"version-history":[{"count":1,"href":"https:\/\/blogopara.com.br\/index.php\/wp-json\/wp\/v2\/posts\/56660\/revisions"}],"predecessor-version":[{"id":56662,"href":"https:\/\/blogopara.com.br\/index.php\/wp-json\/wp\/v2\/posts\/56660\/revisions\/56662"}],"wp:featuredmedia":[{"embeddable":true,"href":"https:\/\/blogopara.com.br\/index.php\/wp-json\/wp\/v2\/media\/56661"}],"wp:attachment":[{"href":"https:\/\/blogopara.com.br\/index.php\/wp-json\/wp\/v2\/media?parent=56660"}],"wp:term":[{"taxonomy":"category","embeddable":true,"href":"https:\/\/blogopara.com.br\/index.php\/wp-json\/wp\/v2\/categories?post=56660"},{"taxonomy":"post_tag","embeddable":true,"href":"https:\/\/blogopara.com.br\/index.php\/wp-json\/wp\/v2\/tags?post=56660"}],"curies":[{"name":"wp","href":"https:\/\/api.w.org\/{rel}","templated":true}]}}