{"id":56677,"date":"2023-08-27T10:01:00","date_gmt":"2023-08-27T13:01:00","guid":{"rendered":"https:\/\/blogopara.com.br\/?p=56677"},"modified":"2023-08-26T17:21:50","modified_gmt":"2023-08-26T20:21:50","slug":"educadores-baianos-se-revoltam-apos-perda-do-direito-a-correcao-monetaria-de-precatorios","status":"publish","type":"post","link":"https:\/\/blogopara.com.br\/index.php\/2023\/08\/27\/educadores-baianos-se-revoltam-apos-perda-do-direito-a-correcao-monetaria-de-precatorios","title":{"rendered":"Educadores baianos se revoltam ap\u00f3s perda do direito \u00e0 corre\u00e7\u00e3o monet\u00e1ria de precat\u00f3rios"},"content":{"rendered":"<div class=\"mdc-layout-grid__cell mdc-layout-grid__cell--span-6-desktop mdc-layout-grid__cell--span-8-tablet comp paragrafo cXenseParse\">\n<p style=\"text-align: justify;\">Eu me sinto tra\u00edda, enganada e sem esperan\u00e7as de dias melhores para o professor\u201d. O sentimento de Helaine da Silva Souza, 47 anos, professora estadual h\u00e1 21 anos, \u00e9 comum a milhares de servidores baianos que acompanharam a decis\u00e3o tomada durante sess\u00e3o extraordin\u00e1ria da Assembleia Legislativa da Bahia (Alba) na madrugada de sexta (25).<\/p>\n<p style=\"text-align: justify;\">Ali, o Projeto de Lei (PL) para o pagamento da segunda parcela dos precat\u00f3rios do Fundef devido aos professores e profissionais da Educa\u00e7\u00e3o B\u00e1sica foi aprovado, pouco depois de 0h30, pela maioria dos 54 deputados presentes O projeto n\u00e3o prev\u00ea a corre\u00e7\u00e3o monet\u00e1ria a ser creditada aos educadores. Por isso, a oposi\u00e7\u00e3o votou contra. A emenda que o bloco apresentou prevendo o pagamento da d\u00edvida com juros foi rejeitada pelo relator, o deputado governista Vitor Bonfim (PV). O governo usou da sua for\u00e7a e aprovou o projeto mesmo desagradando a categoria.<\/p>\n<\/div>\n<div class=\"mdc-layout-grid__cell mdc-layout-grid__cell--span-6-desktop mdc-layout-grid__cell--span-8-tablet comp paragrafo cXenseParse\" style=\"text-align: justify;\">\n<p>\u201cO que levou \u00e0 aprova\u00e7\u00e3o foi a vontade do governo, que conseguiu fazer com que o presidente da Assembleia convocasse uma sess\u00e3o esdr\u00faxula numa quinta-feira \u00e0s 19h30. E o Governo do Estado em momento algum procurou atender a decis\u00e3o da categoria dos professores\u201d, afirmou o deputado Alan Sanches (Uni\u00e3o Brasil), l\u00edder da oposi\u00e7\u00e3o.<\/p>\n<\/div>\n<div class=\"mdc-layout-grid__cell mdc-layout-grid__cell--span-6-desktop mdc-layout-grid__cell--span-8-tablet comp paragrafo cXenseParse\" style=\"text-align: justify;\">\n<p>Os precat\u00f3rios se referem a valores devidos a profissionais da educa\u00e7\u00e3o fundamental que estavam na ativa entre 1998 e 2006, no Norte e no Nordeste por causa de um erro de c\u00e1lculo da Uni\u00e3o no repasse de valores do antigo Fundef. Em 2022, o Supremo Tribunal Federal (STF) decidiu que a categoria tinha direito aos valores e determinou que o estado brasileiro pagasse. O recurso foi repassado para os governos dos estados junto com juros gerados pela demora de quase 20 anos aplicados para recompor o poder de compra do dinheiro. Na Bahia, o governo reteve parte dos recursos e fez o pagamento da primeira parcela sem os juros, levando os professores a uma perda acumulada pela infla\u00e7\u00e3o do per\u00edodo. Do repasse da Uni\u00e3o, por lei, 60% devem ser destinados aos docentes e 40% \u00e0 infraestrutura dos col\u00e9gios da rede estadual.<\/p>\n<\/div>\n<div class=\"mdc-layout-grid__cell mdc-layout-grid__cell--span-6-desktop mdc-layout-grid__cell--span-8-tablet comp paragrafo cXenseParse\" style=\"text-align: justify;\">\n<p>Rui Oliveira, presidente do Sindicato dos Trabalhadores em Educa\u00e7\u00e3o do Estado da Bahia (APLB), afirma que o governo ignorou todos os apelos da classe. \u201c\u00c9 uma persegui\u00e7\u00e3o aos professores da rede estadual. A revolta \u00e9 muito grande. Vamos continuar lutando\u201d, declara. Ele afirma que o sindicato j\u00e1 iniciou o processo de judicializa\u00e7\u00e3o para recorrer da decis\u00e3o tomada na Assembleia.<\/p>\n<\/div>\n<div class=\"mdc-layout-grid__cell mdc-layout-grid__cell--span-6-desktop mdc-layout-grid__cell--span-8-tablet comp paragrafo cXenseParse\" style=\"text-align: justify;\">\n<p>De acordo com a Associa\u00e7\u00e3o Classista de Educa\u00e7\u00e3o e Esporte da Bahia (Aceb), a atua\u00e7\u00e3o da APLB Sindicato nos protestos pelo pagamento dos precat\u00f3rios deixou a desejar e abriu brechas para o Governo aprovar o pagamento do Fundef sem os juros. \u201cEu pensei que, depois de toda a nossa batalha, a entidade sindical fosse cumprir a sua tarefa de defender o direito dos trabalhadores benefici\u00e1rios desses precat\u00f3rios. Mas n\u00e3o. Se envolveu numa contenda\u201d, diz Marinalva Nunes, presidente da Aceb. A APLB preferiu n\u00e3o responder \u00e0s cr\u00edticas de Marinalva.<\/p>\n<\/div>\n<div class=\"mdc-layout-grid__cell mdc-layout-grid__cell--span-6-desktop mdc-layout-grid__cell--span-8-tablet comp paragrafo cXenseParse\" style=\"text-align: justify;\">\n<p>Para Rosemberg Pinto (PT), l\u00edder do governo, o projeto, mesmo com perdas monet\u00e1rias, \u00e9 vantajoso para os professores. \u201cEu considero que foi um projeto exitoso e que ser\u00e1 pago imediatamente. O governador j\u00e1 sancionou a lei e, certamente, entre amanh\u00e3 (sexta, 25) e segunda-feira (28), todos os trabalhadores estar\u00e3o com o dinheiro na conta, porque para al\u00e9m do p\u00fablico que recebeu no projeto anterior, foi ampliado tanto para ativos quanto para aposentados\u201d, diz. Apesar desta afirma\u00e7\u00e3o, o Governo do Estado ainda n\u00e3o tem previs\u00e3o de data para fazer o pagamento.<\/p>\n<\/div>\n<div class=\"mdc-layout-grid__cell mdc-layout-grid__cell--span-6-desktop mdc-layout-grid__cell--span-8-tablet comp paragrafo cXenseParse\" style=\"text-align: justify;\">\n<p>Para Marco Aur\u00e9lio Silva, que leciona h\u00e1 23 anos em Santa Maria da Vit\u00f3ria, no oeste do estado, a situa\u00e7\u00e3o \u00e9 de desesperan\u00e7a. \u201cN\u00f3s vamos seguir com a responsabilidade social de educar os jovens, em sua maioria negros e pobres, oriundos da classe trabalhadora, a mesma classe que n\u00f3s pertencemos. Mas, com certeza, n\u00e3o temos a motiva\u00e7\u00e3o que poder\u00edamos ter caso f\u00f4ssemos mais respeitados\u201d.<\/p>\n<\/div>\n<div class=\"mdc-layout-grid__cell mdc-layout-grid__cell--span-6-desktop mdc-layout-grid__cell--span-8-tablet comp paragrafo cXenseParse\" style=\"text-align: justify;\">\n<p><b>Parecer jur\u00eddico contra o pagamento de juros da Bahia \u00e9 \u00fanico no NE<\/b><\/p>\n<\/div>\n<div class=\"mdc-layout-grid__cell mdc-layout-grid__cell--span-6-desktop mdc-layout-grid__cell--span-8-tablet comp paragrafo cXenseParse\" style=\"text-align: justify;\">\n<p>O estado do Cear\u00e1 destinou aos professores o rateio dos recursos do Fundef com juros e corre\u00e7\u00e3o monet\u00e1ria &#8211; valores que n\u00e3o foram especificados pela Procuradoria Geral do Estado (PGE). Em 2022, R$ 745.098.315,26 foram destinados ao pagamento da primeira parcela. J\u00e1 em agosto deste ano, os recursos foram de R$ 583.042.536,57, para a quita\u00e7\u00e3o da segunda parcela. Cerca de 50.248 professores do Cear\u00e1, que estiveram em atividade na rede estadual entre agosto de 1998 e dezembro de 2006, com v\u00ednculo estatut\u00e1rio ou tempor\u00e1rio, est\u00e3o sendo beneficiados. A terceira parcela deve ser paga em 2024. De acordo com o governo cearense, &#8220;as normativas estaduais regulamentaram o car\u00e1ter indenizat\u00f3rio do abono e os juros de mora como parte do montante a ser rateado.&#8221;<\/p>\n<\/div>\n<div class=\"mdc-layout-grid__cell mdc-layout-grid__cell--span-6-desktop mdc-layout-grid__cell--span-8-tablet comp paragrafo cXenseParse\" style=\"text-align: justify;\">\n<p>Diferentemente de seus pares nordestinos, o governo baiano informou que segue decis\u00e3o do Supremo Tribunal Federal (STF) para justificar porque ficou com a parte dos juros e corre\u00e7\u00e3o monet\u00e1ria dos valores devido aos professores. &#8220;O STF, no julgamento da ADPF n\u00ba 528-DF, concluiu expressamente que os juros morat\u00f3rios possuem natureza indenizat\u00f3ria tendo destina\u00e7\u00e3o aut\u00f4noma e desvinculada da aplica\u00e7\u00e3o na \u00e1rea da Educa\u00e7\u00e3o&#8221;, diz.<\/p>\n<\/div>\n<div class=\"mdc-layout-grid__cell mdc-layout-grid__cell--span-6-desktop mdc-layout-grid__cell--span-8-tablet comp paragrafo cXenseParse\" style=\"text-align: justify;\">\n<p>O advogado Tadeu Cincur\u00e1, especialista em Direito P\u00fablico, explicou que os profissionais da educa\u00e7\u00e3o j\u00e1 teriam direito a 60% do valor principal dos recursos do Fundef repassados \u00e0 Bahia se esse valor tivesse ingressado na \u00e9poca em que o estado deixou de receber. E que, ao contr\u00e1rio do argumento governamental, n\u00e3o h\u00e1 uma proibi\u00e7\u00e3o do STF, para que esses recursos sejam corrigidos ou tenham uma destina\u00e7\u00e3o livre.<\/p>\n<\/div>\n<div class=\"mdc-layout-grid__cell mdc-layout-grid__cell--span-6-desktop mdc-layout-grid__cell--span-8-tablet comp paragrafo cXenseParse\" style=\"text-align: justify;\">\n<p>&#8220;A luta dos professores \u00e9 antiga, e leg\u00edtima para que possam receber a cota referente aos juros e corre\u00e7\u00e3o monet\u00e1ria. Essa luta \u00e9 pol\u00edtica e denota que os professores n\u00e3o comp\u00f5em, neste momento, a prioridade do atual governo da Bahia&#8221;, analisa. &#8220;Como (Educa\u00e7\u00e3o) se trata de um direito fundamental, de grande relev\u00e2ncia, n\u00f3s precisamos refletir com mais cuidado. No entanto, o STF permite, de fato, que o governador tome essa decis\u00e3o&#8221;, completa.<\/p>\n<\/div>\n<div class=\"mdc-layout-grid__cell mdc-layout-grid__cell--span-6-desktop mdc-layout-grid__cell--span-8-tablet comp paragrafo cXenseParse\" style=\"text-align: justify;\">\n<p><b>Estado n\u00e3o sabe quando vai pagar<\/b><\/p>\n<\/div>\n<div class=\"mdc-layout-grid__cell mdc-layout-grid__cell--span-6-desktop mdc-layout-grid__cell--span-8-tablet comp paragrafo cXenseParse\" style=\"text-align: justify;\">\n<p>De acordo com o Governo do Estado, a data exata para o pagamento da segunda parcela dos precat\u00f3rios do Fundef ainda n\u00e3o est\u00e1 definida. Isso porque a Secretaria de Administra\u00e7\u00e3o do Estado da Bahia (SAEB) ainda est\u00e1 realizando os tr\u00e2mites obrigat\u00f3rios para efetivar o pagamento. O governo se comprometeu a informar a data assim que poss\u00edvel.<\/p>\n<\/div>\n<div class=\"mdc-layout-grid__cell mdc-layout-grid__cell--span-6-desktop mdc-layout-grid__cell--span-8-tablet comp paragrafo cXenseParse\" style=\"text-align: justify;\">\n<p>O repasse total aos professores ser\u00e1 de R$ 1,25 bilh\u00e3o. Desta quantia, 60%, estimados em R$ 832 milh\u00f5es, ser\u00e3o destinados aos professores e coordenadores pedag\u00f3gicos que atuaram na educa\u00e7\u00e3o b\u00e1sica de janeiro de 1998 a dezembro de 2006, per\u00edodo em que houve o erro no repasse das verbas do governo federal.<\/p>\n<\/div>\n<div class=\"mdc-layout-grid__cell mdc-layout-grid__cell--span-6-desktop mdc-layout-grid__cell--span-8-tablet comp paragrafo cXenseParse\" style=\"text-align: justify;\">\n<p>O \u00edndice contempla 87.289 pessoas, incluindo profissionais que j\u00e1 se desligaram do v\u00ednculo com estado e tamb\u00e9m herdeiros de servidores falecidos. Isso significa que cada servidor receber\u00e1, aproximadamente, R$ 9.531 nessa segunda parcela.<\/p>\n<\/div>\n<div class=\"mdc-layout-grid__cell mdc-layout-grid__cell--span-6-desktop mdc-layout-grid__cell--span-8-tablet comp paragrafo cXenseParse\">\n<p style=\"text-align: justify;\">J\u00e1 os outros 30% do montante, equivalentes a R$ 416 milh\u00f5es, devem ser distribu\u00eddos como abono extraordin\u00e1rio a 85.631 professores e coordenadores pedag\u00f3gicos que integram a folha de pagamento do Estado atualmente, incluindo servidores ativos, aposentados e profissionais tempor\u00e1rios (Reda). Ao todo, essa fatia contemplar\u00e1 mais de 118 mil pessoas.<\/p>\n<p>Fonte: Correio da Bahia<\/p>\n<\/div>\n\n\n<p><\/p>\n","protected":false},"excerpt":{"rendered":"<p>Eu me sinto tra\u00edda, enganada e sem esperan\u00e7as de dias melhores para o professor\u201d. O sentimento de Helaine da Silva Souza, 47 anos, professora estadual h\u00e1 21 anos, \u00e9 comum a milhares de servidores baianos que acompanharam a decis\u00e3o tomada durante sess\u00e3o extraordin\u00e1ria da Assembleia Legislativa da Bahia (Alba) na madrugada de sexta (25). Ali, [&hellip;]<\/p>\n","protected":false},"author":1,"featured_media":56678,"comment_status":"closed","ping_status":"open","sticky":false,"template":"","format":"standard","meta":{"_uag_custom_page_level_css":"","_monsterinsights_skip_tracking":false,"_monsterinsights_sitenote_active":false,"_monsterinsights_sitenote_note":"","_monsterinsights_sitenote_category":0,"jetpack_post_was_ever_published":false,"_jetpack_newsletter_access":"","_jetpack_dont_email_post_to_subs":false,"_jetpack_newsletter_tier_id":0,"_jetpack_memberships_contains_paywalled_content":false,"_jetpack_memberships_contains_paid_content":false,"footnotes":"","jetpack_publicize_message":"","jetpack_publicize_feature_enabled":true,"jetpack_social_post_already_shared":true,"jetpack_social_options":{"image_generator_settings":{"template":"highway","default_image_id":0,"font":"","enabled":false},"version":2}},"categories":[199],"tags":[],"class_list":["post-56677","post","type-post","status-publish","format-standard","has-post-thumbnail","hentry","category-bahia"],"jetpack_publicize_connections":[],"jetpack_featured_media_url":"https:\/\/blogopara.com.br\/wp-content\/uploads\/2023\/08\/1c1313ab-09d5-42c5-b149-d1f7dad937ae.png","uagb_featured_image_src":{"full":["https:\/\/blogopara.com.br\/wp-content\/uploads\/2023\/08\/1c1313ab-09d5-42c5-b149-d1f7dad937ae.png",1280,960,false],"thumbnail":["https:\/\/blogopara.com.br\/wp-content\/uploads\/2023\/08\/1c1313ab-09d5-42c5-b149-d1f7dad937ae-150x150.png",150,150,true],"medium":["https:\/\/blogopara.com.br\/wp-content\/uploads\/2023\/08\/1c1313ab-09d5-42c5-b149-d1f7dad937ae-300x225.png",300,225,true],"medium_large":["https:\/\/blogopara.com.br\/wp-content\/uploads\/2023\/08\/1c1313ab-09d5-42c5-b149-d1f7dad937ae-768x576.png",640,480,true],"large":["https:\/\/blogopara.com.br\/wp-content\/uploads\/2023\/08\/1c1313ab-09d5-42c5-b149-d1f7dad937ae-1024x768.png",640,480,true],"1536x1536":["https:\/\/blogopara.com.br\/wp-content\/uploads\/2023\/08\/1c1313ab-09d5-42c5-b149-d1f7dad937ae.png",1280,960,false],"2048x2048":["https:\/\/blogopara.com.br\/wp-content\/uploads\/2023\/08\/1c1313ab-09d5-42c5-b149-d1f7dad937ae.png",1280,960,false],"mantranews-slider-large":["https:\/\/blogopara.com.br\/wp-content\/uploads\/2023\/08\/1c1313ab-09d5-42c5-b149-d1f7dad937ae-1020x741.png",1020,741,true],"mantranews-featured-medium":["https:\/\/blogopara.com.br\/wp-content\/uploads\/2023\/08\/1c1313ab-09d5-42c5-b149-d1f7dad937ae-420x307.png",420,307,true],"mantranews-featured-long":["https:\/\/blogopara.com.br\/wp-content\/uploads\/2023\/08\/1c1313ab-09d5-42c5-b149-d1f7dad937ae-300x443.png",300,443,true],"mantranews-block-medium":["https:\/\/blogopara.com.br\/wp-content\/uploads\/2023\/08\/1c1313ab-09d5-42c5-b149-d1f7dad937ae-464x290.png",464,290,true],"mantranews-carousel-image":["https:\/\/blogopara.com.br\/wp-content\/uploads\/2023\/08\/1c1313ab-09d5-42c5-b149-d1f7dad937ae-600x500.png",600,500,true],"mantranews-block-thumb":["https:\/\/blogopara.com.br\/wp-content\/uploads\/2023\/08\/1c1313ab-09d5-42c5-b149-d1f7dad937ae-322x230.png",322,230,true],"mantranews-single-large":["https:\/\/blogopara.com.br\/wp-content\/uploads\/2023\/08\/1c1313ab-09d5-42c5-b149-d1f7dad937ae-1210x642.png",1210,642,true]},"uagb_author_info":{"display_name":"Reda\u00e7\u00e3o geral","author_link":"https:\/\/blogopara.com.br\/index.php\/author\/blogopara"},"uagb_comment_info":0,"uagb_excerpt":"Eu me sinto tra\u00edda, enganada e sem esperan\u00e7as de dias melhores para o professor\u201d. O sentimento de Helaine da Silva Souza, 47 anos, professora estadual h\u00e1 21 anos, \u00e9 comum a milhares de servidores baianos que acompanharam a decis\u00e3o tomada durante sess\u00e3o extraordin\u00e1ria da Assembleia Legislativa da Bahia (Alba) na madrugada de sexta (25). Ali,&hellip;","jetpack_sharing_enabled":true,"jetpack_likes_enabled":true,"_links":{"self":[{"href":"https:\/\/blogopara.com.br\/index.php\/wp-json\/wp\/v2\/posts\/56677","targetHints":{"allow":["GET"]}}],"collection":[{"href":"https:\/\/blogopara.com.br\/index.php\/wp-json\/wp\/v2\/posts"}],"about":[{"href":"https:\/\/blogopara.com.br\/index.php\/wp-json\/wp\/v2\/types\/post"}],"author":[{"embeddable":true,"href":"https:\/\/blogopara.com.br\/index.php\/wp-json\/wp\/v2\/users\/1"}],"replies":[{"embeddable":true,"href":"https:\/\/blogopara.com.br\/index.php\/wp-json\/wp\/v2\/comments?post=56677"}],"version-history":[{"count":2,"href":"https:\/\/blogopara.com.br\/index.php\/wp-json\/wp\/v2\/posts\/56677\/revisions"}],"predecessor-version":[{"id":56680,"href":"https:\/\/blogopara.com.br\/index.php\/wp-json\/wp\/v2\/posts\/56677\/revisions\/56680"}],"wp:featuredmedia":[{"embeddable":true,"href":"https:\/\/blogopara.com.br\/index.php\/wp-json\/wp\/v2\/media\/56678"}],"wp:attachment":[{"href":"https:\/\/blogopara.com.br\/index.php\/wp-json\/wp\/v2\/media?parent=56677"}],"wp:term":[{"taxonomy":"category","embeddable":true,"href":"https:\/\/blogopara.com.br\/index.php\/wp-json\/wp\/v2\/categories?post=56677"},{"taxonomy":"post_tag","embeddable":true,"href":"https:\/\/blogopara.com.br\/index.php\/wp-json\/wp\/v2\/tags?post=56677"}],"curies":[{"name":"wp","href":"https:\/\/api.w.org\/{rel}","templated":true}]}}