{"id":56725,"date":"2023-08-29T15:00:00","date_gmt":"2023-08-29T18:00:00","guid":{"rendered":"https:\/\/blogopara.com.br\/?p=56725"},"modified":"2023-08-29T00:52:45","modified_gmt":"2023-08-29T03:52:45","slug":"projeto-de-lei-quer-aumentar-para-us-100-o-limite-de-isencao-de-imposto-para-compras-internacionais","status":"publish","type":"post","link":"https:\/\/blogopara.com.br\/index.php\/2023\/08\/29\/projeto-de-lei-quer-aumentar-para-us-100-o-limite-de-isencao-de-imposto-para-compras-internacionais","title":{"rendered":"Projeto de Lei quer aumentar para US$ 100 o limite de isen\u00e7\u00e3o de imposto para compras internacionais"},"content":{"rendered":"<p style=\"text-align: justify;\">Em meio \u00e0s discuss\u00f5es em torno da taxa\u00e7\u00e3o de compras internacionais, um novo\u00a0Projeto de Lei (PL)\u00a0que prop\u00f5e o aumento do limite de isen\u00e7\u00e3o para importa\u00e7\u00f5es de US$ 50 para US$ 100 foi apresentado \u00e0 C\u00e2mara dos Deputados.<\/p>\n<p style=\"text-align: justify;\">O autor da proposta \u00e9 o deputado federal\u00a0Luiz Philippe de Orleans e Bragan\u00e7a (PL-SP). No texto, o parlamentar argumenta que o atual limite, de US$ 50, \u201c\u00e9 um dos mais baixos e defasados do mundo\u201d, e afirma que a regra necessita de ajustes \u201cpara ficar em sintonia com os pa\u00edses do primeiro mundo\u201d.<\/p>\n<p style=\"text-align: justify;\">\u201cEsse valor foi estipulado pelo decreto em 1980 e, trazendo a valor corrigido, seria algo em torno de U$185,00 no presente ano\u201d, diz o texto.<\/p>\n<p style=\"text-align: justify;\">Bragan\u00e7a tamb\u00e9m prop\u00f5e reduzir a al\u00edquota do imposto de importa\u00e7\u00e3o de 60% para 20% para essas compras, al\u00e9m de aumentar o valor m\u00e1ximo das remessas expressas nas importa\u00e7\u00f5es de US$ 3 mil para US$ 5 mil.<\/p>\n<p style=\"text-align: justify;\">Na proposta, o parlamentar afirma que a redu\u00e7\u00e3o pode alavancar a atividade econ\u00f4mica dos Correios e das empresas de remessa expressa do pa\u00eds.<\/p>\n<p style=\"text-align: justify;\">Segundo o deputado, a perda de arrecada\u00e7\u00e3o poderia ser compensada por meio de emendas \u00e0 Lei Or\u00e7ament\u00e1ria Anual (LOA), reestimativa de receita na\u00a0Lei de Diretrizes Or\u00e7ament\u00e1rias (LDO)\u00a0ou at\u00e9 mesmo pela cria\u00e7\u00e3o de um novo tributo.<\/p>\n<p style=\"text-align: justify;\">A proposta ser\u00e1 analisada em car\u00e1ter conclusivo pela Comiss\u00e3o de Finan\u00e7as e Tributa\u00e7\u00e3o (CFT) e pela\u00a0Comiss\u00e3o de <picture><source srcset=\"https:\/\/www.cnnbrasil.com.br\/wp-content\/uploads\/sites\/12\/2023\/04\/FTA20230418098.jpg?w=200\" media=\"(max-width: 991px)\" \/><source srcset=\"https:\/\/www.cnnbrasil.com.br\/wp-content\/uploads\/sites\/12\/2023\/04\/FTA20230418098.jpg?w=300\" media=\"(min-width: 992px)\" \/><\/picture><\/p>\n<p style=\"text-align: justify;\">As compras de at\u00e9 US$ 50 em plataformas no exterior\u00a0poder\u00e3o ter cobran\u00e7a de Imposto de Importa\u00e7\u00e3o. O tema est\u00e1 em estudo, e sinaliza um recuo do governo,\u00a0que anunciou no fim de junho a isen\u00e7\u00e3o dessas opera\u00e7\u00f5es.<\/p>\n<p style=\"text-align: justify;\">O Minist\u00e9rio da Fazenda n\u00e3o nega a mudan\u00e7a, e diz que \u201ccontinuam as negocia\u00e7\u00f5es quanto a futuros ajustes na al\u00edquota federal\u201d.<\/p>\n<p style=\"text-align: justify;\">Confirmado o plano da Fazenda, compras de at\u00e9 US$ 50 passariam a ser taxadas com imposto de at\u00e9 37% \u2013 quando somadas as al\u00edquotas do ICMS e II.<\/p>\n<p style=\"text-align: justify;\">Assim, um produto de R$ 200 (cerca de US$ 40) passaria a pagar at\u00e9 R$ 74 de impostos. Portanto, o valor da compra subiria para R$ 274.<\/p>\n<p style=\"text-align: justify;\">O Minist\u00e9rio da Fazenda informa, em nota, que \u201ccontinuam valendo todas as regras do programa de conformidade Receita Conforme, e prosseguem as negocia\u00e7\u00f5es, sob o comando do minist\u00e9rio, quanto a futuros ajustes na al\u00edquota federal\u201d.<\/p>\n<p style=\"text-align: justify;\">A nota reconhece, portanto, a hip\u00f3tese de revis\u00e3o da al\u00edquota federal, que atualmente est\u00e1 zerada.<\/p>\n<p style=\"text-align: justify;\">A nota cita ainda que \u201co Conselho Nacional de Pol\u00edtica Fazend\u00e1ria (Confaz) definiu a ado\u00e7\u00e3o, por todos os estados, da al\u00edquota de 17% de ICMS em opera\u00e7\u00f5es de importa\u00e7\u00e3o por com\u00e9rcio eletr\u00f4nico, com exigibilidade imediata, sem qualquer altera\u00e7\u00e3o na tributa\u00e7\u00e3o federal\u201d.<\/p>\n<p><em>Fonte: CNN Brasil<\/em><\/p>\n","protected":false},"excerpt":{"rendered":"<p>Em meio \u00e0s discuss\u00f5es em torno da taxa\u00e7\u00e3o de compras internacionais, um novo\u00a0Projeto de Lei (PL)\u00a0que prop\u00f5e o aumento do limite de isen\u00e7\u00e3o para importa\u00e7\u00f5es de US$ 50 para US$ 100 foi apresentado \u00e0 C\u00e2mara dos Deputados. O autor da proposta \u00e9 o deputado federal\u00a0Luiz Philippe de Orleans e Bragan\u00e7a (PL-SP). No texto, o parlamentar [&hellip;]<\/p>\n","protected":false},"author":1,"featured_media":56726,"comment_status":"closed","ping_status":"open","sticky":false,"template":"","format":"standard","meta":{"_uag_custom_page_level_css":"","_monsterinsights_skip_tracking":false,"_monsterinsights_sitenote_active":false,"_monsterinsights_sitenote_note":"","_monsterinsights_sitenote_category":0,"jetpack_post_was_ever_published":false,"_jetpack_newsletter_access":"","_jetpack_dont_email_post_to_subs":false,"_jetpack_newsletter_tier_id":0,"_jetpack_memberships_contains_paywalled_content":false,"_jetpack_memberships_contains_paid_content":false,"footnotes":"","jetpack_publicize_message":"","jetpack_publicize_feature_enabled":true,"jetpack_social_post_already_shared":true,"jetpack_social_options":{"image_generator_settings":{"template":"highway","default_image_id":0,"font":"","enabled":false},"version":2}},"categories":[200,206],"tags":[14,143],"class_list":["post-56725","post","type-post","status-publish","format-standard","has-post-thumbnail","hentry","category-brasil","category-economia","tag-brasil","tag-juazeiro-da-bahia"],"jetpack_publicize_connections":[],"jetpack_featured_media_url":"https:\/\/blogopara.com.br\/wp-content\/uploads\/2023\/08\/LUEKSRSR6ZCNTC2QSMC3C2FITI-1536x983-1.jpg","uagb_featured_image_src":{"full":["https:\/\/blogopara.com.br\/wp-content\/uploads\/2023\/08\/LUEKSRSR6ZCNTC2QSMC3C2FITI-1536x983-1.jpg",500,320,false],"thumbnail":["https:\/\/blogopara.com.br\/wp-content\/uploads\/2023\/08\/LUEKSRSR6ZCNTC2QSMC3C2FITI-1536x983-1-150x150.jpg",150,150,true],"medium":["https:\/\/blogopara.com.br\/wp-content\/uploads\/2023\/08\/LUEKSRSR6ZCNTC2QSMC3C2FITI-1536x983-1-300x192.jpg",300,192,true],"medium_large":["https:\/\/blogopara.com.br\/wp-content\/uploads\/2023\/08\/LUEKSRSR6ZCNTC2QSMC3C2FITI-1536x983-1.jpg",500,320,false],"large":["https:\/\/blogopara.com.br\/wp-content\/uploads\/2023\/08\/LUEKSRSR6ZCNTC2QSMC3C2FITI-1536x983-1.jpg",500,320,false],"1536x1536":["https:\/\/blogopara.com.br\/wp-content\/uploads\/2023\/08\/LUEKSRSR6ZCNTC2QSMC3C2FITI-1536x983-1.jpg",500,320,false],"2048x2048":["https:\/\/blogopara.com.br\/wp-content\/uploads\/2023\/08\/LUEKSRSR6ZCNTC2QSMC3C2FITI-1536x983-1.jpg",500,320,false],"mantranews-slider-large":["https:\/\/blogopara.com.br\/wp-content\/uploads\/2023\/08\/LUEKSRSR6ZCNTC2QSMC3C2FITI-1536x983-1.jpg",500,320,false],"mantranews-featured-medium":["https:\/\/blogopara.com.br\/wp-content\/uploads\/2023\/08\/LUEKSRSR6ZCNTC2QSMC3C2FITI-1536x983-1-420x307.jpg",420,307,true],"mantranews-featured-long":["https:\/\/blogopara.com.br\/wp-content\/uploads\/2023\/08\/LUEKSRSR6ZCNTC2QSMC3C2FITI-1536x983-1-300x320.jpg",300,320,true],"mantranews-block-medium":["https:\/\/blogopara.com.br\/wp-content\/uploads\/2023\/08\/LUEKSRSR6ZCNTC2QSMC3C2FITI-1536x983-1-464x290.jpg",464,290,true],"mantranews-carousel-image":["https:\/\/blogopara.com.br\/wp-content\/uploads\/2023\/08\/LUEKSRSR6ZCNTC2QSMC3C2FITI-1536x983-1.jpg",500,320,false],"mantranews-block-thumb":["https:\/\/blogopara.com.br\/wp-content\/uploads\/2023\/08\/LUEKSRSR6ZCNTC2QSMC3C2FITI-1536x983-1-322x230.jpg",322,230,true],"mantranews-single-large":["https:\/\/blogopara.com.br\/wp-content\/uploads\/2023\/08\/LUEKSRSR6ZCNTC2QSMC3C2FITI-1536x983-1.jpg",500,320,false]},"uagb_author_info":{"display_name":"Reda\u00e7\u00e3o geral","author_link":"https:\/\/blogopara.com.br\/index.php\/author\/blogopara"},"uagb_comment_info":0,"uagb_excerpt":"Em meio \u00e0s discuss\u00f5es em torno da taxa\u00e7\u00e3o de compras internacionais, um novo\u00a0Projeto de Lei (PL)\u00a0que prop\u00f5e o aumento do limite de isen\u00e7\u00e3o para importa\u00e7\u00f5es de US$ 50 para US$ 100 foi apresentado \u00e0 C\u00e2mara dos Deputados. O autor da proposta \u00e9 o deputado federal\u00a0Luiz Philippe de Orleans e Bragan\u00e7a (PL-SP). No texto, o parlamentar&hellip;","jetpack_sharing_enabled":true,"jetpack_likes_enabled":true,"_links":{"self":[{"href":"https:\/\/blogopara.com.br\/index.php\/wp-json\/wp\/v2\/posts\/56725","targetHints":{"allow":["GET"]}}],"collection":[{"href":"https:\/\/blogopara.com.br\/index.php\/wp-json\/wp\/v2\/posts"}],"about":[{"href":"https:\/\/blogopara.com.br\/index.php\/wp-json\/wp\/v2\/types\/post"}],"author":[{"embeddable":true,"href":"https:\/\/blogopara.com.br\/index.php\/wp-json\/wp\/v2\/users\/1"}],"replies":[{"embeddable":true,"href":"https:\/\/blogopara.com.br\/index.php\/wp-json\/wp\/v2\/comments?post=56725"}],"version-history":[{"count":1,"href":"https:\/\/blogopara.com.br\/index.php\/wp-json\/wp\/v2\/posts\/56725\/revisions"}],"predecessor-version":[{"id":56727,"href":"https:\/\/blogopara.com.br\/index.php\/wp-json\/wp\/v2\/posts\/56725\/revisions\/56727"}],"wp:featuredmedia":[{"embeddable":true,"href":"https:\/\/blogopara.com.br\/index.php\/wp-json\/wp\/v2\/media\/56726"}],"wp:attachment":[{"href":"https:\/\/blogopara.com.br\/index.php\/wp-json\/wp\/v2\/media?parent=56725"}],"wp:term":[{"taxonomy":"category","embeddable":true,"href":"https:\/\/blogopara.com.br\/index.php\/wp-json\/wp\/v2\/categories?post=56725"},{"taxonomy":"post_tag","embeddable":true,"href":"https:\/\/blogopara.com.br\/index.php\/wp-json\/wp\/v2\/tags?post=56725"}],"curies":[{"name":"wp","href":"https:\/\/api.w.org\/{rel}","templated":true}]}}