{"id":56802,"date":"2023-09-01T11:00:00","date_gmt":"2023-09-01T14:00:00","guid":{"rendered":"https:\/\/blogopara.com.br\/?p=56802"},"modified":"2023-09-01T01:30:15","modified_gmt":"2023-09-01T04:30:15","slug":"simao-anuncia-xand-aviao-cheiro-de-amor-e-geraldo-azevedo-na-programacao-de-aniversario-de-petrolina","status":"publish","type":"post","link":"https:\/\/blogopara.com.br\/index.php\/2023\/09\/01\/simao-anuncia-xand-aviao-cheiro-de-amor-e-geraldo-azevedo-na-programacao-de-aniversario-de-petrolina","title":{"rendered":"Sim\u00e3o anuncia Xand Avi\u00e3o, Cheiro de Amor e Geraldo Azevedo na programa\u00e7\u00e3o de anivers\u00e1rio de  Petrolina"},"content":{"rendered":"<div id=\"chunk-1sofn\">\n<div class=\"mc-column content-text active-extra-styles \" data-block-type=\"unstyled\" data-block-weight=\"40\" data-block-id=\"6\">\n<p class=\"content-text__container \" style=\"text-align: justify;\" data-track-category=\"Link no Texto\" data-track-links=\"\">Dentro da programa\u00e7\u00e3o dos 128 anos de Petrolina est\u00e1 o Festival Crist\u00e3o, na Porta do Rio. No dia 15, o p\u00fablico vai acompanhar a apresenta\u00e7\u00e3o da cantora Aline Barros, e no dia 17, tem o padre Adilson Sim\u00f5es.<\/p>\n<\/div>\n<\/div>\n<div id=\"chunk-de67d\" style=\"text-align: justify;\">\n<div class=\"mc-column content-text active-extra-styles \" data-block-type=\"unstyled\" data-block-weight=\"56\" data-block-id=\"7\">\n<p class=\"content-text__container \" data-track-category=\"Link no Texto\" data-track-links=\"\">No s\u00e1bado, dia 16, a festa \u00e9 para os amantes da Serenata. A cantora Vera de Maria Maga vai se apresentar na Avenida 21 de Setembro. Na v\u00e9spera do anivers\u00e1rio, dia 20, o cantor Xand Avi\u00e3o e a Banda Cheiro de Amor v\u00e3o se apresentar em cima do trio el\u00e9trico, na Puxada de Anivers\u00e1rio.<\/p>\n<\/div>\n<\/div>\n<div id=\"chunk-8kn4u\" style=\"text-align: justify;\">\n<div class=\"mc-column content-text active-extra-styles \" data-block-type=\"unstyled\" data-block-weight=\"28\" data-block-id=\"8\">\n<p class=\"content-text__container \" data-track-category=\"Link no Texto\" data-track-links=\"\">Este ano, o desfile de anivers\u00e1rio de Petrolina vai homenagear o centen\u00e1rio de Ana das Carrancas. Como de costume, o desfile ser\u00e1 na Avenida Guararapes, come\u00e7ando \u00e0s 18h.<\/p>\n<\/div>\n<\/div>\n<div id=\"chunk-ei0k0\" style=\"text-align: justify;\">\n<div class=\"mc-column content-text active-extra-styles \" data-block-type=\"unstyled\" data-block-weight=\"31\" data-block-id=\"9\">\n<p class=\"content-text__container \" data-track-category=\"Link no Texto\" data-track-links=\"\">Al\u00e9m da parte festiva, o m\u00eas do anivers\u00e1rio ter\u00e1 entrega de obras, como a ciclovia da Avenida da Integra\u00e7\u00e3o e o Complexo Esportivo Rei Pel\u00e9, no bairro Terras do Sul.<\/p>\n<\/div>\n<\/div>\n<div id=\"chunk-39g3p\" style=\"text-align: justify;\">\n<div class=\"mc-column content-text active-extra-styles \" data-block-type=\"unstyled\" data-block-weight=\"48\" data-block-id=\"10\">\n<p class=\"content-text__container \" data-track-category=\"Link no Texto\" data-track-links=\"\">\u201c\u00c9 um momento de celebrar, um momento de agradecer as conquistas realizadas at\u00e9 o momento. Ent\u00e3o, nesse m\u00eas de setembro a gente fez para homenagear os 128 anos da cidade de Petrolina com muita entrega, muita ordem de servi\u00e7o, mas tamb\u00e9m com muita festa\u201d, destaca Sim\u00e3o Durando.<\/p>\n<\/div>\n<\/div>\n<div id=\"chunk-949ql\" style=\"text-align: justify;\">\n<div class=\"mc-column content-text active-extra-styles \" data-block-type=\"unstyled\" data-block-weight=\"40\" data-block-id=\"13\">\n<p class=\"content-text__container \" style=\"text-align: justify;\" data-track-category=\"Link no Texto\" data-track-links=\"\">A comemora\u00e7\u00e3o do m\u00eas do anivers\u00e1rio termina com o retorno do Festival Geraldo Azevedo, que ser\u00e1 realizado entre os dias 28 e 30, na Concha Ac\u00fastica. O encerramento ter\u00e1 show do cantor e compositor petrolinense que d\u00e1 nome ao festival.<\/p>\n<\/div>\n<\/div>\n<div id=\"chunk-dj98d\" style=\"text-align: justify;\">\n<div class=\"mc-column content-text active-extra-styles\" data-block-type=\"raw\" data-block-weight=\"3\" data-block-id=\"14\">\n<div class=\"content-intertitle\">\n<h4>Confira a programa\u00e7\u00e3o<\/h4>\n<\/div>\n<\/div>\n<\/div>\n<div id=\"chunk-5l9lo\" style=\"text-align: justify;\">\n<div class=\"mc-column content-text active-extra-styles\" data-block-type=\"raw\" data-block-weight=\"2\" data-block-id=\"15\">\n<div class=\"content-intertitle\">\n<h4>Quarta-feira, 13\/09<\/h4>\n<\/div>\n<\/div>\n<\/div>\n<div id=\"chunk-2uge\" style=\"text-align: justify;\">\n<div class=\"mc-column content-text active-extra-styles\" data-block-type=\"raw\" data-block-weight=\"7\" data-block-id=\"16\">\n<ul class=\"content-unordered-list\">\n<li>Cerim\u00f4nia de entrega de Medalha Nilo Coelho<\/li>\n<\/ul>\n<\/div>\n<\/div>\n<div id=\"chunk-f4vd7\" style=\"text-align: justify;\">\n<div class=\"mc-column content-text active-extra-styles\" data-block-type=\"raw\" data-block-weight=\"6\" data-block-id=\"17\">\n<div class=\"content-intertitle\">\n<h4>Sexta e s\u00e1bado, 15 e 16\/09<\/h4>\n<\/div>\n<\/div>\n<\/div>\n<div id=\"chunk-ffurk\" style=\"text-align: justify;\">\n<div class=\"mc-column content-text active-extra-styles\" data-block-type=\"raw\" data-block-weight=\"5\" data-block-id=\"18\">\n<ul class=\"content-unordered-list\">\n<li>Festa do Colono Maria Tereza<\/li>\n<\/ul>\n<\/div>\n<\/div>\n<div id=\"chunk-dtct2\" style=\"text-align: justify;\">\n<div class=\"mc-column content-text active-extra-styles \" data-block-type=\"unstyled\" data-block-weight=\"2\" data-block-id=\"19\">\n<p class=\"content-text__container \" data-track-category=\"Link no Texto\" data-track-links=\"\"><strong>Sexta-feira, 15\/09<\/strong><\/p>\n<\/div>\n<\/div>\n<div id=\"chunk-eg93v\" style=\"text-align: justify;\">\n<div class=\"mc-column content-text active-extra-styles\" data-block-type=\"raw\" data-block-weight=\"8\" data-block-id=\"20\">\n<ul class=\"content-unordered-list\">\n<li>Festival Crist\u00e3o com Aline Barros e bandas locais<\/li>\n<\/ul>\n<\/div>\n<\/div>\n<div id=\"chunk-fd7pv\" style=\"text-align: justify;\">\n<div class=\"mc-column content-text active-extra-styles \" data-block-type=\"unstyled\" data-block-weight=\"2\" data-block-id=\"21\">\n<p class=\"content-text__container \" data-track-category=\"Link no Texto\" data-track-links=\"\"><strong>S\u00e1bado, 16\/09<\/strong><\/p>\n<\/div>\n<\/div>\n<div id=\"chunk-5c5t\" style=\"text-align: justify;\">\n<div class=\"mc-column content-text active-extra-styles\" data-block-type=\"raw\" data-block-weight=\"12\" data-block-id=\"22\">\n<ul class=\"content-unordered-list\">\n<li>Serenata com Vera de Maria Maga, Fernando Junior e Seresteiros do Vale<\/li>\n<\/ul>\n<\/div>\n<\/div>\n<div id=\"chunk-f1tjd\" style=\"text-align: justify;\">\n<div class=\"mc-column content-text active-extra-styles \" data-block-type=\"unstyled\" data-block-weight=\"2\" data-block-id=\"23\">\n<p class=\"content-text__container \" data-track-category=\"Link no Texto\" data-track-links=\"\"><strong>Domingo, 17\/09<\/strong><\/p>\n<\/div>\n<\/div>\n<div id=\"chunk-5unml\" style=\"text-align: justify;\">\n<div class=\"mc-column content-text active-extra-styles\" data-block-type=\"raw\" data-block-weight=\"11\" data-block-id=\"24\">\n<ul class=\"content-unordered-list\">\n<li>Festival Crist\u00e3o com Padre Adilson Sim\u00f5es, Ziza Fernades e Davidson Silva<\/li>\n<\/ul>\n<\/div>\n<\/div>\n<div id=\"chunk-d05au\" style=\"text-align: justify;\">\n<div class=\"mc-column content-text active-extra-styles \" data-block-type=\"unstyled\" data-block-weight=\"2\" data-block-id=\"25\">\n<p class=\"content-text__container \" data-track-category=\"Link no Texto\" data-track-links=\"\"><strong>Quarta-feira, 20\/09<\/strong><\/p>\n<\/div>\n<\/div>\n<div id=\"chunk-8g6n5\" style=\"text-align: justify;\">\n<div class=\"mc-column content-text active-extra-styles\" data-block-type=\"raw\" data-block-weight=\"10\" data-block-id=\"26\">\n<ul class=\"content-unordered-list\">\n<li>Puxada de anivers\u00e1rio com Xand Avi\u00e3o e Cheiro de Amor<\/li>\n<\/ul>\n<\/div>\n<\/div>\n<div id=\"chunk-a5mts\" style=\"text-align: justify;\">\n<div class=\"mc-column content-text active-extra-styles\" data-block-type=\"raw\" data-block-weight=\"2\" data-block-id=\"27\">\n<div class=\"content-intertitle\">\n<h4>Quinta-feira, 21\/09<\/h4>\n<\/div>\n<\/div>\n<\/div>\n<div id=\"chunk-7iekl\" style=\"text-align: justify;\">\n<div class=\"mc-column content-text active-extra-styles \" data-block-type=\"unstyled\" data-block-weight=\"3\" data-block-id=\"28\">\n<p class=\"content-text__container \" data-track-category=\"Link no Texto\" data-track-links=\"\"><strong>Desfile de anivers\u00e1rio<\/strong><\/p>\n<\/div>\n<\/div>\n<div id=\"chunk-87lg7\" style=\"text-align: justify;\">\n<div class=\"mc-column content-text active-extra-styles\" data-block-type=\"raw\" data-block-weight=\"34\" data-block-id=\"29\">\n<ul class=\"content-unordered-list\">\n<li>Tema &#8211; Centen\u00e1rio de Ana das Carrancas<\/li>\n<li>Hor\u00e1rio &#8211; 18h<\/li>\n<li>Local &#8211; Avenida Guararapes<\/li>\n<li>17 escolas municipais, 5 CMEIS e 1 Nova Sementes<\/li>\n<li>Total de alunos &#8211; 470<\/li>\n<li>17 alas e 5 carros aleg\u00f3ricos<\/li>\n<\/ul>\n<\/div>\n<\/div>\n<div id=\"chunk-91v8l\" style=\"text-align: justify;\">\n<div class=\"mc-column content-text active-extra-styles\" data-block-type=\"raw\" data-block-weight=\"8\" data-block-id=\"30\">\n<div class=\"content-intertitle\">\n<h4>Quinta, sexta e s\u00e1bado, 28, 29 e 30\/09<\/h4>\n<\/div>\n<\/div>\n<\/div>\n<div id=\"chunk-3vigv\" style=\"text-align: justify;\">\n<div class=\"mc-column content-text active-extra-styles \" data-block-type=\"unstyled\" data-block-weight=\"3\" data-block-id=\"31\">\n<p class=\"content-text__container \" data-track-category=\"Link no Texto\" data-track-links=\"\"><strong>Festival Geraldo Azevedo<\/strong><\/p>\n<\/div>\n<\/div>\n<div id=\"chunk-3socm\">\n<div class=\"mc-column content-text active-extra-styles\" data-block-type=\"raw\" data-block-weight=\"8\" data-block-id=\"32\">\n<ul class=\"content-unordered-list\">\n<li style=\"text-align: justify;\">Bandas locais e apresenta\u00e7\u00e3o especial com Geraldo Azevedo<\/li>\n<\/ul>\n<p><em>Fonte: g1 Petrolina<\/em><\/p>\n<\/div>\n<\/div>\n","protected":false},"excerpt":{"rendered":"<p>Dentro da programa\u00e7\u00e3o dos 128 anos de Petrolina est\u00e1 o Festival Crist\u00e3o, na Porta do Rio. No dia 15, o p\u00fablico vai acompanhar a apresenta\u00e7\u00e3o da cantora Aline Barros, e no dia 17, tem o padre Adilson Sim\u00f5es. No s\u00e1bado, dia 16, a festa \u00e9 para os amantes da Serenata. A cantora Vera de Maria [&hellip;]<\/p>\n","protected":false},"author":1,"featured_media":56803,"comment_status":"closed","ping_status":"open","sticky":false,"template":"","format":"standard","meta":{"_uag_custom_page_level_css":"","_monsterinsights_skip_tracking":false,"_monsterinsights_sitenote_active":false,"_monsterinsights_sitenote_note":"","_monsterinsights_sitenote_category":0,"jetpack_post_was_ever_published":false,"_jetpack_newsletter_access":"","_jetpack_dont_email_post_to_subs":false,"_jetpack_newsletter_tier_id":0,"_jetpack_memberships_contains_paywalled_content":false,"_jetpack_memberships_contains_paid_content":false,"footnotes":"","jetpack_publicize_message":"","jetpack_publicize_feature_enabled":true,"jetpack_social_post_already_shared":true,"jetpack_social_options":{"image_generator_settings":{"template":"highway","default_image_id":0,"font":"","enabled":false},"version":2}},"categories":[1784,851],"tags":[249,11032,143,58,11033],"class_list":["post-56802","post","type-post","status-publish","format-standard","has-post-thumbnail","hentry","category-cultura-2","category-petrolina","tag-aniversario","tag-geraldo-azevedo","tag-juazeiro-da-bahia","tag-petrolina","tag-xand-aviao"],"jetpack_publicize_connections":[],"jetpack_featured_media_url":"https:\/\/blogopara.com.br\/wp-content\/uploads\/2023\/09\/8B540910-5355-4C42-97BB-D22E2F9E6580-e1693542567736.jpeg","uagb_featured_image_src":{"full":["https:\/\/blogopara.com.br\/wp-content\/uploads\/2023\/09\/8B540910-5355-4C42-97BB-D22E2F9E6580-e1693542567736.jpeg",500,333,false],"thumbnail":["https:\/\/blogopara.com.br\/wp-content\/uploads\/2023\/09\/8B540910-5355-4C42-97BB-D22E2F9E6580-150x150.jpeg",150,150,true],"medium":["https:\/\/blogopara.com.br\/wp-content\/uploads\/2023\/09\/8B540910-5355-4C42-97BB-D22E2F9E6580-300x200.jpeg",300,200,true],"medium_large":["https:\/\/blogopara.com.br\/wp-content\/uploads\/2023\/09\/8B540910-5355-4C42-97BB-D22E2F9E6580-768x512.jpeg",640,427,true],"large":["https:\/\/blogopara.com.br\/wp-content\/uploads\/2023\/09\/8B540910-5355-4C42-97BB-D22E2F9E6580-1024x682.jpeg",640,426,true],"1536x1536":["https:\/\/blogopara.com.br\/wp-content\/uploads\/2023\/09\/8B540910-5355-4C42-97BB-D22E2F9E6580-1536x1023.jpeg",1536,1023,true],"2048x2048":["https:\/\/blogopara.com.br\/wp-content\/uploads\/2023\/09\/8B540910-5355-4C42-97BB-D22E2F9E6580-e1693542567736.jpeg",500,333,false],"mantranews-slider-large":["https:\/\/blogopara.com.br\/wp-content\/uploads\/2023\/09\/8B540910-5355-4C42-97BB-D22E2F9E6580-1020x741.jpeg",1020,741,true],"mantranews-featured-medium":["https:\/\/blogopara.com.br\/wp-content\/uploads\/2023\/09\/8B540910-5355-4C42-97BB-D22E2F9E6580-420x307.jpeg",420,307,true],"mantranews-featured-long":["https:\/\/blogopara.com.br\/wp-content\/uploads\/2023\/09\/8B540910-5355-4C42-97BB-D22E2F9E6580-300x443.jpeg",300,443,true],"mantranews-block-medium":["https:\/\/blogopara.com.br\/wp-content\/uploads\/2023\/09\/8B540910-5355-4C42-97BB-D22E2F9E6580-464x290.jpeg",464,290,true],"mantranews-carousel-image":["https:\/\/blogopara.com.br\/wp-content\/uploads\/2023\/09\/8B540910-5355-4C42-97BB-D22E2F9E6580-600x500.jpeg",600,500,true],"mantranews-block-thumb":["https:\/\/blogopara.com.br\/wp-content\/uploads\/2023\/09\/8B540910-5355-4C42-97BB-D22E2F9E6580-322x230.jpeg",322,230,true],"mantranews-single-large":["https:\/\/blogopara.com.br\/wp-content\/uploads\/2023\/09\/8B540910-5355-4C42-97BB-D22E2F9E6580-1210x642.jpeg",1210,642,true]},"uagb_author_info":{"display_name":"Reda\u00e7\u00e3o geral","author_link":"https:\/\/blogopara.com.br\/index.php\/author\/blogopara"},"uagb_comment_info":0,"uagb_excerpt":"Dentro da programa\u00e7\u00e3o dos 128 anos de Petrolina est\u00e1 o Festival Crist\u00e3o, na Porta do Rio. No dia 15, o p\u00fablico vai acompanhar a apresenta\u00e7\u00e3o da cantora Aline Barros, e no dia 17, tem o padre Adilson Sim\u00f5es. No s\u00e1bado, dia 16, a festa \u00e9 para os amantes da Serenata. A cantora Vera de Maria&hellip;","jetpack_sharing_enabled":true,"jetpack_likes_enabled":true,"_links":{"self":[{"href":"https:\/\/blogopara.com.br\/index.php\/wp-json\/wp\/v2\/posts\/56802","targetHints":{"allow":["GET"]}}],"collection":[{"href":"https:\/\/blogopara.com.br\/index.php\/wp-json\/wp\/v2\/posts"}],"about":[{"href":"https:\/\/blogopara.com.br\/index.php\/wp-json\/wp\/v2\/types\/post"}],"author":[{"embeddable":true,"href":"https:\/\/blogopara.com.br\/index.php\/wp-json\/wp\/v2\/users\/1"}],"replies":[{"embeddable":true,"href":"https:\/\/blogopara.com.br\/index.php\/wp-json\/wp\/v2\/comments?post=56802"}],"version-history":[{"count":1,"href":"https:\/\/blogopara.com.br\/index.php\/wp-json\/wp\/v2\/posts\/56802\/revisions"}],"predecessor-version":[{"id":56804,"href":"https:\/\/blogopara.com.br\/index.php\/wp-json\/wp\/v2\/posts\/56802\/revisions\/56804"}],"wp:featuredmedia":[{"embeddable":true,"href":"https:\/\/blogopara.com.br\/index.php\/wp-json\/wp\/v2\/media\/56803"}],"wp:attachment":[{"href":"https:\/\/blogopara.com.br\/index.php\/wp-json\/wp\/v2\/media?parent=56802"}],"wp:term":[{"taxonomy":"category","embeddable":true,"href":"https:\/\/blogopara.com.br\/index.php\/wp-json\/wp\/v2\/categories?post=56802"},{"taxonomy":"post_tag","embeddable":true,"href":"https:\/\/blogopara.com.br\/index.php\/wp-json\/wp\/v2\/tags?post=56802"}],"curies":[{"name":"wp","href":"https:\/\/api.w.org\/{rel}","templated":true}]}}