{"id":5681,"date":"2019-12-17T13:07:27","date_gmt":"2019-12-17T16:07:27","guid":{"rendered":"http:\/\/blogopara.com.br\/?p=5681"},"modified":"2019-12-17T13:08:44","modified_gmt":"2019-12-17T16:08:44","slug":"filtro-quebrado-ha-meses-deixa-pacientes-sem-agua-no-hospital-dom-malan-imip-em-petrolina","status":"publish","type":"post","link":"https:\/\/blogopara.com.br\/index.php\/2019\/12\/17\/filtro-quebrado-ha-meses-deixa-pacientes-sem-agua-no-hospital-dom-malan-imip-em-petrolina","title":{"rendered":"Filtro quebrado h\u00e1 meses deixa pacientes sem \u00e1gua no Hospital Dom Malan\/IMIP em Petrolina"},"content":{"rendered":"<p style=\"text-align: justify;\">Uma funcion\u00e1ria do Hospital Dom Malan\/IMIP em Petrolina (PE), que prefere n\u00e3o ser identificada, entrou em contato com este Blog na manh\u00e3 desta segunda-feira (09), para denunciar o descaso da unidade com a falta de \u00e1gua para os pacientes.<\/p>\n<p style=\"text-align: justify;\">Ela informou que os internados e acompanhantes precisam tirar dinheiro do pr\u00f3prio bolso para comprar \u00e1gua, pois o filtro do hospital est\u00e1 quebrado h\u00e1 meses no corredor do Pronto Socorro Infantil (PSI).<\/p>\n<p style=\"text-align: justify;\">\u201cQuando chega a tardinha, quando o calor aumenta, as m\u00e3es ficam tudo agoniada por \u00e1gua, porque o calor \u00e9 muito grande. Esses filtros j\u00e1 tem um temp\u00e3o quebrado e ningu\u00e9m toma provid\u00eancia. Tem gente que vem a p\u00e9 desses bairros distantes e n\u00e3o tem nem o dinheiro para passagem veja l\u00e1 para \u00e1gua. D\u00e1 \u00e9 pena\u201d, lamentou.<\/p>\n<pre>Fonte: Blog Edenevaldo Alves<\/pre>\n<div id=\"sc_intxt_container\">\n<div>\n<div id=\"smartIntext\" class=\"fixed_intext_init\" style=\"text-align: justify;\"><\/div>\n<div id=\"sc_ava_companion\" class=\"sc_intxt_hided\" style=\"text-align: justify;\"><\/div>\n<\/div>\n<\/div>\n","protected":false},"excerpt":{"rendered":"<p>Uma funcion\u00e1ria do Hospital Dom Malan\/IMIP em Petrolina (PE), que prefere n\u00e3o ser identificada, entrou em contato com este Blog na manh\u00e3 desta segunda-feira (09), para denunciar o descaso da unidade com a falta de \u00e1gua para os pacientes. Ela informou que os internados e acompanhantes precisam tirar dinheiro do pr\u00f3prio bolso para comprar \u00e1gua, [&hellip;]<\/p>\n","protected":false},"author":1,"featured_media":5682,"comment_status":"open","ping_status":"open","sticky":false,"template":"","format":"standard","meta":{"_uag_custom_page_level_css":"","_monsterinsights_skip_tracking":false,"_monsterinsights_sitenote_active":false,"_monsterinsights_sitenote_note":"","_monsterinsights_sitenote_category":0,"jetpack_post_was_ever_published":false,"_jetpack_newsletter_access":"","_jetpack_dont_email_post_to_subs":false,"_jetpack_newsletter_tier_id":0,"_jetpack_memberships_contains_paywalled_content":false,"_jetpack_memberships_contains_paid_content":false,"footnotes":"","jetpack_publicize_message":"","jetpack_publicize_feature_enabled":true,"jetpack_social_post_already_shared":true,"jetpack_social_options":{"image_generator_settings":{"template":"highway","default_image_id":0,"font":"","enabled":false},"version":2}},"categories":[851],"tags":[924,1406,1407],"class_list":["post-5681","post","type-post","status-publish","format-standard","has-post-thumbnail","hentry","category-petrolina","tag-agua-potavel","tag-hospital-dom-malan","tag-pacientes"],"jetpack_publicize_connections":[],"jetpack_featured_media_url":"https:\/\/blogopara.com.br\/wp-content\/uploads\/2019\/12\/dom-malan-1-600x405-1-e1631723086698.jpg","uagb_featured_image_src":{"full":["https:\/\/blogopara.com.br\/wp-content\/uploads\/2019\/12\/dom-malan-1-600x405-1-e1631723086698.jpg",500,338,false],"thumbnail":["https:\/\/blogopara.com.br\/wp-content\/uploads\/2019\/12\/dom-malan-1-600x405-1-150x150.jpg",150,150,true],"medium":["https:\/\/blogopara.com.br\/wp-content\/uploads\/2019\/12\/dom-malan-1-600x405-1-300x203.jpg",300,203,true],"medium_large":["https:\/\/blogopara.com.br\/wp-content\/uploads\/2019\/12\/dom-malan-1-600x405-1-e1631723086698.jpg",500,338,false],"large":["https:\/\/blogopara.com.br\/wp-content\/uploads\/2019\/12\/dom-malan-1-600x405-1-e1631723086698.jpg",500,338,false],"1536x1536":["https:\/\/blogopara.com.br\/wp-content\/uploads\/2019\/12\/dom-malan-1-600x405-1-e1631723086698.jpg",500,338,false],"2048x2048":["https:\/\/blogopara.com.br\/wp-content\/uploads\/2019\/12\/dom-malan-1-600x405-1-e1631723086698.jpg",500,338,false],"mantranews-slider-large":["https:\/\/blogopara.com.br\/wp-content\/uploads\/2019\/12\/dom-malan-1-600x405-1-e1631723086698.jpg",500,338,false],"mantranews-featured-medium":["https:\/\/blogopara.com.br\/wp-content\/uploads\/2019\/12\/dom-malan-1-600x405-1-e1631723086698.jpg",420,284,false],"mantranews-featured-long":["https:\/\/blogopara.com.br\/wp-content\/uploads\/2019\/12\/dom-malan-1-600x405-1-e1631723086698.jpg",300,203,false],"mantranews-block-medium":["https:\/\/blogopara.com.br\/wp-content\/uploads\/2019\/12\/dom-malan-1-600x405-1-e1631723086698.jpg",429,290,false],"mantranews-carousel-image":["https:\/\/blogopara.com.br\/wp-content\/uploads\/2019\/12\/dom-malan-1-600x405-1-e1631723086698.jpg",500,338,false],"mantranews-block-thumb":["https:\/\/blogopara.com.br\/wp-content\/uploads\/2019\/12\/dom-malan-1-600x405-1-e1631723086698.jpg",322,218,false],"mantranews-single-large":["https:\/\/blogopara.com.br\/wp-content\/uploads\/2019\/12\/dom-malan-1-600x405-1-e1631723086698.jpg",500,338,false]},"uagb_author_info":{"display_name":"Reda\u00e7\u00e3o geral","author_link":"https:\/\/blogopara.com.br\/index.php\/author\/blogopara"},"uagb_comment_info":0,"uagb_excerpt":"Uma funcion\u00e1ria do Hospital Dom Malan\/IMIP em Petrolina (PE), que prefere n\u00e3o ser identificada, entrou em contato com este Blog na manh\u00e3 desta segunda-feira (09), para denunciar o descaso da unidade com a falta de \u00e1gua para os pacientes. Ela informou que os internados e acompanhantes precisam tirar dinheiro do pr\u00f3prio bolso para comprar \u00e1gua,&hellip;","jetpack_sharing_enabled":true,"jetpack_likes_enabled":true,"_links":{"self":[{"href":"https:\/\/blogopara.com.br\/index.php\/wp-json\/wp\/v2\/posts\/5681","targetHints":{"allow":["GET"]}}],"collection":[{"href":"https:\/\/blogopara.com.br\/index.php\/wp-json\/wp\/v2\/posts"}],"about":[{"href":"https:\/\/blogopara.com.br\/index.php\/wp-json\/wp\/v2\/types\/post"}],"author":[{"embeddable":true,"href":"https:\/\/blogopara.com.br\/index.php\/wp-json\/wp\/v2\/users\/1"}],"replies":[{"embeddable":true,"href":"https:\/\/blogopara.com.br\/index.php\/wp-json\/wp\/v2\/comments?post=5681"}],"version-history":[{"count":1,"href":"https:\/\/blogopara.com.br\/index.php\/wp-json\/wp\/v2\/posts\/5681\/revisions"}],"predecessor-version":[{"id":5683,"href":"https:\/\/blogopara.com.br\/index.php\/wp-json\/wp\/v2\/posts\/5681\/revisions\/5683"}],"wp:featuredmedia":[{"embeddable":true,"href":"https:\/\/blogopara.com.br\/index.php\/wp-json\/wp\/v2\/media\/5682"}],"wp:attachment":[{"href":"https:\/\/blogopara.com.br\/index.php\/wp-json\/wp\/v2\/media?parent=5681"}],"wp:term":[{"taxonomy":"category","embeddable":true,"href":"https:\/\/blogopara.com.br\/index.php\/wp-json\/wp\/v2\/categories?post=5681"},{"taxonomy":"post_tag","embeddable":true,"href":"https:\/\/blogopara.com.br\/index.php\/wp-json\/wp\/v2\/tags?post=5681"}],"curies":[{"name":"wp","href":"https:\/\/api.w.org\/{rel}","templated":true}]}}