{"id":56858,"date":"2023-09-02T12:32:27","date_gmt":"2023-09-02T15:32:27","guid":{"rendered":"https:\/\/blogopara.com.br\/?p=56858"},"modified":"2023-09-02T12:32:29","modified_gmt":"2023-09-02T15:32:29","slug":"por-indicacao-do-vereador-berg-reestruturacao-da-ubs-da-carnaiba-comecara-na-segunda-4","status":"publish","type":"post","link":"https:\/\/blogopara.com.br\/index.php\/2023\/09\/02\/por-indicacao-do-vereador-berg-reestruturacao-da-ubs-da-carnaiba-comecara-na-segunda-4","title":{"rendered":"Por Indica\u00e7\u00e3o do Vereador Berg, reestrutura\u00e7\u00e3o da UBS da Carna\u00edba come\u00e7ar\u00e1 na segunda (4)"},"content":{"rendered":"<p style=\"text-align: justify;\">O vereador Berg da Carna\u00edba teve mais um pleito atendido pela gest\u00e3o da Prefeita Suzana Ramos. Trata-se da reforma do pr\u00e9dio da Unidade B\u00e1sica de Sa\u00fade do Distrito de Carna\u00edba do Sert\u00e3o, que ap\u00f3s licita\u00e7\u00e3o com a escolha da empresa as obras iniciar\u00e3o na segunda-feira, (4\/9).<\/p>\n<p>A UBS vinha apresentando problemas estruturais, comprometendo o atendimento aos usu\u00e1rios e a comunidade pediu interven\u00e7\u00e3o do vereador Berg que fez a Indica\u00e7\u00e3o \u00e0 prefeitura por meio da secretaria municipal de sa\u00fade.<\/p>\n<p style=\"text-align: justify;\">\u201cEssa planta simboliza os caminhos para a requalifica\u00e7\u00e3o da UBS de Carna\u00edba e atende o clamor popular da nossa comunidade. Praticamente com essa reestrutura\u00e7\u00e3o os moradores receber\u00e3o um nova UBS com novos equipamentos, salas de atendimento e uma equipe de profissionais para ampliar mais ainda o atendimento ao p\u00fablico. Agrade\u00e7o a Prefeita Suzana Ramos e ao Secret\u00e1rio de Sa\u00fade, Allan Jones, por atender essa indica\u00e7\u00e3o em nome do povo de Carna\u00edba. A obra come\u00e7a na segunda-feira, 4 de setembro\u201d, enumera o vereador Berg da Carna\u00edba.<\/p>\n","protected":false},"excerpt":{"rendered":"<p>O vereador Berg da Carna\u00edba teve mais um pleito atendido pela gest\u00e3o da Prefeita Suzana Ramos. Trata-se da reforma do pr\u00e9dio da Unidade B\u00e1sica de Sa\u00fade do Distrito de Carna\u00edba do Sert\u00e3o, que ap\u00f3s licita\u00e7\u00e3o com a escolha da empresa as obras iniciar\u00e3o na segunda-feira, (4\/9). A UBS vinha apresentando problemas estruturais, comprometendo o atendimento [&hellip;]<\/p>\n","protected":false},"author":1,"featured_media":56859,"comment_status":"closed","ping_status":"open","sticky":false,"template":"","format":"standard","meta":{"_uag_custom_page_level_css":"","_monsterinsights_skip_tracking":false,"_monsterinsights_sitenote_active":false,"_monsterinsights_sitenote_note":"","_monsterinsights_sitenote_category":0,"jetpack_post_was_ever_published":false,"_jetpack_newsletter_access":"","_jetpack_dont_email_post_to_subs":false,"_jetpack_newsletter_tier_id":0,"_jetpack_memberships_contains_paywalled_content":false,"_jetpack_memberships_contains_paid_content":false,"footnotes":"","jetpack_publicize_message":"","jetpack_publicize_feature_enabled":true,"jetpack_social_post_already_shared":true,"jetpack_social_options":{"image_generator_settings":{"template":"highway","default_image_id":0,"font":"","enabled":false},"version":2}},"categories":[203],"tags":[],"class_list":["post-56858","post","type-post","status-publish","format-standard","has-post-thumbnail","hentry","category-juazeiro"],"jetpack_publicize_connections":[],"jetpack_featured_media_url":"https:\/\/blogopara.com.br\/wp-content\/uploads\/2023\/09\/IMG-20230902-WA0055.jpg","uagb_featured_image_src":{"full":["https:\/\/blogopara.com.br\/wp-content\/uploads\/2023\/09\/IMG-20230902-WA0055.jpg",500,506,false],"thumbnail":["https:\/\/blogopara.com.br\/wp-content\/uploads\/2023\/09\/IMG-20230902-WA0055-150x150.jpg",150,150,true],"medium":["https:\/\/blogopara.com.br\/wp-content\/uploads\/2023\/09\/IMG-20230902-WA0055-296x300.jpg",296,300,true],"medium_large":["https:\/\/blogopara.com.br\/wp-content\/uploads\/2023\/09\/IMG-20230902-WA0055.jpg",500,506,false],"large":["https:\/\/blogopara.com.br\/wp-content\/uploads\/2023\/09\/IMG-20230902-WA0055.jpg",500,506,false],"1536x1536":["https:\/\/blogopara.com.br\/wp-content\/uploads\/2023\/09\/IMG-20230902-WA0055.jpg",500,506,false],"2048x2048":["https:\/\/blogopara.com.br\/wp-content\/uploads\/2023\/09\/IMG-20230902-WA0055.jpg",500,506,false],"mantranews-slider-large":["https:\/\/blogopara.com.br\/wp-content\/uploads\/2023\/09\/IMG-20230902-WA0055.jpg",500,506,false],"mantranews-featured-medium":["https:\/\/blogopara.com.br\/wp-content\/uploads\/2023\/09\/IMG-20230902-WA0055-420x307.jpg",420,307,true],"mantranews-featured-long":["https:\/\/blogopara.com.br\/wp-content\/uploads\/2023\/09\/IMG-20230902-WA0055-300x443.jpg",300,443,true],"mantranews-block-medium":["https:\/\/blogopara.com.br\/wp-content\/uploads\/2023\/09\/IMG-20230902-WA0055-464x290.jpg",464,290,true],"mantranews-carousel-image":["https:\/\/blogopara.com.br\/wp-content\/uploads\/2023\/09\/IMG-20230902-WA0055-500x500.jpg",500,500,true],"mantranews-block-thumb":["https:\/\/blogopara.com.br\/wp-content\/uploads\/2023\/09\/IMG-20230902-WA0055-322x230.jpg",322,230,true],"mantranews-single-large":["https:\/\/blogopara.com.br\/wp-content\/uploads\/2023\/09\/IMG-20230902-WA0055.jpg",500,506,false]},"uagb_author_info":{"display_name":"Reda\u00e7\u00e3o geral","author_link":"https:\/\/blogopara.com.br\/index.php\/author\/blogopara"},"uagb_comment_info":0,"uagb_excerpt":"O vereador Berg da Carna\u00edba teve mais um pleito atendido pela gest\u00e3o da Prefeita Suzana Ramos. Trata-se da reforma do pr\u00e9dio da Unidade B\u00e1sica de Sa\u00fade do Distrito de Carna\u00edba do Sert\u00e3o, que ap\u00f3s licita\u00e7\u00e3o com a escolha da empresa as obras iniciar\u00e3o na segunda-feira, (4\/9). A UBS vinha apresentando problemas estruturais, comprometendo o atendimento&hellip;","jetpack_sharing_enabled":true,"jetpack_likes_enabled":true,"_links":{"self":[{"href":"https:\/\/blogopara.com.br\/index.php\/wp-json\/wp\/v2\/posts\/56858","targetHints":{"allow":["GET"]}}],"collection":[{"href":"https:\/\/blogopara.com.br\/index.php\/wp-json\/wp\/v2\/posts"}],"about":[{"href":"https:\/\/blogopara.com.br\/index.php\/wp-json\/wp\/v2\/types\/post"}],"author":[{"embeddable":true,"href":"https:\/\/blogopara.com.br\/index.php\/wp-json\/wp\/v2\/users\/1"}],"replies":[{"embeddable":true,"href":"https:\/\/blogopara.com.br\/index.php\/wp-json\/wp\/v2\/comments?post=56858"}],"version-history":[{"count":1,"href":"https:\/\/blogopara.com.br\/index.php\/wp-json\/wp\/v2\/posts\/56858\/revisions"}],"predecessor-version":[{"id":56860,"href":"https:\/\/blogopara.com.br\/index.php\/wp-json\/wp\/v2\/posts\/56858\/revisions\/56860"}],"wp:featuredmedia":[{"embeddable":true,"href":"https:\/\/blogopara.com.br\/index.php\/wp-json\/wp\/v2\/media\/56859"}],"wp:attachment":[{"href":"https:\/\/blogopara.com.br\/index.php\/wp-json\/wp\/v2\/media?parent=56858"}],"wp:term":[{"taxonomy":"category","embeddable":true,"href":"https:\/\/blogopara.com.br\/index.php\/wp-json\/wp\/v2\/categories?post=56858"},{"taxonomy":"post_tag","embeddable":true,"href":"https:\/\/blogopara.com.br\/index.php\/wp-json\/wp\/v2\/tags?post=56858"}],"curies":[{"name":"wp","href":"https:\/\/api.w.org\/{rel}","templated":true}]}}