{"id":56861,"date":"2023-09-04T14:03:12","date_gmt":"2023-09-04T17:03:12","guid":{"rendered":"https:\/\/blogopara.com.br\/?p=56861"},"modified":"2023-09-04T14:03:15","modified_gmt":"2023-09-04T17:03:15","slug":"acompanhamento-multidisciplinar-auxilia-no-tratamento-de-casos-de-demencia","status":"publish","type":"post","link":"https:\/\/blogopara.com.br\/index.php\/2023\/09\/04\/acompanhamento-multidisciplinar-auxilia-no-tratamento-de-casos-de-demencia","title":{"rendered":"Acompanhamento multidisciplinar auxilia no tratamento de casos de dem\u00eancia"},"content":{"rendered":"<p style=\"text-align: justify;\">Dados da Organiza\u00e7\u00e3o Mundial da Sa\u00fade (OMS) estimam que\u00a0cerca de 55 milh\u00f5es de pessoas vivem com algum tipo de dem\u00eancia, na qual a mais comum \u00e9 o Alzheimer, que atinge sete entre dez pessoas no mundo.\u00a0 Com rela\u00e7\u00e3o ao Brasil, o Minist\u00e9rio da Sa\u00fade indica que em torno de 1,2 milh\u00e3o de pessoas t\u00eam a doen\u00e7a e 100 mil novos casos s\u00e3o diagnosticados por ano. Quanto aos casos de Dem\u00eancia\u00a0FrontoTemporal, a\u00a0revista Nature Communications em 2022 apontou que a doen\u00e7a \u00e9 respons\u00e1vel por 5% a 10% dos casos de dem\u00eancia. Os n\u00fameros s\u00e3o expressivos, por isso especialistas de \u00e1reas inter e multidisciplinares refor\u00e7am alertas para o diagn\u00f3stico e tratamento adequados.<\/p>\n<p style=\"text-align: justify;\">De modo geral, a dem\u00eancia diz respeito \u00e0 perda da funcionalidade decorrente do comprometimento da cogni\u00e7\u00e3o, ou seja, as fun\u00e7\u00f5es exercitadas pelo c\u00e9rebro ficam acometidas, o que gera dificuldades para o indiv\u00edduo executar tarefas simples do dia a dia. \u00c9 comum, nesses casos,\u00a0as pessoas perceberem\u00a0problemas de mem\u00f3ria, mas tamb\u00e9m pode haver dificuldade em executar atos em sequ\u00eancia, como se planejar, dirigir e\/ou desenhar. Nas fases mais tardias, n\u00e3o reconhecem o rosto dos familiares ou locais que costumavam visitar.<\/p>\n<p style=\"text-align: justify;\">De acordo com o m\u00e9dico neurologista Kelson James, do Instituto de Educa\u00e7\u00e3o M\u00e9dica (IDOMED), existem graus de cometimento cognitivo. \u201cAntes da dem\u00eancia h\u00e1 o comprometimento cognitivo leve. Identificado nessa fase, v\u00e1rias estrat\u00e9gias podem ser tomadas para atrasar a convers\u00e3o para dem\u00eancia\u201d, explica. O especialista acrescenta que quando \u201ch\u00e1 queixas de mem\u00f3ria ou outros quadros decorrentes da cogni\u00e7\u00e3o, um neurologista deve ser procurado. Exames de imagem, de laborat\u00f3rio, do liquor e uma avalia\u00e7\u00e3o com neuropsic\u00f3loga podem ser solicitados. Recentemente nos EUA, o FDA aprovou um medicamente que pode ser dado nas fases mais iniciais da doen\u00e7a de Alzheimer, o Donanemab\u201d, comenta.<\/p>\n<p style=\"text-align: justify;\">Nas pessoas acima de 65 anos h\u00e1 maior indica\u00e7\u00f5es de acometimento da doen\u00e7a de Alzheimer. \u201cApesar de existir doen\u00e7a de Alzheimer precoce em pessoas com idade menor a 65 anos, quando uma dem\u00eancia ocorre nessa faixa primeiro pensamos em doen\u00e7as que n\u00e3o s\u00e3o Alzheimer, a exemplo da dem\u00eancia frontotemporal. Esta tem mais sintomas comportamentais na fase inicial que o Alzheimer e evolui mais r\u00e1pido\u201d, pontua o m\u00e9dico Kelson.<\/p>\n<p style=\"text-align: justify;\"><b>Acompanhamento psicol\u00f3gico e apoio familiar s\u00e3o importantes<\/b><\/p>\n<p style=\"text-align: justify;\"><b>\u00a0<\/b>Diante de diagn\u00f3sticos de dem\u00eancia, cada indiv\u00edduo apresenta rea\u00e7\u00f5es variadas (mudan\u00e7as f\u00edsicas, ps\u00edquicas e sociais), o que exige um cuidado diferenciado. Segundo a professora do curso de Psicologia da UNIFACID Wyden, Sara Castro, a psicologia pode auxiliar no tratamento com a\u00e7\u00f5es de est\u00edmulo e aproveitamento das habilidades restantes do sujeito acometido pelo problema. \u201c\u00c9 um trabalho de reeduca\u00e7\u00e3o, que visa diminuir os empecilhos que paralisam a vida ao criar maior autonomia e levar formas de aceita\u00e7\u00e3o. \u00c9 preciso trabalhar a ansiedade, nega\u00e7\u00e3o e falta de controle emocional. Al\u00e9m disso, trabalhar a dor dos familiares que n\u00e3o perceberam alguns sintomas ao longo do tempo\u201d, frisa.<\/p>\n<p style=\"text-align: justify;\">A psic\u00f3loga ainda observa que familiares e amigos podem promover algumas mudan\u00e7as na rotina da pessoa com dem\u00eancia introduzindo est\u00edmulos que favore\u00e7am o manejo com os sintomas. Como, por exemplo, \u201co uso de m\u00fasicas instrumentais suaves, principalmente em momentos que exigem cuidados com a higiene pessoal e diante de comportamentos agressivos. A inclus\u00e3o de atividades que despertem prazer no indiv\u00edduo tamb\u00e9m deve ser explorada. Al\u00e9m disso, \u00e9 necess\u00e1rio que as pessoas de v\u00ednculo mais pr\u00f3ximo evitem ao m\u00e1ximo o confronto com a pessoa que sofre, procurando tamb\u00e9m encaminh\u00e1-la a tratamento psicoter\u00e1pico e medicamentoso (se houver necessidade)\u201d, recomenda.<\/p>\n<p style=\"text-align: justify;\">\n<p style=\"text-align: justify;\"><b>Possibilidades de tratamentos para as doen\u00e7as<\/b><\/p>\n<p style=\"text-align: justify;\">Segundo os especialistas, os tratamentos podem incluir reabilita\u00e7\u00e3o neuropsicol\u00f3gica, controle dos fatores de risco cardiovasculares: hipertens\u00e3o, diabetes e dialipodemia, assim como implementa\u00e7\u00e3o de rotina de sono regular. Tamb\u00e9m sugerem estrat\u00e9gias que melhorem a reserva cognitiva, como aprender idiomas e ter boa alimenta\u00e7\u00e3o. Al\u00e9m disso, \u00e9 poss\u00edvel investir em musicoterapia, demais treinos cognitivos que estimulem a mem\u00f3ria e aten\u00e7\u00e3o, arteterapia e atividade f\u00edsica.<\/p>\n","protected":false},"excerpt":{"rendered":"<p>Dados da Organiza\u00e7\u00e3o Mundial da Sa\u00fade (OMS) estimam que\u00a0cerca de 55 milh\u00f5es de pessoas vivem com algum tipo de dem\u00eancia, na qual a mais comum \u00e9 o Alzheimer, que atinge sete entre dez pessoas no mundo.\u00a0 Com rela\u00e7\u00e3o ao Brasil, o Minist\u00e9rio da Sa\u00fade indica que em torno de 1,2 milh\u00e3o de pessoas t\u00eam a [&hellip;]<\/p>\n","protected":false},"author":1,"featured_media":56862,"comment_status":"closed","ping_status":"open","sticky":false,"template":"","format":"standard","meta":{"_uag_custom_page_level_css":"","_monsterinsights_skip_tracking":false,"_monsterinsights_sitenote_active":false,"_monsterinsights_sitenote_note":"","_monsterinsights_sitenote_category":0,"jetpack_post_was_ever_published":false,"_jetpack_newsletter_access":"","_jetpack_dont_email_post_to_subs":false,"_jetpack_newsletter_tier_id":0,"_jetpack_memberships_contains_paywalled_content":false,"_jetpack_memberships_contains_paid_content":false,"footnotes":"","jetpack_publicize_message":"","jetpack_publicize_feature_enabled":true,"jetpack_social_post_already_shared":true,"jetpack_social_options":{"image_generator_settings":{"template":"highway","default_image_id":0,"font":"","enabled":false},"version":2}},"categories":[203],"tags":[],"class_list":["post-56861","post","type-post","status-publish","format-standard","has-post-thumbnail","hentry","category-juazeiro"],"jetpack_publicize_connections":[],"jetpack_featured_media_url":"https:\/\/blogopara.com.br\/wp-content\/uploads\/2023\/09\/Demencia.jpg","uagb_featured_image_src":{"full":["https:\/\/blogopara.com.br\/wp-content\/uploads\/2023\/09\/Demencia.jpg",500,500,false],"thumbnail":["https:\/\/blogopara.com.br\/wp-content\/uploads\/2023\/09\/Demencia-150x150.jpg",150,150,true],"medium":["https:\/\/blogopara.com.br\/wp-content\/uploads\/2023\/09\/Demencia-300x300.jpg",300,300,true],"medium_large":["https:\/\/blogopara.com.br\/wp-content\/uploads\/2023\/09\/Demencia.jpg",500,500,false],"large":["https:\/\/blogopara.com.br\/wp-content\/uploads\/2023\/09\/Demencia.jpg",500,500,false],"1536x1536":["https:\/\/blogopara.com.br\/wp-content\/uploads\/2023\/09\/Demencia.jpg",500,500,false],"2048x2048":["https:\/\/blogopara.com.br\/wp-content\/uploads\/2023\/09\/Demencia.jpg",500,500,false],"mantranews-slider-large":["https:\/\/blogopara.com.br\/wp-content\/uploads\/2023\/09\/Demencia.jpg",500,500,false],"mantranews-featured-medium":["https:\/\/blogopara.com.br\/wp-content\/uploads\/2023\/09\/Demencia-420x307.jpg",420,307,true],"mantranews-featured-long":["https:\/\/blogopara.com.br\/wp-content\/uploads\/2023\/09\/Demencia-300x443.jpg",300,443,true],"mantranews-block-medium":["https:\/\/blogopara.com.br\/wp-content\/uploads\/2023\/09\/Demencia-464x290.jpg",464,290,true],"mantranews-carousel-image":["https:\/\/blogopara.com.br\/wp-content\/uploads\/2023\/09\/Demencia.jpg",500,500,false],"mantranews-block-thumb":["https:\/\/blogopara.com.br\/wp-content\/uploads\/2023\/09\/Demencia-322x230.jpg",322,230,true],"mantranews-single-large":["https:\/\/blogopara.com.br\/wp-content\/uploads\/2023\/09\/Demencia.jpg",500,500,false]},"uagb_author_info":{"display_name":"Reda\u00e7\u00e3o geral","author_link":"https:\/\/blogopara.com.br\/index.php\/author\/blogopara"},"uagb_comment_info":0,"uagb_excerpt":"Dados da Organiza\u00e7\u00e3o Mundial da Sa\u00fade (OMS) estimam que\u00a0cerca de 55 milh\u00f5es de pessoas vivem com algum tipo de dem\u00eancia, na qual a mais comum \u00e9 o Alzheimer, que atinge sete entre dez pessoas no mundo.\u00a0 Com rela\u00e7\u00e3o ao Brasil, o Minist\u00e9rio da Sa\u00fade indica que em torno de 1,2 milh\u00e3o de pessoas t\u00eam a&hellip;","jetpack_sharing_enabled":true,"jetpack_likes_enabled":true,"_links":{"self":[{"href":"https:\/\/blogopara.com.br\/index.php\/wp-json\/wp\/v2\/posts\/56861","targetHints":{"allow":["GET"]}}],"collection":[{"href":"https:\/\/blogopara.com.br\/index.php\/wp-json\/wp\/v2\/posts"}],"about":[{"href":"https:\/\/blogopara.com.br\/index.php\/wp-json\/wp\/v2\/types\/post"}],"author":[{"embeddable":true,"href":"https:\/\/blogopara.com.br\/index.php\/wp-json\/wp\/v2\/users\/1"}],"replies":[{"embeddable":true,"href":"https:\/\/blogopara.com.br\/index.php\/wp-json\/wp\/v2\/comments?post=56861"}],"version-history":[{"count":1,"href":"https:\/\/blogopara.com.br\/index.php\/wp-json\/wp\/v2\/posts\/56861\/revisions"}],"predecessor-version":[{"id":56863,"href":"https:\/\/blogopara.com.br\/index.php\/wp-json\/wp\/v2\/posts\/56861\/revisions\/56863"}],"wp:featuredmedia":[{"embeddable":true,"href":"https:\/\/blogopara.com.br\/index.php\/wp-json\/wp\/v2\/media\/56862"}],"wp:attachment":[{"href":"https:\/\/blogopara.com.br\/index.php\/wp-json\/wp\/v2\/media?parent=56861"}],"wp:term":[{"taxonomy":"category","embeddable":true,"href":"https:\/\/blogopara.com.br\/index.php\/wp-json\/wp\/v2\/categories?post=56861"},{"taxonomy":"post_tag","embeddable":true,"href":"https:\/\/blogopara.com.br\/index.php\/wp-json\/wp\/v2\/tags?post=56861"}],"curies":[{"name":"wp","href":"https:\/\/api.w.org\/{rel}","templated":true}]}}