{"id":56864,"date":"2023-09-04T14:33:26","date_gmt":"2023-09-04T17:33:26","guid":{"rendered":"https:\/\/blogopara.com.br\/?p=56864"},"modified":"2023-09-04T14:33:31","modified_gmt":"2023-09-04T17:33:31","slug":"a-4a-mostra-pankararu-de-musica-movimenta-o-sertao-do-estado-no-feriado-de-7-de-setembro","status":"publish","type":"post","link":"https:\/\/blogopara.com.br\/index.php\/2023\/09\/04\/a-4a-mostra-pankararu-de-musica-movimenta-o-sertao-do-estado-no-feriado-de-7-de-setembro","title":{"rendered":"A 4\u00aa Mostra Pankararu de M\u00fasica movimenta o sert\u00e3o do estado no feriado de 7 de setembro"},"content":{"rendered":"<p style=\"text-align: justify;\">Encontro ser\u00e1 realizado de 7 a 10 de setembro, na Aldeia Bem Querer de Cima &#8211; entre as cidades de Tacaratu, Jatob\u00e1 e Petrol\u00e2ndia, no Territ\u00f3rio Ind\u00edgena Pankararu, terceira terra ind\u00edgena mais populosa de Pernambuco.<br aria-hidden=\"true\" \/><br aria-hidden=\"true\" \/>O evento tem o patroc\u00ednio de Natura Musical, e \u00e9 marcado por um encontro de artes, m\u00fasicas, rodas de conversas e imers\u00e3o na cultura do Povo Pankararu<br aria-hidden=\"true\" \/><br aria-hidden=\"true\" \/>Quem deseja ir para a Mostra e se hospedar no territ\u00f3rio &#8211; vivenciando assim uma imers\u00e3o completa na cultura do Povo Pankararu, h\u00e1 a op\u00e7\u00e3o de *camping. Para isso, deve ser feita uma inscri\u00e7\u00e3o no perfil do evento no Instagram (@mostra.pankararu) ou pelo telefone 87 981044794 at\u00e9 o dia 31\/08.<br aria-hidden=\"true\" \/><br aria-hidden=\"true\" \/>Em anexo segue o release completo<br aria-hidden=\"true\" \/><br aria-hidden=\"true\" \/>Demandas de imprensa comigo: Roberta Almeida 81 992448790<\/p>\n","protected":false},"excerpt":{"rendered":"<p>Encontro ser\u00e1 realizado de 7 a 10 de setembro, na Aldeia Bem Querer de Cima &#8211; entre as cidades de Tacaratu, Jatob\u00e1 e Petrol\u00e2ndia, no Territ\u00f3rio Ind\u00edgena Pankararu, terceira terra ind\u00edgena mais populosa de Pernambuco.O evento tem o patroc\u00ednio de Natura Musical, e \u00e9 marcado por um encontro de artes, m\u00fasicas, rodas de conversas e [&hellip;]<\/p>\n","protected":false},"author":1,"featured_media":56865,"comment_status":"closed","ping_status":"open","sticky":false,"template":"","format":"standard","meta":{"_uag_custom_page_level_css":"","_monsterinsights_skip_tracking":false,"_monsterinsights_sitenote_active":false,"_monsterinsights_sitenote_note":"","_monsterinsights_sitenote_category":0,"jetpack_post_was_ever_published":false,"_jetpack_newsletter_access":"","_jetpack_dont_email_post_to_subs":false,"_jetpack_newsletter_tier_id":0,"_jetpack_memberships_contains_paywalled_content":false,"_jetpack_memberships_contains_paid_content":false,"footnotes":"","jetpack_publicize_message":"","jetpack_publicize_feature_enabled":true,"jetpack_social_post_already_shared":true,"jetpack_social_options":{"image_generator_settings":{"template":"highway","default_image_id":0,"font":"","enabled":false},"version":2}},"categories":[1784],"tags":[],"class_list":["post-56864","post","type-post","status-publish","format-standard","has-post-thumbnail","hentry","category-cultura-2"],"jetpack_publicize_connections":[],"jetpack_featured_media_url":"https:\/\/blogopara.com.br\/wp-content\/uploads\/2023\/09\/download.jpg","uagb_featured_image_src":{"full":["https:\/\/blogopara.com.br\/wp-content\/uploads\/2023\/09\/download.jpg",400,263,false],"thumbnail":["https:\/\/blogopara.com.br\/wp-content\/uploads\/2023\/09\/download-150x150.jpg",150,150,true],"medium":["https:\/\/blogopara.com.br\/wp-content\/uploads\/2023\/09\/download-300x197.jpg",300,197,true],"medium_large":["https:\/\/blogopara.com.br\/wp-content\/uploads\/2023\/09\/download.jpg",400,263,false],"large":["https:\/\/blogopara.com.br\/wp-content\/uploads\/2023\/09\/download.jpg",400,263,false],"1536x1536":["https:\/\/blogopara.com.br\/wp-content\/uploads\/2023\/09\/download.jpg",400,263,false],"2048x2048":["https:\/\/blogopara.com.br\/wp-content\/uploads\/2023\/09\/download.jpg",400,263,false],"mantranews-slider-large":["https:\/\/blogopara.com.br\/wp-content\/uploads\/2023\/09\/download.jpg",400,263,false],"mantranews-featured-medium":["https:\/\/blogopara.com.br\/wp-content\/uploads\/2023\/09\/download.jpg",400,263,false],"mantranews-featured-long":["https:\/\/blogopara.com.br\/wp-content\/uploads\/2023\/09\/download-300x263.jpg",300,263,true],"mantranews-block-medium":["https:\/\/blogopara.com.br\/wp-content\/uploads\/2023\/09\/download.jpg",400,263,false],"mantranews-carousel-image":["https:\/\/blogopara.com.br\/wp-content\/uploads\/2023\/09\/download.jpg",400,263,false],"mantranews-block-thumb":["https:\/\/blogopara.com.br\/wp-content\/uploads\/2023\/09\/download-322x230.jpg",322,230,true],"mantranews-single-large":["https:\/\/blogopara.com.br\/wp-content\/uploads\/2023\/09\/download.jpg",400,263,false]},"uagb_author_info":{"display_name":"Reda\u00e7\u00e3o geral","author_link":"https:\/\/blogopara.com.br\/index.php\/author\/blogopara"},"uagb_comment_info":0,"uagb_excerpt":"Encontro ser\u00e1 realizado de 7 a 10 de setembro, na Aldeia Bem Querer de Cima &#8211; entre as cidades de Tacaratu, Jatob\u00e1 e Petrol\u00e2ndia, no Territ\u00f3rio Ind\u00edgena Pankararu, terceira terra ind\u00edgena mais populosa de Pernambuco.O evento tem o patroc\u00ednio de Natura Musical, e \u00e9 marcado por um encontro de artes, m\u00fasicas, rodas de conversas e&hellip;","jetpack_sharing_enabled":true,"jetpack_likes_enabled":true,"_links":{"self":[{"href":"https:\/\/blogopara.com.br\/index.php\/wp-json\/wp\/v2\/posts\/56864","targetHints":{"allow":["GET"]}}],"collection":[{"href":"https:\/\/blogopara.com.br\/index.php\/wp-json\/wp\/v2\/posts"}],"about":[{"href":"https:\/\/blogopara.com.br\/index.php\/wp-json\/wp\/v2\/types\/post"}],"author":[{"embeddable":true,"href":"https:\/\/blogopara.com.br\/index.php\/wp-json\/wp\/v2\/users\/1"}],"replies":[{"embeddable":true,"href":"https:\/\/blogopara.com.br\/index.php\/wp-json\/wp\/v2\/comments?post=56864"}],"version-history":[{"count":1,"href":"https:\/\/blogopara.com.br\/index.php\/wp-json\/wp\/v2\/posts\/56864\/revisions"}],"predecessor-version":[{"id":56866,"href":"https:\/\/blogopara.com.br\/index.php\/wp-json\/wp\/v2\/posts\/56864\/revisions\/56866"}],"wp:featuredmedia":[{"embeddable":true,"href":"https:\/\/blogopara.com.br\/index.php\/wp-json\/wp\/v2\/media\/56865"}],"wp:attachment":[{"href":"https:\/\/blogopara.com.br\/index.php\/wp-json\/wp\/v2\/media?parent=56864"}],"wp:term":[{"taxonomy":"category","embeddable":true,"href":"https:\/\/blogopara.com.br\/index.php\/wp-json\/wp\/v2\/categories?post=56864"},{"taxonomy":"post_tag","embeddable":true,"href":"https:\/\/blogopara.com.br\/index.php\/wp-json\/wp\/v2\/tags?post=56864"}],"curies":[{"name":"wp","href":"https:\/\/api.w.org\/{rel}","templated":true}]}}