{"id":56867,"date":"2023-09-04T15:30:00","date_gmt":"2023-09-04T18:30:00","guid":{"rendered":"https:\/\/blogopara.com.br\/?p=56867"},"modified":"2023-09-04T15:00:19","modified_gmt":"2023-09-04T18:00:19","slug":"7-de-setembro-juazeiro-vai-exaltar-o-cuidado-com-as-pessoas-e-com-a-cidade-em-tradicional-desfile-civico-militar","status":"publish","type":"post","link":"https:\/\/blogopara.com.br\/index.php\/2023\/09\/04\/7-de-setembro-juazeiro-vai-exaltar-o-cuidado-com-as-pessoas-e-com-a-cidade-em-tradicional-desfile-civico-militar","title":{"rendered":"7 de setembro: Juazeiro vai exaltar o cuidado com as pessoas e com a cidade em tradicional Desfile C\u00edvico Militar"},"content":{"rendered":"<p class=\"x_MsoNormal\" style=\"text-align: justify;\">Com o tema \u201cJuazeiro, no exerc\u00edcio do pertencer, vai-se aprender a cuidar: da crian\u00e7a, do mo\u00e7o, do velho e do lugar\u201d, o desfile alusivo \u00e0 comemora\u00e7\u00e3o dos 201 anos da Independ\u00eancia do Brasil vai exaltar o cuidado com as pessoas e com a cidade. Nesta quinta-feira, dia 7 de setembro, a popula\u00e7\u00e3o de Juazeiro vai poder prestigiar o desfile c\u00edvico-militar, com a participa\u00e7\u00e3o de 32 institui\u00e7\u00f5es, entre escolas, for\u00e7as armadas e institui\u00e7\u00f5es filantr\u00f3picas.<\/p>\n<p class=\"x_MsoNormal\" style=\"text-align: justify;\">O ato c\u00edvico, coordenado pela Prefeitura Municipal, atrav\u00e9s da Secretaria de Educa\u00e7\u00e3o e Juventude (Seduc), ser\u00e1 iniciado \u00e0s 7h, com o hasteamento das bandeiras no Pa\u00e7o Municipal. Em seguida, a prefeita Suzana Ramos abrir\u00e1 oficialmente o desfile, que come\u00e7ar\u00e1 na Orla II e seguir\u00e1 pela Avenida Adolfo Viana at\u00e9 a Rua Oscar Ribeiro. \u201cO desfile de 7 de setembro \u00e9 um dos eventos mais tradicionais de nossa cidade e estamos trabalhando para apresentar uma festa ainda mais bonita para a popula\u00e7\u00e3o\u201d, frisou a prefeita Suzana Ramos.<\/p>\n<p class=\"x_MsoNormal\" style=\"text-align: justify;\">No percurso do evento, o p\u00fablico tamb\u00e9m poder\u00e1 contar com o Camarote da Acessibilidade, que foi ampliado para democratizar ainda mais o acesso das pessoas com defici\u00eancia, e a oferta de servi\u00e7os \u00e0 popula\u00e7\u00e3o. Al\u00e9m disso, todo o desfile ser\u00e1 transmitido ao vivo pelo canal da Seduc no YouTube (<a id=\"LPlnk716001\" href=\"https:\/\/www.youtube.com\/@SEDUCJuazeiroBA\" target=\"_blank\" rel=\"noopener noreferrer\" data-auth=\"NotApplicable\" data-linkindex=\"0\">https:\/\/www.youtube.com\/@SEDUCJuazeiroBA<\/a><\/p>\n<div id=\"LPBorder_GTaHR0cHM6Ly93d3cueW91dHViZS5jb20vQFNFRFVDSnVhemVpcm9CQQ..\" class=\"LPBorder509422\" style=\"text-align: justify;\">\n<table id=\"LPContainer509422\" role=\"presentation\">\n<tbody>\n<tr valign=\"top\">\n<td>\n<div id=\"LPImageContainer509422\"><a id=\"LPImageAnchor509422\" href=\"https:\/\/www.youtube.com\/@SEDUCJuazeiroBA\" target=\"_blank\" rel=\"noopener\" data-linkindex=\"1\"><img loading=\"lazy\" decoding=\"async\" id=\"LPThumbnailImageId509422\" src=\"https:\/\/yt3.googleusercontent.com\/ytc\/AOPolaTTSQr9Vcl7QMHkfQmJj7rwMthjPYCQ7w1L6Mm4=s900-c-k-c0x00ffffff-no-rj\" alt=\"\" width=\"160\" height=\"160\" \/><\/a><\/div>\n<\/td>\n<td>\n<div id=\"LPTitle509422\"><a id=\"LPUrlAnchor509422\" href=\"https:\/\/www.youtube.com\/@SEDUCJuazeiroBA\" target=\"_blank\" rel=\"noopener\" data-linkindex=\"2\">SEDUC Juazeiro-BA<\/a><\/div>\n<div id=\"LPMetadata509422\">www.youtube.com<\/div>\n<\/td>\n<\/tr>\n<\/tbody>\n<\/table>\n<\/div>\n<p class=\"x_MsoNormal\" style=\"text-align: justify;\">).<\/p>\n<p class=\"x_MsoNormal\" style=\"text-align: justify;\">De acordo com o coordenador geral do desfile de 7 de setembro, Carlos Fabiano de Souza Santos, uma das novidades do desfile \u00e9 o retorno da tradicional fanfarra da Escola Municipal de Tempo Integral Paulo VI. \u201cEste ano contaremos com o retorno da fanfarra do Paulo VI, uma das mais tradicionais de Juazeiro, que estava desativada h\u00e1 seis anos. Essa \u00e9 uma grande conquista que a Prefeitura de Juazeiro traz para o desfile 2023\u201d, destacou.<b>\u00a0<\/b><\/p>\n<p class=\"x_MsoNormal\" style=\"text-align: justify;\"><b>Servi\u00e7os<\/b><\/p>\n<p class=\"x_MsoNormal\" style=\"text-align: justify;\">No percurso do desfile estar\u00e3o dispostos estandes com oferta de servi\u00e7os da Secretaria de Sa\u00fade (Sesau) e a Feira do Empreendedor, coordenada pela Ag\u00eancia Desenvolvimento Econ\u00f4mico, Agricultura e Pecu\u00e1ria (Adeap), e, pela primeira vez, a participa\u00e7\u00e3o da Autarquia Municipal de Abastecimento (AMA), que distribuir\u00e1 frutas para os estudantes na concentra\u00e7\u00e3o do desfile.<\/p>\n","protected":false},"excerpt":{"rendered":"<p>Com o tema \u201cJuazeiro, no exerc\u00edcio do pertencer, vai-se aprender a cuidar: da crian\u00e7a, do mo\u00e7o, do velho e do lugar\u201d, o desfile alusivo \u00e0 comemora\u00e7\u00e3o dos 201 anos da Independ\u00eancia do Brasil vai exaltar o cuidado com as pessoas e com a cidade. Nesta quinta-feira, dia 7 de setembro, a popula\u00e7\u00e3o de Juazeiro vai [&hellip;]<\/p>\n","protected":false},"author":1,"featured_media":56868,"comment_status":"closed","ping_status":"open","sticky":false,"template":"","format":"standard","meta":{"_uag_custom_page_level_css":"","_monsterinsights_skip_tracking":false,"_monsterinsights_sitenote_active":false,"_monsterinsights_sitenote_note":"","_monsterinsights_sitenote_category":0,"jetpack_post_was_ever_published":false,"_jetpack_newsletter_access":"","_jetpack_dont_email_post_to_subs":false,"_jetpack_newsletter_tier_id":0,"_jetpack_memberships_contains_paywalled_content":false,"_jetpack_memberships_contains_paid_content":false,"footnotes":"","jetpack_publicize_message":"","jetpack_publicize_feature_enabled":true,"jetpack_social_post_already_shared":true,"jetpack_social_options":{"image_generator_settings":{"template":"highway","default_image_id":0,"font":"","enabled":false},"version":2}},"categories":[203],"tags":[],"class_list":["post-56867","post","type-post","status-publish","format-standard","has-post-thumbnail","hentry","category-juazeiro"],"jetpack_publicize_connections":[],"jetpack_featured_media_url":"https:\/\/blogopara.com.br\/wp-content\/uploads\/2023\/09\/thumbnail_52341193779_6debd54e52_c.jpg","uagb_featured_image_src":{"full":["https:\/\/blogopara.com.br\/wp-content\/uploads\/2023\/09\/thumbnail_52341193779_6debd54e52_c.jpg",500,333,false],"thumbnail":["https:\/\/blogopara.com.br\/wp-content\/uploads\/2023\/09\/thumbnail_52341193779_6debd54e52_c-150x150.jpg",150,150,true],"medium":["https:\/\/blogopara.com.br\/wp-content\/uploads\/2023\/09\/thumbnail_52341193779_6debd54e52_c-300x200.jpg",300,200,true],"medium_large":["https:\/\/blogopara.com.br\/wp-content\/uploads\/2023\/09\/thumbnail_52341193779_6debd54e52_c.jpg",500,333,false],"large":["https:\/\/blogopara.com.br\/wp-content\/uploads\/2023\/09\/thumbnail_52341193779_6debd54e52_c.jpg",500,333,false],"1536x1536":["https:\/\/blogopara.com.br\/wp-content\/uploads\/2023\/09\/thumbnail_52341193779_6debd54e52_c.jpg",500,333,false],"2048x2048":["https:\/\/blogopara.com.br\/wp-content\/uploads\/2023\/09\/thumbnail_52341193779_6debd54e52_c.jpg",500,333,false],"mantranews-slider-large":["https:\/\/blogopara.com.br\/wp-content\/uploads\/2023\/09\/thumbnail_52341193779_6debd54e52_c.jpg",500,333,false],"mantranews-featured-medium":["https:\/\/blogopara.com.br\/wp-content\/uploads\/2023\/09\/thumbnail_52341193779_6debd54e52_c-420x307.jpg",420,307,true],"mantranews-featured-long":["https:\/\/blogopara.com.br\/wp-content\/uploads\/2023\/09\/thumbnail_52341193779_6debd54e52_c-300x333.jpg",300,333,true],"mantranews-block-medium":["https:\/\/blogopara.com.br\/wp-content\/uploads\/2023\/09\/thumbnail_52341193779_6debd54e52_c-464x290.jpg",464,290,true],"mantranews-carousel-image":["https:\/\/blogopara.com.br\/wp-content\/uploads\/2023\/09\/thumbnail_52341193779_6debd54e52_c.jpg",500,333,false],"mantranews-block-thumb":["https:\/\/blogopara.com.br\/wp-content\/uploads\/2023\/09\/thumbnail_52341193779_6debd54e52_c-322x230.jpg",322,230,true],"mantranews-single-large":["https:\/\/blogopara.com.br\/wp-content\/uploads\/2023\/09\/thumbnail_52341193779_6debd54e52_c.jpg",500,333,false]},"uagb_author_info":{"display_name":"Reda\u00e7\u00e3o geral","author_link":"https:\/\/blogopara.com.br\/index.php\/author\/blogopara"},"uagb_comment_info":0,"uagb_excerpt":"Com o tema \u201cJuazeiro, no exerc\u00edcio do pertencer, vai-se aprender a cuidar: da crian\u00e7a, do mo\u00e7o, do velho e do lugar\u201d, o desfile alusivo \u00e0 comemora\u00e7\u00e3o dos 201 anos da Independ\u00eancia do Brasil vai exaltar o cuidado com as pessoas e com a cidade. Nesta quinta-feira, dia 7 de setembro, a popula\u00e7\u00e3o de Juazeiro vai&hellip;","jetpack_sharing_enabled":true,"jetpack_likes_enabled":true,"_links":{"self":[{"href":"https:\/\/blogopara.com.br\/index.php\/wp-json\/wp\/v2\/posts\/56867","targetHints":{"allow":["GET"]}}],"collection":[{"href":"https:\/\/blogopara.com.br\/index.php\/wp-json\/wp\/v2\/posts"}],"about":[{"href":"https:\/\/blogopara.com.br\/index.php\/wp-json\/wp\/v2\/types\/post"}],"author":[{"embeddable":true,"href":"https:\/\/blogopara.com.br\/index.php\/wp-json\/wp\/v2\/users\/1"}],"replies":[{"embeddable":true,"href":"https:\/\/blogopara.com.br\/index.php\/wp-json\/wp\/v2\/comments?post=56867"}],"version-history":[{"count":1,"href":"https:\/\/blogopara.com.br\/index.php\/wp-json\/wp\/v2\/posts\/56867\/revisions"}],"predecessor-version":[{"id":56869,"href":"https:\/\/blogopara.com.br\/index.php\/wp-json\/wp\/v2\/posts\/56867\/revisions\/56869"}],"wp:featuredmedia":[{"embeddable":true,"href":"https:\/\/blogopara.com.br\/index.php\/wp-json\/wp\/v2\/media\/56868"}],"wp:attachment":[{"href":"https:\/\/blogopara.com.br\/index.php\/wp-json\/wp\/v2\/media?parent=56867"}],"wp:term":[{"taxonomy":"category","embeddable":true,"href":"https:\/\/blogopara.com.br\/index.php\/wp-json\/wp\/v2\/categories?post=56867"},{"taxonomy":"post_tag","embeddable":true,"href":"https:\/\/blogopara.com.br\/index.php\/wp-json\/wp\/v2\/tags?post=56867"}],"curies":[{"name":"wp","href":"https:\/\/api.w.org\/{rel}","templated":true}]}}