{"id":56954,"date":"2023-09-08T11:00:00","date_gmt":"2023-09-08T14:00:00","guid":{"rendered":"https:\/\/blogopara.com.br\/?p=56954"},"modified":"2023-09-08T10:29:28","modified_gmt":"2023-09-08T13:29:28","slug":"sindsemp-realiza-assembleia-para-deliberar-filiacao-a-fetampe-e-a-escolha-dos-membros-para-a-reforma-estatutaria","status":"publish","type":"post","link":"https:\/\/blogopara.com.br\/index.php\/2023\/09\/08\/sindsemp-realiza-assembleia-para-deliberar-filiacao-a-fetampe-e-a-escolha-dos-membros-para-a-reforma-estatutaria","title":{"rendered":"Sindsemp realiza assembleia para deliberar filia\u00e7\u00e3o \u00e0 Fetampe e a escolha dos membros para a reforma estatut\u00e1ria"},"content":{"rendered":"<p style=\"text-align: justify;\">Nesta quarta-feira (6), o Sindicato dos Servidores P\u00fablicos Municipais de Petrolina (Sindsemp) realizou uma assembleia geral extraordin\u00e1ria para discutir alguns informes, como a plen\u00e1ria que vai discutir o precat\u00f3rio do Fundef e a verba do Fundeb, que ser\u00e1 realizada no dia 15 de setembro. Al\u00e9m de deliberar a filia\u00e7\u00e3o \u00e0 Federa\u00e7\u00e3o dos Trabalhadores e Trabalhadoras no Servi\u00e7o P\u00fablico Municipal do Estado de Pernambuco (Fetampe) e a escolha dos membros para a reforma do novo estatuto do sindicato.<br aria-hidden=\"true\" \/><br aria-hidden=\"true\" \/>Estiveram presentes no momento, toda a diretoria executiva do Sindsemp, servidores p\u00fablicos municipais de diversas categorias e a presidente da Fetampe e diretora executiva da CUT Pernambuco, Ana Isabel Cavalcanti, que conversou com os trabalhadores sobre a import\u00e2ncia de unir for\u00e7as para refor\u00e7ar a luta pelos direitos dos servidores p\u00fablicos. Logo ap\u00f3s, os servidores votaram a favor da filia\u00e7\u00e3o \u00e0 Fetampe por maioria.<br aria-hidden=\"true\" \/><br aria-hidden=\"true\" \/>Para Ana Isabel, a chegada dos servidores p\u00fablicos de Petrolina \u00e9 extremamente importante, a fim de somar for\u00e7as a esse grupo que j\u00e1 \u00e9 constitu\u00eddo h\u00e1 10 anos.<br aria-hidden=\"true\" \/><br aria-hidden=\"true\" \/>\u201cHoje, n\u00f3s j\u00e1 temos quase 40 sindicatos filiados \u00e0 Federa\u00e7\u00e3o e acredito que \u00e9 de suma import\u00e2ncia para o Sindsemp se unir a esse grupo para construirmos estrat\u00e9gias, avan\u00e7ando na luta do servi\u00e7o p\u00fablico municipal, a n\u00edvel estadual, e do Brasil tamb\u00e9m. Essa organiza\u00e7\u00e3o fortalece a luta, mostra a todo o estado a for\u00e7a que esses trabalhadores t\u00eam e a import\u00e2ncia deles para que os munic\u00edpios caminhem. Ent\u00e3o, n\u00f3s precisamos estar alinhados e organizados para caminharmos em uma linha mais reta e, assim, conseguirmos o nosso objetivo, que \u00e9 construir, organizar e fortalecer a luta do movimento sindical no servi\u00e7o p\u00fablico no estado de Pernambuco\u201d, ressalta a presidente da Fetampe.<br aria-hidden=\"true\" \/><br aria-hidden=\"true\" \/>A sindicalista, que tamb\u00e9m \u00e9 diretora executiva da CUT Pernambuco, ainda destacou que a filia\u00e7\u00e3o \u00e0 Fetampe n\u00e3o tem custo algum aos servidores, j\u00e1 que cada sindicato filiado \u00e0 Central \u00danica dos Trabalhadores (CUT) contribui com 10% da receita e esse percentual \u00e9 redistribu\u00eddo para as federa\u00e7\u00f5es e confedera\u00e7\u00f5es.<br aria-hidden=\"true\" \/><br aria-hidden=\"true\" \/>Ap\u00f3s a delibera\u00e7\u00e3o sobre a Fetampe, os servidores votaram para escolher os dois membros que v\u00e3o compor a comiss\u00e3o de reformula\u00e7\u00e3o do estatuto do Sindsemp, onde, conforme o pr\u00f3prio estatuto atual, j\u00e1 conta com tr\u00eas membros da diretoria executiva do sindicato: Walber Lins, Edson dos Santos e In\u00eas Silva, al\u00e9m de dois membros do conselho fiscal: R\u00f4molo Rodrigues e Dilma Alves.<br aria-hidden=\"true\" \/><br aria-hidden=\"true\" \/>Durante o momento, quatro servidores se candidataram para compor as vagas na comiss\u00e3o e a t\u00e9cnica em enfermagem, Margareth do Amaral Bezerra recebeu 101 votos, seguida pelo agente de endemias, Silvanei Machado, com 77 votos, ambos foram os mais votados. A agente comunit\u00e1ria de sa\u00fade, Maria de F\u00e1tima Amorim, recebeu 71 votos e a servidora da mesma categoria, Elizabeth Torres, obteve 53 votos.<br aria-hidden=\"true\" \/><br aria-hidden=\"true\" \/>Antes do t\u00e9rmino da assembleia, o diretor de assuntos jur\u00eddicos, Edson dos Santos, cumprimentou todos os presentes e tamb\u00e9m se pronunciou, fazendo um balan\u00e7o sobre a trajet\u00f3ria do Sindsemp na luta sindical e refor\u00e7ando a import\u00e2ncia de somar for\u00e7as nas conquistas pelo direito do servidor.<br aria-hidden=\"true\" \/><br aria-hidden=\"true\" \/>\u201cQuando a gente busca o nosso hist\u00f3rico no sindicato, na luta pelo piso nacional da categoria dos agente comunit\u00e1rios de sa\u00fade e endemias, a gente v\u00ea essa for\u00e7a total. Tamb\u00e9m mandamos os servidores para Bras\u00edlia, para defender o piso da enfermagem. Agora temos outra pauta em Bras\u00edlia, onde precisamos trabalhar, que \u00e9 a pauta dos t\u00e9cnicos administrativos, al\u00e9m do piso nacional dos servidores da odontologia. Ent\u00e3o, quando a gente v\u00ea todo esse cen\u00e1rio, que tem que se buscar, que \u00e9 preciso botar o p\u00e9 na estrada para discutir os recursos, temos a necessidade de ser filiados \u00e0 Federa\u00e7\u00e3o, \u00e0 Central Sindical, a fim de buscar a for\u00e7a necess\u00e1ria para representar muito melhor o servidor p\u00fablico municipal. Portanto, hoje eu saio daqui feliz, porque o Sindsemp d\u00e1 um passo importante. O sindicato est\u00e1 dizendo que est\u00e1 aberto para inst\u00e2ncias a n\u00edvel de estado e nacional, e \u00e9 desse jeito, nesse passo, nesse tom, que n\u00f3s vamos construir a luta sindical aqui em Petrolina\u201d.<\/p>\n<div><br aria-hidden=\"true\" \/><\/p>\n<div style=\"text-align: justify;\"><\/div>\n<div style=\"text-align: justify;\">Assessoria de Comunica\u00e7\u00e3o do Sindsemp<\/div>\n<\/div>\n","protected":false},"excerpt":{"rendered":"<p>Nesta quarta-feira (6), o Sindicato dos Servidores P\u00fablicos Municipais de Petrolina (Sindsemp) realizou uma assembleia geral extraordin\u00e1ria para discutir alguns informes, como a plen\u00e1ria que vai discutir o precat\u00f3rio do Fundef e a verba do Fundeb, que ser\u00e1 realizada no dia 15 de setembro. Al\u00e9m de deliberar a filia\u00e7\u00e3o \u00e0 Federa\u00e7\u00e3o dos Trabalhadores e Trabalhadoras [&hellip;]<\/p>\n","protected":false},"author":1,"featured_media":56955,"comment_status":"closed","ping_status":"open","sticky":false,"template":"","format":"standard","meta":{"_uag_custom_page_level_css":"","_monsterinsights_skip_tracking":false,"_monsterinsights_sitenote_active":false,"_monsterinsights_sitenote_note":"","_monsterinsights_sitenote_category":0,"jetpack_post_was_ever_published":false,"_jetpack_newsletter_access":"","_jetpack_dont_email_post_to_subs":false,"_jetpack_newsletter_tier_id":0,"_jetpack_memberships_contains_paywalled_content":false,"_jetpack_memberships_contains_paid_content":false,"footnotes":"","jetpack_publicize_message":"","jetpack_publicize_feature_enabled":true,"jetpack_social_post_already_shared":true,"jetpack_social_options":{"image_generator_settings":{"template":"highway","default_image_id":0,"font":"","enabled":false},"version":2}},"categories":[851],"tags":[],"class_list":["post-56954","post","type-post","status-publish","format-standard","has-post-thumbnail","hentry","category-petrolina"],"jetpack_publicize_connections":[],"jetpack_featured_media_url":"https:\/\/blogopara.com.br\/wp-content\/uploads\/2023\/09\/Sindsemp-realiza-assembleia-para-deliberar-filiacao-a-Fetampe-e-a-escolha-dos-membros-para-a-reforma-estatutaria-3.jpeg","uagb_featured_image_src":{"full":["https:\/\/blogopara.com.br\/wp-content\/uploads\/2023\/09\/Sindsemp-realiza-assembleia-para-deliberar-filiacao-a-Fetampe-e-a-escolha-dos-membros-para-a-reforma-estatutaria-3.jpeg",500,375,false],"thumbnail":["https:\/\/blogopara.com.br\/wp-content\/uploads\/2023\/09\/Sindsemp-realiza-assembleia-para-deliberar-filiacao-a-Fetampe-e-a-escolha-dos-membros-para-a-reforma-estatutaria-3-150x150.jpeg",150,150,true],"medium":["https:\/\/blogopara.com.br\/wp-content\/uploads\/2023\/09\/Sindsemp-realiza-assembleia-para-deliberar-filiacao-a-Fetampe-e-a-escolha-dos-membros-para-a-reforma-estatutaria-3-300x225.jpeg",300,225,true],"medium_large":["https:\/\/blogopara.com.br\/wp-content\/uploads\/2023\/09\/Sindsemp-realiza-assembleia-para-deliberar-filiacao-a-Fetampe-e-a-escolha-dos-membros-para-a-reforma-estatutaria-3.jpeg",500,375,false],"large":["https:\/\/blogopara.com.br\/wp-content\/uploads\/2023\/09\/Sindsemp-realiza-assembleia-para-deliberar-filiacao-a-Fetampe-e-a-escolha-dos-membros-para-a-reforma-estatutaria-3.jpeg",500,375,false],"1536x1536":["https:\/\/blogopara.com.br\/wp-content\/uploads\/2023\/09\/Sindsemp-realiza-assembleia-para-deliberar-filiacao-a-Fetampe-e-a-escolha-dos-membros-para-a-reforma-estatutaria-3.jpeg",500,375,false],"2048x2048":["https:\/\/blogopara.com.br\/wp-content\/uploads\/2023\/09\/Sindsemp-realiza-assembleia-para-deliberar-filiacao-a-Fetampe-e-a-escolha-dos-membros-para-a-reforma-estatutaria-3.jpeg",500,375,false],"mantranews-slider-large":["https:\/\/blogopara.com.br\/wp-content\/uploads\/2023\/09\/Sindsemp-realiza-assembleia-para-deliberar-filiacao-a-Fetampe-e-a-escolha-dos-membros-para-a-reforma-estatutaria-3.jpeg",500,375,false],"mantranews-featured-medium":["https:\/\/blogopara.com.br\/wp-content\/uploads\/2023\/09\/Sindsemp-realiza-assembleia-para-deliberar-filiacao-a-Fetampe-e-a-escolha-dos-membros-para-a-reforma-estatutaria-3-420x307.jpeg",420,307,true],"mantranews-featured-long":["https:\/\/blogopara.com.br\/wp-content\/uploads\/2023\/09\/Sindsemp-realiza-assembleia-para-deliberar-filiacao-a-Fetampe-e-a-escolha-dos-membros-para-a-reforma-estatutaria-3-300x375.jpeg",300,375,true],"mantranews-block-medium":["https:\/\/blogopara.com.br\/wp-content\/uploads\/2023\/09\/Sindsemp-realiza-assembleia-para-deliberar-filiacao-a-Fetampe-e-a-escolha-dos-membros-para-a-reforma-estatutaria-3-464x290.jpeg",464,290,true],"mantranews-carousel-image":["https:\/\/blogopara.com.br\/wp-content\/uploads\/2023\/09\/Sindsemp-realiza-assembleia-para-deliberar-filiacao-a-Fetampe-e-a-escolha-dos-membros-para-a-reforma-estatutaria-3.jpeg",500,375,false],"mantranews-block-thumb":["https:\/\/blogopara.com.br\/wp-content\/uploads\/2023\/09\/Sindsemp-realiza-assembleia-para-deliberar-filiacao-a-Fetampe-e-a-escolha-dos-membros-para-a-reforma-estatutaria-3-322x230.jpeg",322,230,true],"mantranews-single-large":["https:\/\/blogopara.com.br\/wp-content\/uploads\/2023\/09\/Sindsemp-realiza-assembleia-para-deliberar-filiacao-a-Fetampe-e-a-escolha-dos-membros-para-a-reforma-estatutaria-3.jpeg",500,375,false]},"uagb_author_info":{"display_name":"Reda\u00e7\u00e3o geral","author_link":"https:\/\/blogopara.com.br\/index.php\/author\/blogopara"},"uagb_comment_info":0,"uagb_excerpt":"Nesta quarta-feira (6), o Sindicato dos Servidores P\u00fablicos Municipais de Petrolina (Sindsemp) realizou uma assembleia geral extraordin\u00e1ria para discutir alguns informes, como a plen\u00e1ria que vai discutir o precat\u00f3rio do Fundef e a verba do Fundeb, que ser\u00e1 realizada no dia 15 de setembro. Al\u00e9m de deliberar a filia\u00e7\u00e3o \u00e0 Federa\u00e7\u00e3o dos Trabalhadores e Trabalhadoras&hellip;","jetpack_sharing_enabled":true,"jetpack_likes_enabled":true,"_links":{"self":[{"href":"https:\/\/blogopara.com.br\/index.php\/wp-json\/wp\/v2\/posts\/56954","targetHints":{"allow":["GET"]}}],"collection":[{"href":"https:\/\/blogopara.com.br\/index.php\/wp-json\/wp\/v2\/posts"}],"about":[{"href":"https:\/\/blogopara.com.br\/index.php\/wp-json\/wp\/v2\/types\/post"}],"author":[{"embeddable":true,"href":"https:\/\/blogopara.com.br\/index.php\/wp-json\/wp\/v2\/users\/1"}],"replies":[{"embeddable":true,"href":"https:\/\/blogopara.com.br\/index.php\/wp-json\/wp\/v2\/comments?post=56954"}],"version-history":[{"count":1,"href":"https:\/\/blogopara.com.br\/index.php\/wp-json\/wp\/v2\/posts\/56954\/revisions"}],"predecessor-version":[{"id":56956,"href":"https:\/\/blogopara.com.br\/index.php\/wp-json\/wp\/v2\/posts\/56954\/revisions\/56956"}],"wp:featuredmedia":[{"embeddable":true,"href":"https:\/\/blogopara.com.br\/index.php\/wp-json\/wp\/v2\/media\/56955"}],"wp:attachment":[{"href":"https:\/\/blogopara.com.br\/index.php\/wp-json\/wp\/v2\/media?parent=56954"}],"wp:term":[{"taxonomy":"category","embeddable":true,"href":"https:\/\/blogopara.com.br\/index.php\/wp-json\/wp\/v2\/categories?post=56954"},{"taxonomy":"post_tag","embeddable":true,"href":"https:\/\/blogopara.com.br\/index.php\/wp-json\/wp\/v2\/tags?post=56954"}],"curies":[{"name":"wp","href":"https:\/\/api.w.org\/{rel}","templated":true}]}}