{"id":57017,"date":"2023-09-10T15:52:00","date_gmt":"2023-09-10T18:52:00","guid":{"rendered":"https:\/\/blogopara.com.br\/?p=57017"},"modified":"2023-09-10T10:55:37","modified_gmt":"2023-09-10T13:55:37","slug":"ministerio-publico-da-espanha-abre-processo-contra-rubiales-apos-beijo-forcado-em-hermoso","status":"publish","type":"post","link":"https:\/\/blogopara.com.br\/index.php\/2023\/09\/10\/ministerio-publico-da-espanha-abre-processo-contra-rubiales-apos-beijo-forcado-em-hermoso","title":{"rendered":"Minist\u00e9rio P\u00fablico da Espanha abre processo contra Rubiales ap\u00f3s beijo for\u00e7ado em Hermoso"},"content":{"rendered":"<p style=\"text-align: justify;\">Ap\u00f3s a atacante Jenni Hermoso denunciar o presidente da Real Federa\u00e7\u00e3o Espanhola de Futebol (RFEF) pelo beijo for\u00e7ado durante a cerim\u00f4nia de premia\u00e7\u00e3o da Copa do Mundo Feminina, o Minist\u00e9rio P\u00fablico da Espanha n\u00e3o perdeu tempo, acatou o pedido e abriu um processo contra Rubiales. Segundo a imprensa espanhola, a den\u00fancia se refere aos crimes de agress\u00e3o sexual e de coa\u00e7\u00e3o.<\/p>\n<p style=\"text-align: justify;\">A novidade neste caso \u00e9 que o Minist\u00e9rio P\u00fablico tamb\u00e9m acusa Rubiales de um segundo crime, o de coa\u00e7\u00e3o. Agora, se aceito para tramita\u00e7\u00e3o, o caso ficar\u00e1 nas m\u00e3os de um dos seis tribunais de instru\u00e7\u00e3o do Tribunal Nacional da Espanha.<\/p>\n<p style=\"text-align: justify;\">Rubiales est\u00e1 suspenso de seu cargo de presidente da Federa\u00e7\u00e3o Espanhola pela Fifa. Na \u00faltima ter\u00e7a-feira, a RFEF, sob comando interino, anunciou a demiss\u00e3o do t\u00e9cnico da sele\u00e7\u00e3o, Jorge Vilda, apoiador de Rubiales.<\/p>\n<p style=\"text-align: justify;\">No dia 20 de agosto, a Espanha foi campe\u00e3 da Copa do Mundo Feminina ao vencer a Inglaterra por 1 a 0. Na cerim\u00f4nia de entrega das medalhas, o presidente da RFEF, Luis Rubiales, abra\u00e7ou a atacante Jenni Hermoso e deu um beijo na boca da jogadora, sem que ela pudesse consentir com a a\u00e7\u00e3o. Horas depois, no vesti\u00e1rio, ela foi perguntada sobre a situa\u00e7\u00e3o e declarou \u201cn\u00e3o gostei\u201d, al\u00e9m de afirmar que n\u00e3o havia o que fazer no momento.<\/p>\n","protected":false},"excerpt":{"rendered":"<p>Ap\u00f3s a atacante Jenni Hermoso denunciar o presidente da Real Federa\u00e7\u00e3o Espanhola de Futebol (RFEF) pelo beijo for\u00e7ado durante a cerim\u00f4nia de premia\u00e7\u00e3o da Copa do Mundo Feminina, o Minist\u00e9rio P\u00fablico da Espanha n\u00e3o perdeu tempo, acatou o pedido e abriu um processo contra Rubiales. Segundo a imprensa espanhola, a den\u00fancia se refere aos crimes [&hellip;]<\/p>\n","protected":false},"author":1,"featured_media":57018,"comment_status":"closed","ping_status":"open","sticky":false,"template":"","format":"standard","meta":{"_uag_custom_page_level_css":"","_monsterinsights_skip_tracking":false,"_monsterinsights_sitenote_active":false,"_monsterinsights_sitenote_note":"","_monsterinsights_sitenote_category":0,"jetpack_post_was_ever_published":false,"_jetpack_newsletter_access":"","_jetpack_dont_email_post_to_subs":false,"_jetpack_newsletter_tier_id":0,"_jetpack_memberships_contains_paywalled_content":false,"_jetpack_memberships_contains_paid_content":false,"footnotes":"","jetpack_publicize_message":"","jetpack_publicize_feature_enabled":true,"jetpack_social_post_already_shared":true,"jetpack_social_options":{"image_generator_settings":{"template":"highway","default_image_id":0,"font":"","enabled":false},"version":2}},"categories":[208,210],"tags":[],"class_list":["post-57017","post","type-post","status-publish","format-standard","has-post-thumbnail","hentry","category-esporte","category-justica"],"jetpack_publicize_connections":[],"jetpack_featured_media_url":"https:\/\/blogopara.com.br\/wp-content\/uploads\/2023\/09\/20230908102231241975u.png","uagb_featured_image_src":{"full":["https:\/\/blogopara.com.br\/wp-content\/uploads\/2023\/09\/20230908102231241975u.png",500,333,false],"thumbnail":["https:\/\/blogopara.com.br\/wp-content\/uploads\/2023\/09\/20230908102231241975u-150x150.png",150,150,true],"medium":["https:\/\/blogopara.com.br\/wp-content\/uploads\/2023\/09\/20230908102231241975u-300x200.png",300,200,true],"medium_large":["https:\/\/blogopara.com.br\/wp-content\/uploads\/2023\/09\/20230908102231241975u.png",500,333,false],"large":["https:\/\/blogopara.com.br\/wp-content\/uploads\/2023\/09\/20230908102231241975u.png",500,333,false],"1536x1536":["https:\/\/blogopara.com.br\/wp-content\/uploads\/2023\/09\/20230908102231241975u.png",500,333,false],"2048x2048":["https:\/\/blogopara.com.br\/wp-content\/uploads\/2023\/09\/20230908102231241975u.png",500,333,false],"mantranews-slider-large":["https:\/\/blogopara.com.br\/wp-content\/uploads\/2023\/09\/20230908102231241975u.png",500,333,false],"mantranews-featured-medium":["https:\/\/blogopara.com.br\/wp-content\/uploads\/2023\/09\/20230908102231241975u-420x307.png",420,307,true],"mantranews-featured-long":["https:\/\/blogopara.com.br\/wp-content\/uploads\/2023\/09\/20230908102231241975u-300x333.png",300,333,true],"mantranews-block-medium":["https:\/\/blogopara.com.br\/wp-content\/uploads\/2023\/09\/20230908102231241975u-464x290.png",464,290,true],"mantranews-carousel-image":["https:\/\/blogopara.com.br\/wp-content\/uploads\/2023\/09\/20230908102231241975u.png",500,333,false],"mantranews-block-thumb":["https:\/\/blogopara.com.br\/wp-content\/uploads\/2023\/09\/20230908102231241975u-322x230.png",322,230,true],"mantranews-single-large":["https:\/\/blogopara.com.br\/wp-content\/uploads\/2023\/09\/20230908102231241975u.png",500,333,false]},"uagb_author_info":{"display_name":"Reda\u00e7\u00e3o geral","author_link":"https:\/\/blogopara.com.br\/index.php\/author\/blogopara"},"uagb_comment_info":0,"uagb_excerpt":"Ap\u00f3s a atacante Jenni Hermoso denunciar o presidente da Real Federa\u00e7\u00e3o Espanhola de Futebol (RFEF) pelo beijo for\u00e7ado durante a cerim\u00f4nia de premia\u00e7\u00e3o da Copa do Mundo Feminina, o Minist\u00e9rio P\u00fablico da Espanha n\u00e3o perdeu tempo, acatou o pedido e abriu um processo contra Rubiales. Segundo a imprensa espanhola, a den\u00fancia se refere aos crimes&hellip;","jetpack_sharing_enabled":true,"jetpack_likes_enabled":true,"_links":{"self":[{"href":"https:\/\/blogopara.com.br\/index.php\/wp-json\/wp\/v2\/posts\/57017","targetHints":{"allow":["GET"]}}],"collection":[{"href":"https:\/\/blogopara.com.br\/index.php\/wp-json\/wp\/v2\/posts"}],"about":[{"href":"https:\/\/blogopara.com.br\/index.php\/wp-json\/wp\/v2\/types\/post"}],"author":[{"embeddable":true,"href":"https:\/\/blogopara.com.br\/index.php\/wp-json\/wp\/v2\/users\/1"}],"replies":[{"embeddable":true,"href":"https:\/\/blogopara.com.br\/index.php\/wp-json\/wp\/v2\/comments?post=57017"}],"version-history":[{"count":1,"href":"https:\/\/blogopara.com.br\/index.php\/wp-json\/wp\/v2\/posts\/57017\/revisions"}],"predecessor-version":[{"id":57019,"href":"https:\/\/blogopara.com.br\/index.php\/wp-json\/wp\/v2\/posts\/57017\/revisions\/57019"}],"wp:featuredmedia":[{"embeddable":true,"href":"https:\/\/blogopara.com.br\/index.php\/wp-json\/wp\/v2\/media\/57018"}],"wp:attachment":[{"href":"https:\/\/blogopara.com.br\/index.php\/wp-json\/wp\/v2\/media?parent=57017"}],"wp:term":[{"taxonomy":"category","embeddable":true,"href":"https:\/\/blogopara.com.br\/index.php\/wp-json\/wp\/v2\/categories?post=57017"},{"taxonomy":"post_tag","embeddable":true,"href":"https:\/\/blogopara.com.br\/index.php\/wp-json\/wp\/v2\/tags?post=57017"}],"curies":[{"name":"wp","href":"https:\/\/api.w.org\/{rel}","templated":true}]}}