{"id":5702,"date":"2019-12-17T18:54:55","date_gmt":"2019-12-17T21:54:55","guid":{"rendered":"http:\/\/blogopara.com.br\/?p=5702"},"modified":"2019-12-17T18:55:01","modified_gmt":"2019-12-17T21:55:01","slug":"petrolina-inspetor-paulo-lima-afirma-que-proposta-para-realizacao-do-sao-joao-no-antigo-ceape-e-impropria-e-prefeitura-sera-notificada","status":"publish","type":"post","link":"https:\/\/blogopara.com.br\/index.php\/2019\/12\/17\/petrolina-inspetor-paulo-lima-afirma-que-proposta-para-realizacao-do-sao-joao-no-antigo-ceape-e-impropria-e-prefeitura-sera-notificada","title":{"rendered":"Petrolina: Inspetor Paulo Lima afirma que proposta para realiza\u00e7\u00e3o do S\u00e3o Jo\u00e3o no antigo Ceape  \u00e9 \u201cimpr\u00f3pria\u201d e prefeitura ser\u00e1 notificada"},"content":{"rendered":"<p style=\"text-align: justify;\">A Pol\u00edcia Rodovi\u00e1ria Federal (PRF) vai notificar com ressalvas a Prefeitura de Petrolina, que tomou a decis\u00e3o de realizar a partir de 2020 o S\u00e3o Jo\u00e3o com a constru\u00e7\u00e3o do novo P\u00e1tio de Eventos na \u00e1rea do antigo Ceape, que fica na Avenida Sete de Setembro.<\/p>\n<p style=\"text-align: justify;\">A informa\u00e7\u00e3o foi divulgada pelo Inspetor da PRF, Paulo Lima, em entrevista ao Programa Edenevaldo Alves na Petrolina FM.<\/p>\n<p style=\"text-align: justify;\">\u201cO local \u00e9 impr\u00f3prio para se fazer o S\u00e3o Jo\u00e3o porque n\u00e3o tem condi\u00e7\u00f5es de suportar um p\u00fablico e estrutura t\u00e3o grande. No parecer, a PRF se manifesta contr\u00e1ria \u00e0 realiza\u00e7\u00e3o do evento naquele espa\u00e7o, se o prefeito se sensibilizar, ele tomar\u00e1 a decis\u00e3o certa\u201d, afirma Paulo Lima.<\/p>\n<p style=\"text-align: justify;\">O inspetor destaca a grande quantidade de pedestres na \u00e1rea, um estrangulamento por parte de que algumas vias poder\u00e3o ser inclu\u00eddas pelo volume de pessoas e por se tratar de uma \u00e1rea residencial.<\/p>\n<p style=\"text-align: justify;\">\u201cVai estrangular tudo, n\u00e3o tem escoamento, vai misturar pedestre caminhando, ve\u00edculos parados e n\u00e3o tem acostamento\u201d, conclui.<\/p>\n<pre>Fonte: Edenevaldo Alves<\/pre>\n<div class=\"sharedaddy sd-sharing-enabled\">\n<div id=\"supertag-ad-21q4z1qs3\" style=\"text-align: justify;\" data-google-query-id=\"CN7Qu7KLveYCFUsFuQYdvyAEJA\"><\/div>\n<\/div>\n","protected":false},"excerpt":{"rendered":"<p>A Pol\u00edcia Rodovi\u00e1ria Federal (PRF) vai notificar com ressalvas a Prefeitura de Petrolina, que tomou a decis\u00e3o de realizar a partir de 2020 o S\u00e3o Jo\u00e3o com a constru\u00e7\u00e3o do novo P\u00e1tio de Eventos na \u00e1rea do antigo Ceape, que fica na Avenida Sete de Setembro. A informa\u00e7\u00e3o foi divulgada pelo Inspetor da PRF, Paulo [&hellip;]<\/p>\n","protected":false},"author":1,"featured_media":5703,"comment_status":"open","ping_status":"open","sticky":false,"template":"","format":"standard","meta":{"_uag_custom_page_level_css":"","_monsterinsights_skip_tracking":false,"_monsterinsights_sitenote_active":false,"_monsterinsights_sitenote_note":"","_monsterinsights_sitenote_category":0,"jetpack_post_was_ever_published":false,"_jetpack_newsletter_access":"","_jetpack_dont_email_post_to_subs":false,"_jetpack_newsletter_tier_id":0,"_jetpack_memberships_contains_paywalled_content":false,"_jetpack_memberships_contains_paid_content":false,"footnotes":"","jetpack_publicize_message":"","jetpack_publicize_feature_enabled":true,"jetpack_social_post_already_shared":true,"jetpack_social_options":{"image_generator_settings":{"template":"highway","default_image_id":0,"font":"","enabled":false},"version":2}},"categories":[851],"tags":[],"class_list":["post-5702","post","type-post","status-publish","format-standard","has-post-thumbnail","hentry","category-petrolina"],"jetpack_publicize_connections":[],"jetpack_featured_media_url":"https:\/\/blogopara.com.br\/wp-content\/uploads\/2019\/12\/inspetor.jpg","uagb_featured_image_src":{"full":["https:\/\/blogopara.com.br\/wp-content\/uploads\/2019\/12\/inspetor.jpg",850,491,false],"thumbnail":["https:\/\/blogopara.com.br\/wp-content\/uploads\/2019\/12\/inspetor-150x150.jpg",150,150,true],"medium":["https:\/\/blogopara.com.br\/wp-content\/uploads\/2019\/12\/inspetor-300x173.jpg",300,173,true],"medium_large":["https:\/\/blogopara.com.br\/wp-content\/uploads\/2019\/12\/inspetor-768x444.jpg",640,370,true],"large":["https:\/\/blogopara.com.br\/wp-content\/uploads\/2019\/12\/inspetor.jpg",640,370,false],"1536x1536":["https:\/\/blogopara.com.br\/wp-content\/uploads\/2019\/12\/inspetor.jpg",850,491,false],"2048x2048":["https:\/\/blogopara.com.br\/wp-content\/uploads\/2019\/12\/inspetor.jpg",850,491,false],"mantranews-slider-large":["https:\/\/blogopara.com.br\/wp-content\/uploads\/2019\/12\/inspetor.jpg",850,491,false],"mantranews-featured-medium":["https:\/\/blogopara.com.br\/wp-content\/uploads\/2019\/12\/inspetor.jpg",420,243,false],"mantranews-featured-long":["https:\/\/blogopara.com.br\/wp-content\/uploads\/2019\/12\/inspetor.jpg",300,173,false],"mantranews-block-medium":["https:\/\/blogopara.com.br\/wp-content\/uploads\/2019\/12\/inspetor.jpg",464,268,false],"mantranews-carousel-image":["https:\/\/blogopara.com.br\/wp-content\/uploads\/2019\/12\/inspetor.jpg",600,347,false],"mantranews-block-thumb":["https:\/\/blogopara.com.br\/wp-content\/uploads\/2019\/12\/inspetor.jpg",322,186,false],"mantranews-single-large":["https:\/\/blogopara.com.br\/wp-content\/uploads\/2019\/12\/inspetor.jpg",850,491,false]},"uagb_author_info":{"display_name":"Reda\u00e7\u00e3o geral","author_link":"https:\/\/blogopara.com.br\/index.php\/author\/blogopara"},"uagb_comment_info":0,"uagb_excerpt":"A Pol\u00edcia Rodovi\u00e1ria Federal (PRF) vai notificar com ressalvas a Prefeitura de Petrolina, que tomou a decis\u00e3o de realizar a partir de 2020 o S\u00e3o Jo\u00e3o com a constru\u00e7\u00e3o do novo P\u00e1tio de Eventos na \u00e1rea do antigo Ceape, que fica na Avenida Sete de Setembro. A informa\u00e7\u00e3o foi divulgada pelo Inspetor da PRF, Paulo&hellip;","jetpack_sharing_enabled":true,"jetpack_likes_enabled":true,"_links":{"self":[{"href":"https:\/\/blogopara.com.br\/index.php\/wp-json\/wp\/v2\/posts\/5702","targetHints":{"allow":["GET"]}}],"collection":[{"href":"https:\/\/blogopara.com.br\/index.php\/wp-json\/wp\/v2\/posts"}],"about":[{"href":"https:\/\/blogopara.com.br\/index.php\/wp-json\/wp\/v2\/types\/post"}],"author":[{"embeddable":true,"href":"https:\/\/blogopara.com.br\/index.php\/wp-json\/wp\/v2\/users\/1"}],"replies":[{"embeddable":true,"href":"https:\/\/blogopara.com.br\/index.php\/wp-json\/wp\/v2\/comments?post=5702"}],"version-history":[{"count":1,"href":"https:\/\/blogopara.com.br\/index.php\/wp-json\/wp\/v2\/posts\/5702\/revisions"}],"predecessor-version":[{"id":5704,"href":"https:\/\/blogopara.com.br\/index.php\/wp-json\/wp\/v2\/posts\/5702\/revisions\/5704"}],"wp:featuredmedia":[{"embeddable":true,"href":"https:\/\/blogopara.com.br\/index.php\/wp-json\/wp\/v2\/media\/5703"}],"wp:attachment":[{"href":"https:\/\/blogopara.com.br\/index.php\/wp-json\/wp\/v2\/media?parent=5702"}],"wp:term":[{"taxonomy":"category","embeddable":true,"href":"https:\/\/blogopara.com.br\/index.php\/wp-json\/wp\/v2\/categories?post=5702"},{"taxonomy":"post_tag","embeddable":true,"href":"https:\/\/blogopara.com.br\/index.php\/wp-json\/wp\/v2\/tags?post=5702"}],"curies":[{"name":"wp","href":"https:\/\/api.w.org\/{rel}","templated":true}]}}