{"id":57020,"date":"2023-09-10T16:55:00","date_gmt":"2023-09-10T19:55:00","guid":{"rendered":"https:\/\/blogopara.com.br\/?p=57020"},"modified":"2023-09-10T11:00:49","modified_gmt":"2023-09-10T14:00:49","slug":"policia-civil-baiana-se-organiza-para-operar-aeronaves","status":"publish","type":"post","link":"https:\/\/blogopara.com.br\/index.php\/2023\/09\/10\/policia-civil-baiana-se-organiza-para-operar-aeronaves","title":{"rendered":"Pol\u00edcia Civil baiana se organiza para operar aeronaves"},"content":{"rendered":"<p style=\"text-align: justify;\">Buscando sempre aprimorar os servi\u00e7os prestados \u00e0 sociedade, com um atendimento de maior excel\u00eancia e qualidade, a Pol\u00edcia Civil da Bahia est\u00e1 se organizando para operar aeronaves. O Servi\u00e7o Aeropolicial &#8211; SAER, vinculado \u00e0 Coordena\u00e7\u00e3o de Opera\u00e7\u00f5es e Recursos Especiais (CORE), foi institu\u00eddo nesta sexta-feira (8), por meio da portaria n\u00famero 410, publicada no Di\u00e1rio Oficial da Bahia.<\/p>\n<p style=\"text-align: justify;\">O SAER tem como finalidade desenvolver atividades de opera\u00e7\u00f5es a\u00e9reas em \u00e1reas urbanas, rurais e de divisas. A iniciativa busca elevar os padr\u00f5es de atua\u00e7\u00e3o e fiscaliza\u00e7\u00e3o do trabalho de pol\u00edcia judici\u00e1ria, assegurando a log\u00edstica operacional no territ\u00f3rio baiano e aprimorando a intelig\u00eancia policial na produ\u00e7\u00e3o de conhecimento e difus\u00e3o de informa\u00e7\u00f5es.<\/p>\n<p style=\"text-align: justify;\">\u201cEstamos buscando formas de aprimorar a presta\u00e7\u00e3o de servi\u00e7os \u00e0 sociedade, e o uso do vetor a\u00e9reo no combate \u00e0 criminalidade organizada \u00e9 de suma import\u00e2ncia. Para tanto, a Pol\u00edcia Civil da Bahia est\u00e1 se organizando para, em um futuro pr\u00f3ximo, operar suas pr\u00f3prias aeronaves\u201d, ressaltou a Delegada-Geral Helo\u00edsa Campos de Brito.<\/p>\n<p style=\"text-align: justify;\">O uso de aeronaves j\u00e1 refor\u00e7a o trabalho operacional das Pol\u00edcias Civis de outros estados, como S\u00e3o Paulo e Rio de Janeiro. \u201cEssa portaria publicada \u00e9 um regramento inicial que pavimentar\u00e1 caminhos para um melhor atendimento operacional da nossa Institui\u00e7\u00e3o\u201d, acrescentou Helo\u00edsa Brito.<\/p>\n","protected":false},"excerpt":{"rendered":"<p>Buscando sempre aprimorar os servi\u00e7os prestados \u00e0 sociedade, com um atendimento de maior excel\u00eancia e qualidade, a Pol\u00edcia Civil da Bahia est\u00e1 se organizando para operar aeronaves. O Servi\u00e7o Aeropolicial &#8211; SAER, vinculado \u00e0 Coordena\u00e7\u00e3o de Opera\u00e7\u00f5es e Recursos Especiais (CORE), foi institu\u00eddo nesta sexta-feira (8), por meio da portaria n\u00famero 410, publicada no Di\u00e1rio [&hellip;]<\/p>\n","protected":false},"author":1,"featured_media":57021,"comment_status":"closed","ping_status":"open","sticky":false,"template":"","format":"standard","meta":{"_uag_custom_page_level_css":"","_monsterinsights_skip_tracking":false,"_monsterinsights_sitenote_active":false,"_monsterinsights_sitenote_note":"","_monsterinsights_sitenote_category":0,"jetpack_post_was_ever_published":false,"_jetpack_newsletter_access":"","_jetpack_dont_email_post_to_subs":false,"_jetpack_newsletter_tier_id":0,"_jetpack_memberships_contains_paywalled_content":false,"_jetpack_memberships_contains_paid_content":false,"footnotes":"","jetpack_publicize_message":"","jetpack_publicize_feature_enabled":true,"jetpack_social_post_already_shared":true,"jetpack_social_options":{"image_generator_settings":{"template":"highway","default_image_id":0,"font":"","enabled":false},"version":2}},"categories":[202],"tags":[],"class_list":["post-57020","post","type-post","status-publish","format-standard","has-post-thumbnail","hentry","category-policia"],"jetpack_publicize_connections":[],"jetpack_featured_media_url":"https:\/\/blogopara.com.br\/wp-content\/uploads\/2023\/09\/Decolagem-580x318-1.jpg","uagb_featured_image_src":{"full":["https:\/\/blogopara.com.br\/wp-content\/uploads\/2023\/09\/Decolagem-580x318-1.jpg",500,274,false],"thumbnail":["https:\/\/blogopara.com.br\/wp-content\/uploads\/2023\/09\/Decolagem-580x318-1-150x150.jpg",150,150,true],"medium":["https:\/\/blogopara.com.br\/wp-content\/uploads\/2023\/09\/Decolagem-580x318-1-300x164.jpg",300,164,true],"medium_large":["https:\/\/blogopara.com.br\/wp-content\/uploads\/2023\/09\/Decolagem-580x318-1.jpg",500,274,false],"large":["https:\/\/blogopara.com.br\/wp-content\/uploads\/2023\/09\/Decolagem-580x318-1.jpg",500,274,false],"1536x1536":["https:\/\/blogopara.com.br\/wp-content\/uploads\/2023\/09\/Decolagem-580x318-1.jpg",500,274,false],"2048x2048":["https:\/\/blogopara.com.br\/wp-content\/uploads\/2023\/09\/Decolagem-580x318-1.jpg",500,274,false],"mantranews-slider-large":["https:\/\/blogopara.com.br\/wp-content\/uploads\/2023\/09\/Decolagem-580x318-1.jpg",500,274,false],"mantranews-featured-medium":["https:\/\/blogopara.com.br\/wp-content\/uploads\/2023\/09\/Decolagem-580x318-1-420x274.jpg",420,274,true],"mantranews-featured-long":["https:\/\/blogopara.com.br\/wp-content\/uploads\/2023\/09\/Decolagem-580x318-1-300x274.jpg",300,274,true],"mantranews-block-medium":["https:\/\/blogopara.com.br\/wp-content\/uploads\/2023\/09\/Decolagem-580x318-1-464x274.jpg",464,274,true],"mantranews-carousel-image":["https:\/\/blogopara.com.br\/wp-content\/uploads\/2023\/09\/Decolagem-580x318-1.jpg",500,274,false],"mantranews-block-thumb":["https:\/\/blogopara.com.br\/wp-content\/uploads\/2023\/09\/Decolagem-580x318-1-322x230.jpg",322,230,true],"mantranews-single-large":["https:\/\/blogopara.com.br\/wp-content\/uploads\/2023\/09\/Decolagem-580x318-1.jpg",500,274,false]},"uagb_author_info":{"display_name":"Reda\u00e7\u00e3o geral","author_link":"https:\/\/blogopara.com.br\/index.php\/author\/blogopara"},"uagb_comment_info":0,"uagb_excerpt":"Buscando sempre aprimorar os servi\u00e7os prestados \u00e0 sociedade, com um atendimento de maior excel\u00eancia e qualidade, a Pol\u00edcia Civil da Bahia est\u00e1 se organizando para operar aeronaves. O Servi\u00e7o Aeropolicial &#8211; SAER, vinculado \u00e0 Coordena\u00e7\u00e3o de Opera\u00e7\u00f5es e Recursos Especiais (CORE), foi institu\u00eddo nesta sexta-feira (8), por meio da portaria n\u00famero 410, publicada no Di\u00e1rio&hellip;","jetpack_sharing_enabled":true,"jetpack_likes_enabled":true,"_links":{"self":[{"href":"https:\/\/blogopara.com.br\/index.php\/wp-json\/wp\/v2\/posts\/57020","targetHints":{"allow":["GET"]}}],"collection":[{"href":"https:\/\/blogopara.com.br\/index.php\/wp-json\/wp\/v2\/posts"}],"about":[{"href":"https:\/\/blogopara.com.br\/index.php\/wp-json\/wp\/v2\/types\/post"}],"author":[{"embeddable":true,"href":"https:\/\/blogopara.com.br\/index.php\/wp-json\/wp\/v2\/users\/1"}],"replies":[{"embeddable":true,"href":"https:\/\/blogopara.com.br\/index.php\/wp-json\/wp\/v2\/comments?post=57020"}],"version-history":[{"count":1,"href":"https:\/\/blogopara.com.br\/index.php\/wp-json\/wp\/v2\/posts\/57020\/revisions"}],"predecessor-version":[{"id":57022,"href":"https:\/\/blogopara.com.br\/index.php\/wp-json\/wp\/v2\/posts\/57020\/revisions\/57022"}],"wp:featuredmedia":[{"embeddable":true,"href":"https:\/\/blogopara.com.br\/index.php\/wp-json\/wp\/v2\/media\/57021"}],"wp:attachment":[{"href":"https:\/\/blogopara.com.br\/index.php\/wp-json\/wp\/v2\/media?parent=57020"}],"wp:term":[{"taxonomy":"category","embeddable":true,"href":"https:\/\/blogopara.com.br\/index.php\/wp-json\/wp\/v2\/categories?post=57020"},{"taxonomy":"post_tag","embeddable":true,"href":"https:\/\/blogopara.com.br\/index.php\/wp-json\/wp\/v2\/tags?post=57020"}],"curies":[{"name":"wp","href":"https:\/\/api.w.org\/{rel}","templated":true}]}}