{"id":57023,"date":"2023-09-10T17:25:00","date_gmt":"2023-09-10T20:25:00","guid":{"rendered":"https:\/\/blogopara.com.br\/?p=57023"},"modified":"2023-09-10T11:04:01","modified_gmt":"2023-09-10T14:04:01","slug":"aras-critica-acordo-de-cid-e-diz-que-pgr-nao-aceita-delacoes-feitas-pela-policia-federal","status":"publish","type":"post","link":"https:\/\/blogopara.com.br\/index.php\/2023\/09\/10\/aras-critica-acordo-de-cid-e-diz-que-pgr-nao-aceita-delacoes-feitas-pela-policia-federal","title":{"rendered":"Aras critica acordo de Cid e diz que PGR n\u00e3o aceita dela\u00e7\u00f5es feitas pela Pol\u00edcia Federal"},"content":{"rendered":"<div class=\"sc-c67c3674-0 eWGCVu\">\n<div class=\"sc-c67c3674-3 jITGSO\">\n<p style=\"text-align: justify;\">O procurador-geral da Rep\u00fablica, Augusto Aras, utilizou as redes sociais para criticar a\u00a0<strong>homologa\u00e7\u00e3o da dela\u00e7\u00e3o premiada do tenente-coronel Mauro Cid<\/strong>, ex-ajudante de ordens do ent\u00e3o presidente Jair Bolsonaro (PL). O acordo foi homologado pelo ministro do Supremo Tribuna Federal (STF), Alexandre de Moraes, neste s\u00e1bado (9) \u2013 quando tamb\u00e9m foi concedida liberdade provis\u00f3ria a Mauro Cid, com aplica\u00e7\u00e3o de medidas cautelares e uso de tornozeleira eletr\u00f4nica.<\/p>\n<p style=\"text-align: justify;\">Ao se mostrar contr\u00e1rio ao acordo, Aras afirmou que a PGR n\u00e3o pertence a ele e sim \u00e0 Rep\u00fablica brasileira, sendo pautada na Constitui\u00e7\u00e3o. \u201cA PGR, portanto, n\u00e3o aceita dela\u00e7\u00f5es conduzidas pela Pol\u00edcia Federal, como aquelas de Antonio Palocci e de S\u00e9rgio Cabral, por exemplo\u201d, escreveu no seu perfil no X \u2013 antigo Twitter.<\/p>\n<p style=\"text-align: justify;\">O procurador-geral ainda disse que a decis\u00e3o da PGR teve como base interpreta\u00e7\u00e3o da lei, a qual aponta que a Pol\u00edcia Federal n\u00e3o tem legitimidade para fechar um acordo de dela\u00e7\u00e3o premiada. \u201cO subprocurador-geral da Rep\u00fablica que se manifestou na dela\u00e7\u00e3o de Mauro Cid apenas postula que se cumpra a lei. Ele tem independ\u00eancia funcional para tanto\u201d, pontuou.<\/p>\n<p style=\"text-align: justify;\">No entanto, essa n\u00e3o \u00e9 a primeira dela\u00e7\u00e3o premiada homologada pelo STF. O Supremo j\u00e1 fechou acordos com Palocci e Cabral. Em 2018, por exemplo, Palocci delatou o presidente Luiz In\u00e1cio Lula da Silva (PT) \u00e0 Pol\u00edcia Federal ap\u00f3s n\u00e3o conseguir fechar acordo com a PGR. Por\u00e9m, as investiga\u00e7\u00f5es n\u00e3o conseguiram provar as acusa\u00e7\u00f5es do ex-ministro da Fazenda e sua dela\u00e7\u00e3o foi desconsiderada.<\/p>\n<p style=\"text-align: justify;\">\n<div class=\"twitter-tweet twitter-tweet-rendered\" style=\"text-align: justify;\"><iframe id=\"twitter-widget-0\" class=\"\" title=\"Twitter Tweet\" src=\"https:\/\/platform.twitter.com\/embed\/Tweet.html?creatorScreenName=BahiaNoticias&amp;dnt=false&amp;embedId=twitter-widget-0&amp;features=eyJ0ZndfdGltZWxpbmVfbGlzdCI6eyJidWNrZXQiOltdLCJ2ZXJzaW9uIjpudWxsfSwidGZ3X2ZvbGxvd2VyX2NvdW50X3N1bnNldCI6eyJidWNrZXQiOnRydWUsInZlcnNpb24iOm51bGx9LCJ0ZndfdHdlZXRfZWRpdF9iYWNrZW5kIjp7ImJ1Y2tldCI6Im9uIiwidmVyc2lvbiI6bnVsbH0sInRmd19yZWZzcmNfc2Vzc2lvbiI6eyJidWNrZXQiOiJvbiIsInZlcnNpb24iOm51bGx9LCJ0ZndfZm9zbnJfc29mdF9pbnRlcnZlbnRpb25zX2VuYWJsZWQiOnsiYnVja2V0Ijoib24iLCJ2ZXJzaW9uIjpudWxsfSwidGZ3X21peGVkX21lZGlhXzE1ODk3Ijp7ImJ1Y2tldCI6InRyZWF0bWVudCIsInZlcnNpb24iOm51bGx9LCJ0ZndfZXhwZXJpbWVudHNfY29va2llX2V4cGlyYXRpb24iOnsiYnVja2V0IjoxMjA5NjAwLCJ2ZXJzaW9uIjpudWxsfSwidGZ3X3Nob3dfYmlyZHdhdGNoX3Bpdm90c19lbmFibGVkIjp7ImJ1Y2tldCI6Im9uIiwidmVyc2lvbiI6bnVsbH0sInRmd19kdXBsaWNhdGVfc2NyaWJlc190b19zZXR0aW5ncyI6eyJidWNrZXQiOiJvbiIsInZlcnNpb24iOm51bGx9LCJ0ZndfdXNlX3Byb2ZpbGVfaW1hZ2Vfc2hhcGVfZW5hYmxlZCI6eyJidWNrZXQiOiJvbiIsInZlcnNpb24iOm51bGx9LCJ0ZndfdmlkZW9faGxzX2R5bmFtaWNfbWFuaWZlc3RzXzE1MDgyIjp7ImJ1Y2tldCI6InRydWVfYml0cmF0ZSIsInZlcnNpb24iOm51bGx9LCJ0ZndfbGVnYWN5X3RpbWVsaW5lX3N1bnNldCI6eyJidWNrZXQiOnRydWUsInZlcnNpb24iOm51bGx9LCJ0ZndfdHdlZXRfZWRpdF9mcm9udGVuZCI6eyJidWNrZXQiOiJvbiIsInZlcnNpb24iOm51bGx9fQ%3D%3D&amp;frame=false&amp;hideCard=false&amp;hideThread=false&amp;id=1700524694015705433&amp;lang=pt&amp;origin=https%3A%2F%2Fwww.bahianoticias.com.br%2Fnoticia%2F284162-aras-critica-acordo-de-cid-e-diz-que-pgr-nao-aceita-delacoes-feitas-pela-policia-federal&amp;sessionId=e4cd2fefaf705ca456345ea103218bc21d53b806&amp;siteScreenName=BahiaNoticias&amp;theme=light&amp;widgetsVersion=aaf4084522e3a%3A1674595607486&amp;width=550px\" frameborder=\"0\" scrolling=\"no\" allowfullscreen=\"allowfullscreen\" data-tweet-id=\"1700524694015705433\" data-mce-fragment=\"1\"><\/iframe><\/div>\n<p style=\"text-align: justify;\">\n<\/div>\n<\/div>\n<div id=\"news-footer-bn\">\n<footer class=\"sc-a93e97e3-0 cMvGVf\">\n<div class=\"sc-25afab15-0 bezxib\">\n<section class=\"sc-2be9650f-0 hMkrbO\">\n<div class=\"sc-7d68fdb4-1 gJhXcA\" style=\"text-align: justify;\"><\/div>\n<\/section>\n<\/div>\n<\/footer>\n<\/div>\n","protected":false},"excerpt":{"rendered":"<p>O procurador-geral da Rep\u00fablica, Augusto Aras, utilizou as redes sociais para criticar a\u00a0homologa\u00e7\u00e3o da dela\u00e7\u00e3o premiada do tenente-coronel Mauro Cid, ex-ajudante de ordens do ent\u00e3o presidente Jair Bolsonaro (PL). O acordo foi homologado pelo ministro do Supremo Tribuna Federal (STF), Alexandre de Moraes, neste s\u00e1bado (9) \u2013 quando tamb\u00e9m foi concedida liberdade provis\u00f3ria a Mauro [&hellip;]<\/p>\n","protected":false},"author":1,"featured_media":11026,"comment_status":"closed","ping_status":"open","sticky":false,"template":"","format":"standard","meta":{"_uag_custom_page_level_css":"","_monsterinsights_skip_tracking":false,"_monsterinsights_sitenote_active":false,"_monsterinsights_sitenote_note":"","_monsterinsights_sitenote_category":0,"jetpack_post_was_ever_published":false,"_jetpack_newsletter_access":"","_jetpack_dont_email_post_to_subs":false,"_jetpack_newsletter_tier_id":0,"_jetpack_memberships_contains_paywalled_content":false,"_jetpack_memberships_contains_paid_content":false,"footnotes":"","jetpack_publicize_message":"","jetpack_publicize_feature_enabled":true,"jetpack_social_post_already_shared":true,"jetpack_social_options":{"image_generator_settings":{"template":"highway","default_image_id":0,"font":"","enabled":false},"version":2}},"categories":[203],"tags":[],"class_list":["post-57023","post","type-post","status-publish","format-standard","has-post-thumbnail","hentry","category-juazeiro"],"jetpack_publicize_connections":[],"jetpack_featured_media_url":"https:\/\/blogopara.com.br\/wp-content\/uploads\/2020\/05\/agencia-brasil-augusto-aras-procurador-geral-da-republica-13052020095901432.jpeg","uagb_featured_image_src":{"full":["https:\/\/blogopara.com.br\/wp-content\/uploads\/2020\/05\/agencia-brasil-augusto-aras-procurador-geral-da-republica-13052020095901432.jpeg",460,305,false],"thumbnail":["https:\/\/blogopara.com.br\/wp-content\/uploads\/2020\/05\/agencia-brasil-augusto-aras-procurador-geral-da-republica-13052020095901432-150x150.jpeg",150,150,true],"medium":["https:\/\/blogopara.com.br\/wp-content\/uploads\/2020\/05\/agencia-brasil-augusto-aras-procurador-geral-da-republica-13052020095901432-300x199.jpeg",300,199,true],"medium_large":["https:\/\/blogopara.com.br\/wp-content\/uploads\/2020\/05\/agencia-brasil-augusto-aras-procurador-geral-da-republica-13052020095901432.jpeg",460,305,false],"large":["https:\/\/blogopara.com.br\/wp-content\/uploads\/2020\/05\/agencia-brasil-augusto-aras-procurador-geral-da-republica-13052020095901432.jpeg",460,305,false],"1536x1536":["https:\/\/blogopara.com.br\/wp-content\/uploads\/2020\/05\/agencia-brasil-augusto-aras-procurador-geral-da-republica-13052020095901432.jpeg",460,305,false],"2048x2048":["https:\/\/blogopara.com.br\/wp-content\/uploads\/2020\/05\/agencia-brasil-augusto-aras-procurador-geral-da-republica-13052020095901432.jpeg",460,305,false],"mantranews-slider-large":["https:\/\/blogopara.com.br\/wp-content\/uploads\/2020\/05\/agencia-brasil-augusto-aras-procurador-geral-da-republica-13052020095901432.jpeg",460,305,false],"mantranews-featured-medium":["https:\/\/blogopara.com.br\/wp-content\/uploads\/2020\/05\/agencia-brasil-augusto-aras-procurador-geral-da-republica-13052020095901432-420x305.jpeg",420,305,true],"mantranews-featured-long":["https:\/\/blogopara.com.br\/wp-content\/uploads\/2020\/05\/agencia-brasil-augusto-aras-procurador-geral-da-republica-13052020095901432-300x305.jpeg",300,305,true],"mantranews-block-medium":["https:\/\/blogopara.com.br\/wp-content\/uploads\/2020\/05\/agencia-brasil-augusto-aras-procurador-geral-da-republica-13052020095901432-460x290.jpeg",460,290,true],"mantranews-carousel-image":["https:\/\/blogopara.com.br\/wp-content\/uploads\/2020\/05\/agencia-brasil-augusto-aras-procurador-geral-da-republica-13052020095901432.jpeg",460,305,false],"mantranews-block-thumb":["https:\/\/blogopara.com.br\/wp-content\/uploads\/2020\/05\/agencia-brasil-augusto-aras-procurador-geral-da-republica-13052020095901432.jpeg",322,214,false],"mantranews-single-large":["https:\/\/blogopara.com.br\/wp-content\/uploads\/2020\/05\/agencia-brasil-augusto-aras-procurador-geral-da-republica-13052020095901432.jpeg",460,305,false]},"uagb_author_info":{"display_name":"Reda\u00e7\u00e3o geral","author_link":"https:\/\/blogopara.com.br\/index.php\/author\/blogopara"},"uagb_comment_info":0,"uagb_excerpt":"O procurador-geral da Rep\u00fablica, Augusto Aras, utilizou as redes sociais para criticar a\u00a0homologa\u00e7\u00e3o da dela\u00e7\u00e3o premiada do tenente-coronel Mauro Cid, ex-ajudante de ordens do ent\u00e3o presidente Jair Bolsonaro (PL). O acordo foi homologado pelo ministro do Supremo Tribuna Federal (STF), Alexandre de Moraes, neste s\u00e1bado (9) \u2013 quando tamb\u00e9m foi concedida liberdade provis\u00f3ria a Mauro&hellip;","jetpack_sharing_enabled":true,"jetpack_likes_enabled":true,"_links":{"self":[{"href":"https:\/\/blogopara.com.br\/index.php\/wp-json\/wp\/v2\/posts\/57023","targetHints":{"allow":["GET"]}}],"collection":[{"href":"https:\/\/blogopara.com.br\/index.php\/wp-json\/wp\/v2\/posts"}],"about":[{"href":"https:\/\/blogopara.com.br\/index.php\/wp-json\/wp\/v2\/types\/post"}],"author":[{"embeddable":true,"href":"https:\/\/blogopara.com.br\/index.php\/wp-json\/wp\/v2\/users\/1"}],"replies":[{"embeddable":true,"href":"https:\/\/blogopara.com.br\/index.php\/wp-json\/wp\/v2\/comments?post=57023"}],"version-history":[{"count":1,"href":"https:\/\/blogopara.com.br\/index.php\/wp-json\/wp\/v2\/posts\/57023\/revisions"}],"predecessor-version":[{"id":57024,"href":"https:\/\/blogopara.com.br\/index.php\/wp-json\/wp\/v2\/posts\/57023\/revisions\/57024"}],"wp:featuredmedia":[{"embeddable":true,"href":"https:\/\/blogopara.com.br\/index.php\/wp-json\/wp\/v2\/media\/11026"}],"wp:attachment":[{"href":"https:\/\/blogopara.com.br\/index.php\/wp-json\/wp\/v2\/media?parent=57023"}],"wp:term":[{"taxonomy":"category","embeddable":true,"href":"https:\/\/blogopara.com.br\/index.php\/wp-json\/wp\/v2\/categories?post=57023"},{"taxonomy":"post_tag","embeddable":true,"href":"https:\/\/blogopara.com.br\/index.php\/wp-json\/wp\/v2\/tags?post=57023"}],"curies":[{"name":"wp","href":"https:\/\/api.w.org\/{rel}","templated":true}]}}