{"id":57047,"date":"2023-09-12T08:14:00","date_gmt":"2023-09-12T11:14:00","guid":{"rendered":"https:\/\/blogopara.com.br\/?p=57047"},"modified":"2023-09-11T16:16:44","modified_gmt":"2023-09-11T19:16:44","slug":"gestao-suzana-ramos-inicia-licitacao-para-reforma-e-requalificacao-da-ubs-do-bairro-alagadico","status":"publish","type":"post","link":"https:\/\/blogopara.com.br\/index.php\/2023\/09\/12\/gestao-suzana-ramos-inicia-licitacao-para-reforma-e-requalificacao-da-ubs-do-bairro-alagadico","title":{"rendered":"Gest\u00e3o Suzana Ramos inicia licita\u00e7\u00e3o para reforma e requalifica\u00e7\u00e3o da UBS do bairro Alagadi\u00e7o"},"content":{"rendered":"<p style=\"text-align: justify;\">Mais um Unidade B\u00e1sica de Sa\u00fade est\u00e1 em processo licitat\u00f3rio para reforma e requalifica\u00e7\u00e3o da sua infraestrutura. A Prefeitura de Juazeiro, atrav\u00e9s da Secretaria de Sa\u00fade (Sesau) publicou aviso de licita\u00e7\u00e3o que tem por objeto a contrata\u00e7\u00e3o de empresa para reforma da Unidade B\u00e1sica de Sa\u00fade (UBS) do bairro Alagadi\u00e7o. O processo licitat\u00f3rio acontecer\u00e1 na modalidade \u2018tomada de pre\u00e7o\u2019, no dia 22 de setembro de 2023, \u00e0s 09h.<br aria-hidden=\"true\" \/><br aria-hidden=\"true\" \/>Com a obra, a unidade do bairro Alagadi\u00e7o, que hoje atende cerca de 3 mil pessoas, vai receber al\u00e9m da reforma em sua estrutura, a aquisi\u00e7\u00e3o de m\u00f3veis e equipamentos. J\u00e1 foram entregues, reformadas e requalificadas mais de 12 UBS e quase trinta consult\u00f3rios odontol\u00f3gicos foram requalificados e reativados.<br aria-hidden=\"true\" \/><br aria-hidden=\"true\" \/>A prefeita Suzana Ramos comemorou os avan\u00e7os na sa\u00fade. \u201cA nossa gest\u00e3o tem realizado obras em todos os setores de sa\u00fade. Termos v\u00e1rias em processo de licita\u00e7\u00e3o e outras iniciando. Investimos tamb\u00e9m na aquisi\u00e7\u00e3o de equipamentos e aumento das unidades como os Centros de Sa\u00fade I e II, que v\u00e3o funcionar na Pra\u00e7a Imaculada Concei\u00e7\u00e3o (Pra\u00e7a da Catedral); estamos tamb\u00e9m reformando o Centro de Especialidades Odontol\u00f3gicas, o CEO que vai funcionar no bairro Maria Goretti, por tr\u00e1s do Col\u00e9gio Municipal Paulo VI\u201d, destacou.<br aria-hidden=\"true\" \/><br aria-hidden=\"true\" \/>O secret\u00e1rio de sa\u00fade Allan Jones, afirma que essa licita\u00e7\u00e3o ser\u00e1 um ganho para a comunidade do bairro e os profissionais. \u201cAgrade\u00e7o a todos da equipe da Sesau que est\u00e3o trabalhando em conjunto para que essas reformas aconte\u00e7am, e aos parceiros, atrav\u00e9s do conv\u00eanio Contrato Organizativo de A\u00e7\u00e3o P\u00fablica Ensino-Sa\u00fade (COAPES) e a Faculdade Est\u00e1cio IDOMED de Juazeiro\u201d, ressaltou o secret\u00e1rio.<\/p>\n","protected":false},"excerpt":{"rendered":"<p>Mais um Unidade B\u00e1sica de Sa\u00fade est\u00e1 em processo licitat\u00f3rio para reforma e requalifica\u00e7\u00e3o da sua infraestrutura. A Prefeitura de Juazeiro, atrav\u00e9s da Secretaria de Sa\u00fade (Sesau) publicou aviso de licita\u00e7\u00e3o que tem por objeto a contrata\u00e7\u00e3o de empresa para reforma da Unidade B\u00e1sica de Sa\u00fade (UBS) do bairro Alagadi\u00e7o. O processo licitat\u00f3rio acontecer\u00e1 na [&hellip;]<\/p>\n","protected":false},"author":1,"featured_media":57049,"comment_status":"closed","ping_status":"open","sticky":false,"template":"","format":"standard","meta":{"_uag_custom_page_level_css":"","_monsterinsights_skip_tracking":false,"_monsterinsights_sitenote_active":false,"_monsterinsights_sitenote_note":"","_monsterinsights_sitenote_category":0,"jetpack_post_was_ever_published":false,"_jetpack_newsletter_access":"","_jetpack_dont_email_post_to_subs":false,"_jetpack_newsletter_tier_id":0,"_jetpack_memberships_contains_paywalled_content":false,"_jetpack_memberships_contains_paid_content":false,"footnotes":"","jetpack_publicize_message":"","jetpack_publicize_feature_enabled":true,"jetpack_social_post_already_shared":true,"jetpack_social_options":{"image_generator_settings":{"template":"highway","default_image_id":0,"font":"","enabled":false},"version":2}},"categories":[203],"tags":[],"class_list":["post-57047","post","type-post","status-publish","format-standard","has-post-thumbnail","hentry","category-juazeiro"],"jetpack_publicize_connections":[],"jetpack_featured_media_url":"https:\/\/blogopara.com.br\/wp-content\/uploads\/2023\/09\/thumbnail_UBS-Alagadico-1.jpg","uagb_featured_image_src":{"full":["https:\/\/blogopara.com.br\/wp-content\/uploads\/2023\/09\/thumbnail_UBS-Alagadico-1.jpg",500,224,false],"thumbnail":["https:\/\/blogopara.com.br\/wp-content\/uploads\/2023\/09\/thumbnail_UBS-Alagadico-1-150x150.jpg",150,150,true],"medium":["https:\/\/blogopara.com.br\/wp-content\/uploads\/2023\/09\/thumbnail_UBS-Alagadico-1-300x134.jpg",300,134,true],"medium_large":["https:\/\/blogopara.com.br\/wp-content\/uploads\/2023\/09\/thumbnail_UBS-Alagadico-1.jpg",500,224,false],"large":["https:\/\/blogopara.com.br\/wp-content\/uploads\/2023\/09\/thumbnail_UBS-Alagadico-1.jpg",500,224,false],"1536x1536":["https:\/\/blogopara.com.br\/wp-content\/uploads\/2023\/09\/thumbnail_UBS-Alagadico-1.jpg",500,224,false],"2048x2048":["https:\/\/blogopara.com.br\/wp-content\/uploads\/2023\/09\/thumbnail_UBS-Alagadico-1.jpg",500,224,false],"mantranews-slider-large":["https:\/\/blogopara.com.br\/wp-content\/uploads\/2023\/09\/thumbnail_UBS-Alagadico-1.jpg",500,224,false],"mantranews-featured-medium":["https:\/\/blogopara.com.br\/wp-content\/uploads\/2023\/09\/thumbnail_UBS-Alagadico-1-420x224.jpg",420,224,true],"mantranews-featured-long":["https:\/\/blogopara.com.br\/wp-content\/uploads\/2023\/09\/thumbnail_UBS-Alagadico-1-300x224.jpg",300,224,true],"mantranews-block-medium":["https:\/\/blogopara.com.br\/wp-content\/uploads\/2023\/09\/thumbnail_UBS-Alagadico-1-464x224.jpg",464,224,true],"mantranews-carousel-image":["https:\/\/blogopara.com.br\/wp-content\/uploads\/2023\/09\/thumbnail_UBS-Alagadico-1.jpg",500,224,false],"mantranews-block-thumb":["https:\/\/blogopara.com.br\/wp-content\/uploads\/2023\/09\/thumbnail_UBS-Alagadico-1-322x224.jpg",322,224,true],"mantranews-single-large":["https:\/\/blogopara.com.br\/wp-content\/uploads\/2023\/09\/thumbnail_UBS-Alagadico-1.jpg",500,224,false]},"uagb_author_info":{"display_name":"Reda\u00e7\u00e3o geral","author_link":"https:\/\/blogopara.com.br\/index.php\/author\/blogopara"},"uagb_comment_info":0,"uagb_excerpt":"Mais um Unidade B\u00e1sica de Sa\u00fade est\u00e1 em processo licitat\u00f3rio para reforma e requalifica\u00e7\u00e3o da sua infraestrutura. A Prefeitura de Juazeiro, atrav\u00e9s da Secretaria de Sa\u00fade (Sesau) publicou aviso de licita\u00e7\u00e3o que tem por objeto a contrata\u00e7\u00e3o de empresa para reforma da Unidade B\u00e1sica de Sa\u00fade (UBS) do bairro Alagadi\u00e7o. O processo licitat\u00f3rio acontecer\u00e1 na&hellip;","jetpack_sharing_enabled":true,"jetpack_likes_enabled":true,"_links":{"self":[{"href":"https:\/\/blogopara.com.br\/index.php\/wp-json\/wp\/v2\/posts\/57047","targetHints":{"allow":["GET"]}}],"collection":[{"href":"https:\/\/blogopara.com.br\/index.php\/wp-json\/wp\/v2\/posts"}],"about":[{"href":"https:\/\/blogopara.com.br\/index.php\/wp-json\/wp\/v2\/types\/post"}],"author":[{"embeddable":true,"href":"https:\/\/blogopara.com.br\/index.php\/wp-json\/wp\/v2\/users\/1"}],"replies":[{"embeddable":true,"href":"https:\/\/blogopara.com.br\/index.php\/wp-json\/wp\/v2\/comments?post=57047"}],"version-history":[{"count":1,"href":"https:\/\/blogopara.com.br\/index.php\/wp-json\/wp\/v2\/posts\/57047\/revisions"}],"predecessor-version":[{"id":57050,"href":"https:\/\/blogopara.com.br\/index.php\/wp-json\/wp\/v2\/posts\/57047\/revisions\/57050"}],"wp:featuredmedia":[{"embeddable":true,"href":"https:\/\/blogopara.com.br\/index.php\/wp-json\/wp\/v2\/media\/57049"}],"wp:attachment":[{"href":"https:\/\/blogopara.com.br\/index.php\/wp-json\/wp\/v2\/media?parent=57047"}],"wp:term":[{"taxonomy":"category","embeddable":true,"href":"https:\/\/blogopara.com.br\/index.php\/wp-json\/wp\/v2\/categories?post=57047"},{"taxonomy":"post_tag","embeddable":true,"href":"https:\/\/blogopara.com.br\/index.php\/wp-json\/wp\/v2\/tags?post=57047"}],"curies":[{"name":"wp","href":"https:\/\/api.w.org\/{rel}","templated":true}]}}