{"id":57051,"date":"2023-09-12T10:17:00","date_gmt":"2023-09-12T13:17:00","guid":{"rendered":"https:\/\/blogopara.com.br\/?p=57051"},"modified":"2023-09-11T16:19:44","modified_gmt":"2023-09-11T19:19:44","slug":"tv-escola-juazeiro-iniciativa-pioneira-da-gestao-municipal-sera-apresentada-em-congressos-nacionais-de-educacao","status":"publish","type":"post","link":"https:\/\/blogopara.com.br\/index.php\/2023\/09\/12\/tv-escola-juazeiro-iniciativa-pioneira-da-gestao-municipal-sera-apresentada-em-congressos-nacionais-de-educacao","title":{"rendered":"TV Escola Juazeiro: iniciativa pioneira da gest\u00e3o municipal ser\u00e1 apresentada em congressos nacionais de educa\u00e7\u00e3o"},"content":{"rendered":"<p style=\"text-align: justify;\">Pioneira na Gest\u00e3o Suzana Ramos, a TV Escola Juazeiro \u2013 Canal do Saber, ser\u00e1 tema de trabalho apresentado no XXXII Congresso Nacional da Federa\u00e7\u00e3o de Arte\/Educadores do Brasil (CONFAEB) e no X Congresso Internacional de Arte\/Educadores (CONIAE), que acontecer\u00e1 entre os dias 11 e 15 de novembro, na Universidade Federal do Maranh\u00e3o (UFMA). Com o tema \u2018TV Escola Juazeiro: A import\u00e2ncia da Arte-Educa\u00e7\u00e3o no audiovisual\u2019, o trabalho foi aprovado na modalidade Artigo, com autoria de Adriana Maria Santos de Almeida Campana, coordenadora da TV Escola Juazeiro.<br aria-hidden=\"true\" \/><br aria-hidden=\"true\" \/>Durante a realiza\u00e7\u00e3o do IX Congresso Nacional de Educa\u00e7\u00e3o (CONEDU), que acontecer\u00e1 no per\u00edodo de 12 a 14 outubro, na cidade de Jo\u00e3o Pessoa (PB), a TV Escola Juazeiro tamb\u00e9m ser\u00e1 tema da programa\u00e7\u00e3o, com a apresenta\u00e7\u00e3o de tr\u00eas trabalhos acad\u00eamicos com abordagens sobre metodologias de ensino em plataforma virtual, com recorte da TV Escola Juazeiro.<br aria-hidden=\"true\" \/><br aria-hidden=\"true\" \/>Na oportunidade ser\u00e3o apresentados os artigos: \u201cA arte de contar hist\u00f3rias: Uma experi\u00eancia na TV Escola Juazeiro\u201d com autoria da coordenadora e diretor da TV Escola Juazeiro, Adriana Maria Santos de Almeida Campana e Armando Pereira Lopes; \u201cPrograma Saberes: Uma proposta audiovisual educativa na TV Escola Juazeiro\u201d, de Renan Rodrigues Leitier, Joedson Sidnei da Silva, Alex Moreira Machado e Adriana Campana; e &#8220;TV Escola Juazeiro: Uma experi\u00eancia do audiovisual no trabalho do professor alfabetizador&#8221;, de Alexsandra Gon\u00e7alves Souza, Alexandra Rita Ribeiro da Silva Carvalho, Marli Lima Ferreira Cassimiro e Adriana Campana.<br aria-hidden=\"true\" \/><br aria-hidden=\"true\" \/>A TV Escola Juazeiro tamb\u00e9m contar\u00e1 com apresenta\u00e7\u00e3o de artigo, no XII Workshop Nacional e III Internacional de Educa\u00e7\u00e3o para Conviv\u00eancia com o Semi\u00e1rido Brasileiro (WECSAB), que acontecer\u00e1 entre os dias 18 e 20 de outubro, no Departamento de Ci\u00eancias Humanas (DCH), Campus III, da Universidade do Estado da Bahia (UNEB), em Juazeiro (BA).<br aria-hidden=\"true\" \/><br aria-hidden=\"true\" \/>No evento ser\u00e1 apresentado o trabalho com o tema \u201cTV Escola Juazeiro na Web: Uma programa\u00e7\u00e3o educativa contextualizada\u201d, de autoria da coordenadora e diretor da TV Escola Juazeiro, Adriana Maria Santos de Almeida Campana e Armando Pereira Lopes.<br aria-hidden=\"true\" \/><br aria-hidden=\"true\" \/>A coordenadora da TV Escola Web Juazeiro, Adriana Campana, contou sobre as conquistas alcan\u00e7adas e destacou o resultado do trabalho realizado em equipe, pautado no papel pedag\u00f3gico social. \u201cEsses trabalhos de escrita partem da import\u00e2ncia de registrarmos nossas pr\u00e1ticas, em parceria, e com o apoio, da Superintend\u00eancia Pedag\u00f3gica da Seduc, por meio da nossa superintendente Willany Cunha, do nosso secret\u00e1rio de Educa\u00e7\u00e3o, Wank Medrado, da nossa prefeita Suzana Ramos, e toda equipe da TV Escola Juazeiro. Dessa maneira, entre as a\u00e7\u00f5es da TV Escola, est\u00e1 a escrita como sistematiza\u00e7\u00e3o e reflex\u00e3o da pr\u00e1tica, al\u00e9m de entendermos a import\u00e2ncia desse interc\u00e2mbio de saberes e fazeres que acontece sempre que vamos a algum Congresso Cient\u00edfico\u201d, contou Adriana.<br aria-hidden=\"true\" \/><br aria-hidden=\"true\" \/>Classifica\u00e7\u00e3o dos trabalhos<br aria-hidden=\"true\" \/>O trabalho classificado no congresso CONFAEB, teve divulga\u00e7\u00e3o realizada via e-mail, atrav\u00e9s de envio de Carta de Aceite, compartilhada diretamente no endere\u00e7o eletr\u00f4nico da autora do artigo, no dia 10 de setembro. As classifica\u00e7\u00f5es relativas ao CONEDU, foram divulgadas gradativamente no site do evento, dispon\u00edvel em:\u00a0<a href=\"http:\/\/www.conedu.com.br\/\" target=\"_blank\" rel=\"noopener noreferrer\" data-auth=\"NotApplicable\" data-linkindex=\"0\">www.conedu.com.br\/<\/a>. A coordena\u00e7\u00e3o do congresso WECSAB enviou a confirma\u00e7\u00e3o dos trabalhos aprovados no evento para os participantes selecionados, e dever\u00e1 compartilhar oficialmente a Carta de Aceite, ainda esta semana.<br aria-hidden=\"true\" \/><br aria-hidden=\"true\" \/>A TV Escola Juazeiro<br aria-hidden=\"true\" \/>O canal TV Escola Web Juazeiro \u00e9 uma plataforma desenvolvida e mantida pela Prefeitura de Juazeiro, atrav\u00e9s da Secretaria de Educa\u00e7\u00e3o e Juventude (Seduc), com programa\u00e7\u00e3o dispon\u00edvel no endere\u00e7o eletr\u00f4nico:\u00a0<a href=\"http:\/\/tvescola.juazeiro.ba.gov.br\/\" target=\"_blank\" rel=\"noopener noreferrer\" data-auth=\"NotApplicable\" data-linkindex=\"1\">tvescola.juazeiro.ba.gov.br<\/a>.<\/p>\n","protected":false},"excerpt":{"rendered":"<p>Pioneira na Gest\u00e3o Suzana Ramos, a TV Escola Juazeiro \u2013 Canal do Saber, ser\u00e1 tema de trabalho apresentado no XXXII Congresso Nacional da Federa\u00e7\u00e3o de Arte\/Educadores do Brasil (CONFAEB) e no X Congresso Internacional de Arte\/Educadores (CONIAE), que acontecer\u00e1 entre os dias 11 e 15 de novembro, na Universidade Federal do Maranh\u00e3o (UFMA). Com o [&hellip;]<\/p>\n","protected":false},"author":1,"featured_media":57052,"comment_status":"closed","ping_status":"open","sticky":false,"template":"","format":"standard","meta":{"_uag_custom_page_level_css":"","_monsterinsights_skip_tracking":false,"_monsterinsights_sitenote_active":false,"_monsterinsights_sitenote_note":"","_monsterinsights_sitenote_category":0,"jetpack_post_was_ever_published":false,"_jetpack_newsletter_access":"","_jetpack_dont_email_post_to_subs":false,"_jetpack_newsletter_tier_id":0,"_jetpack_memberships_contains_paywalled_content":false,"_jetpack_memberships_contains_paid_content":false,"footnotes":"","jetpack_publicize_message":"","jetpack_publicize_feature_enabled":true,"jetpack_social_post_already_shared":true,"jetpack_social_options":{"image_generator_settings":{"template":"highway","default_image_id":0,"font":"","enabled":false},"version":2}},"categories":[209],"tags":[],"class_list":["post-57051","post","type-post","status-publish","format-standard","has-post-thumbnail","hentry","category-educacao"],"jetpack_publicize_connections":[],"jetpack_featured_media_url":"https:\/\/blogopara.com.br\/wp-content\/uploads\/2023\/09\/tv-escola-2-1-1-1.jpg","uagb_featured_image_src":{"full":["https:\/\/blogopara.com.br\/wp-content\/uploads\/2023\/09\/tv-escola-2-1-1-1.jpg",500,333,false],"thumbnail":["https:\/\/blogopara.com.br\/wp-content\/uploads\/2023\/09\/tv-escola-2-1-1-1-150x150.jpg",150,150,true],"medium":["https:\/\/blogopara.com.br\/wp-content\/uploads\/2023\/09\/tv-escola-2-1-1-1-300x200.jpg",300,200,true],"medium_large":["https:\/\/blogopara.com.br\/wp-content\/uploads\/2023\/09\/tv-escola-2-1-1-1.jpg",500,333,false],"large":["https:\/\/blogopara.com.br\/wp-content\/uploads\/2023\/09\/tv-escola-2-1-1-1.jpg",500,333,false],"1536x1536":["https:\/\/blogopara.com.br\/wp-content\/uploads\/2023\/09\/tv-escola-2-1-1-1.jpg",500,333,false],"2048x2048":["https:\/\/blogopara.com.br\/wp-content\/uploads\/2023\/09\/tv-escola-2-1-1-1.jpg",500,333,false],"mantranews-slider-large":["https:\/\/blogopara.com.br\/wp-content\/uploads\/2023\/09\/tv-escola-2-1-1-1.jpg",500,333,false],"mantranews-featured-medium":["https:\/\/blogopara.com.br\/wp-content\/uploads\/2023\/09\/tv-escola-2-1-1-1-420x307.jpg",420,307,true],"mantranews-featured-long":["https:\/\/blogopara.com.br\/wp-content\/uploads\/2023\/09\/tv-escola-2-1-1-1-300x333.jpg",300,333,true],"mantranews-block-medium":["https:\/\/blogopara.com.br\/wp-content\/uploads\/2023\/09\/tv-escola-2-1-1-1-464x290.jpg",464,290,true],"mantranews-carousel-image":["https:\/\/blogopara.com.br\/wp-content\/uploads\/2023\/09\/tv-escola-2-1-1-1.jpg",500,333,false],"mantranews-block-thumb":["https:\/\/blogopara.com.br\/wp-content\/uploads\/2023\/09\/tv-escola-2-1-1-1-322x230.jpg",322,230,true],"mantranews-single-large":["https:\/\/blogopara.com.br\/wp-content\/uploads\/2023\/09\/tv-escola-2-1-1-1.jpg",500,333,false]},"uagb_author_info":{"display_name":"Reda\u00e7\u00e3o geral","author_link":"https:\/\/blogopara.com.br\/index.php\/author\/blogopara"},"uagb_comment_info":0,"uagb_excerpt":"Pioneira na Gest\u00e3o Suzana Ramos, a TV Escola Juazeiro \u2013 Canal do Saber, ser\u00e1 tema de trabalho apresentado no XXXII Congresso Nacional da Federa\u00e7\u00e3o de Arte\/Educadores do Brasil (CONFAEB) e no X Congresso Internacional de Arte\/Educadores (CONIAE), que acontecer\u00e1 entre os dias 11 e 15 de novembro, na Universidade Federal do Maranh\u00e3o (UFMA). Com o&hellip;","jetpack_sharing_enabled":true,"jetpack_likes_enabled":true,"_links":{"self":[{"href":"https:\/\/blogopara.com.br\/index.php\/wp-json\/wp\/v2\/posts\/57051","targetHints":{"allow":["GET"]}}],"collection":[{"href":"https:\/\/blogopara.com.br\/index.php\/wp-json\/wp\/v2\/posts"}],"about":[{"href":"https:\/\/blogopara.com.br\/index.php\/wp-json\/wp\/v2\/types\/post"}],"author":[{"embeddable":true,"href":"https:\/\/blogopara.com.br\/index.php\/wp-json\/wp\/v2\/users\/1"}],"replies":[{"embeddable":true,"href":"https:\/\/blogopara.com.br\/index.php\/wp-json\/wp\/v2\/comments?post=57051"}],"version-history":[{"count":1,"href":"https:\/\/blogopara.com.br\/index.php\/wp-json\/wp\/v2\/posts\/57051\/revisions"}],"predecessor-version":[{"id":57053,"href":"https:\/\/blogopara.com.br\/index.php\/wp-json\/wp\/v2\/posts\/57051\/revisions\/57053"}],"wp:featuredmedia":[{"embeddable":true,"href":"https:\/\/blogopara.com.br\/index.php\/wp-json\/wp\/v2\/media\/57052"}],"wp:attachment":[{"href":"https:\/\/blogopara.com.br\/index.php\/wp-json\/wp\/v2\/media?parent=57051"}],"wp:term":[{"taxonomy":"category","embeddable":true,"href":"https:\/\/blogopara.com.br\/index.php\/wp-json\/wp\/v2\/categories?post=57051"},{"taxonomy":"post_tag","embeddable":true,"href":"https:\/\/blogopara.com.br\/index.php\/wp-json\/wp\/v2\/tags?post=57051"}],"curies":[{"name":"wp","href":"https:\/\/api.w.org\/{rel}","templated":true}]}}