{"id":57054,"date":"2023-09-12T14:20:00","date_gmt":"2023-09-12T17:20:00","guid":{"rendered":"https:\/\/blogopara.com.br\/?p=57054"},"modified":"2023-09-11T16:21:54","modified_gmt":"2023-09-11T19:21:54","slug":"cmdca-apresenta-candidatos-ao-conselho-tutelar-de-juazeiro","status":"publish","type":"post","link":"https:\/\/blogopara.com.br\/index.php\/2023\/09\/12\/cmdca-apresenta-candidatos-ao-conselho-tutelar-de-juazeiro","title":{"rendered":"CMDCA apresenta candidatos ao Conselho Tutelar de Juazeiro"},"content":{"rendered":"<p class=\"x_MsoNormal\" style=\"text-align: justify;\">O Conselho Municipal dos Direitos da Crian\u00e7a e do Adolescente de Juazeiro (CMDCA) apresenta os candidatos que concorrem a uma vaga para o Conselho Tutelar de Juazeiro e que ir\u00e3o atuar no quadri\u00eanio 2024\/2027. Vinte candidatos participam do processo de escolha.<\/p>\n<p class=\"x_MsoNormal\" style=\"text-align: justify;\">Cinco membros ser\u00e3o escolhidos pelos eleitores de Juazeiro. A elei\u00e7\u00e3o ser\u00e1 no dia 1\u00ba de outubro no Col\u00e9gio Modelo Lu\u00eds Eduardo Magalh\u00e3es, das 8h \u00e0s 17h. Est\u00e3o aptos a votar, os eleitores que estejam em dia com o Tribunal Regional Eleitoral (TRE), sendo necess\u00e1rio apresentar o t\u00edtulo de eleitor e um documento com foto.<\/p>\n<p class=\"x_MsoNormal\" style=\"text-align: justify;\">O Conselho Tutelar \u00e9 \u00f3rg\u00e3o permanente e aut\u00f4nomo, n\u00e3o jurisdicional, encarregado de zelar pelos direitos da crian\u00e7a e do adolescente, definidos na Lei Federal N\u00ba 8.069\/90 e Lei Municipal N\u00ba 2.558\/15 e legisla\u00e7\u00e3o correlata.<\/p>\n<p class=\"x_MsoNormal\" style=\"text-align: justify;\"><b>Conhe\u00e7a os nomes e n\u00fameros dos candidatos por ordem alfab\u00e9tica:<\/b><\/p>\n<p class=\"x_MsoNormal\" style=\"text-align: justify;\">&#8211; Ana C\u00e9lia- 112<\/p>\n<p class=\"x_MsoNormal\" style=\"text-align: justify;\">&#8211; Brena Miranda \u2013 555<\/p>\n<p class=\"x_MsoNormal\" style=\"text-align: justify;\">&#8211; Charles Vargas \u2013 120<\/p>\n<p class=\"x_MsoNormal\" style=\"text-align: justify;\">&#8211; Concei\u00e7\u00e3o Castro- 133<\/p>\n<p class=\"x_MsoNormal\" style=\"text-align: justify;\">&#8211; Cristiane Matias \u2013 255<\/p>\n<p class=\"x_MsoNormal\" style=\"text-align: justify;\">&#8211; Cristiano Herick \u2013 949<\/p>\n<p class=\"x_MsoNormal\" style=\"text-align: justify;\">&#8211; Dayanne da Pastoral da Crian\u00e7a \u2013 114<\/p>\n<p class=\"x_MsoNormal\" style=\"text-align: justify;\">&#8211; F\u00e1bio Duarte \u2013 222<\/p>\n<p class=\"x_MsoNormal\" style=\"text-align: justify;\">&#8211; Junior Barbosa &#8211; 130<\/p>\n<p class=\"x_MsoNormal\" style=\"text-align: justify;\">&#8211; Leandro Rafael \u2013 234<\/p>\n<p class=\"x_MsoNormal\" style=\"text-align: justify;\">&#8211; Maisa Moura \u2013 150<\/p>\n<p class=\"x_MsoNormal\" style=\"text-align: justify;\">&#8211; N\u00e1dia \u2013 111<\/p>\n<p class=\"x_MsoNormal\" style=\"text-align: justify;\">&#8211; Professor Elias \u2013 110<\/p>\n<p class=\"x_MsoNormal\" style=\"text-align: justify;\">&#8211; Professora Regina \u2013 333<\/p>\n<p class=\"x_MsoNormal\" style=\"text-align: justify;\">&#8211; Rosa Rabelo \u2013 666<\/p>\n<p class=\"x_MsoNormal\" style=\"text-align: justify;\">&#8211; Sara Oliveira \u2013 777<\/p>\n<p class=\"x_MsoNormal\" style=\"text-align: justify;\">&#8211; Sidinei Honorato \u2013 444<\/p>\n<p class=\"x_MsoNormal\" style=\"text-align: justify;\">&#8211; Tiago Rafael \u2013 456<\/p>\n<p class=\"x_MsoNormal\" style=\"text-align: justify;\">&#8211; Valdene Almeida- 113<\/p>\n<p class=\"x_MsoNormal\" style=\"text-align: justify;\">&#8211; Zezinho da Messe &#8211; 123<\/p>\n","protected":false},"excerpt":{"rendered":"<p>O Conselho Municipal dos Direitos da Crian\u00e7a e do Adolescente de Juazeiro (CMDCA) apresenta os candidatos que concorrem a uma vaga para o Conselho Tutelar de Juazeiro e que ir\u00e3o atuar no quadri\u00eanio 2024\/2027. Vinte candidatos participam do processo de escolha. Cinco membros ser\u00e3o escolhidos pelos eleitores de Juazeiro. A elei\u00e7\u00e3o ser\u00e1 no dia 1\u00ba [&hellip;]<\/p>\n","protected":false},"author":1,"featured_media":57055,"comment_status":"closed","ping_status":"open","sticky":false,"template":"","format":"standard","meta":{"_uag_custom_page_level_css":"","_monsterinsights_skip_tracking":false,"_monsterinsights_sitenote_active":false,"_monsterinsights_sitenote_note":"","_monsterinsights_sitenote_category":0,"jetpack_post_was_ever_published":false,"_jetpack_newsletter_access":"","_jetpack_dont_email_post_to_subs":false,"_jetpack_newsletter_tier_id":0,"_jetpack_memberships_contains_paywalled_content":false,"_jetpack_memberships_contains_paid_content":false,"footnotes":"","jetpack_publicize_message":"","jetpack_publicize_feature_enabled":true,"jetpack_social_post_already_shared":true,"jetpack_social_options":{"image_generator_settings":{"template":"highway","default_image_id":0,"font":"","enabled":false},"version":2}},"categories":[203],"tags":[],"class_list":["post-57054","post","type-post","status-publish","format-standard","has-post-thumbnail","hentry","category-juazeiro"],"jetpack_publicize_connections":[],"jetpack_featured_media_url":"https:\/\/blogopara.com.br\/wp-content\/uploads\/2023\/09\/Card-eleicao-conselho-tutelar-Juazeiro.png","uagb_featured_image_src":{"full":["https:\/\/blogopara.com.br\/wp-content\/uploads\/2023\/09\/Card-eleicao-conselho-tutelar-Juazeiro.png",500,583,false],"thumbnail":["https:\/\/blogopara.com.br\/wp-content\/uploads\/2023\/09\/Card-eleicao-conselho-tutelar-Juazeiro-150x150.png",150,150,true],"medium":["https:\/\/blogopara.com.br\/wp-content\/uploads\/2023\/09\/Card-eleicao-conselho-tutelar-Juazeiro-257x300.png",257,300,true],"medium_large":["https:\/\/blogopara.com.br\/wp-content\/uploads\/2023\/09\/Card-eleicao-conselho-tutelar-Juazeiro.png",500,583,false],"large":["https:\/\/blogopara.com.br\/wp-content\/uploads\/2023\/09\/Card-eleicao-conselho-tutelar-Juazeiro.png",500,583,false],"1536x1536":["https:\/\/blogopara.com.br\/wp-content\/uploads\/2023\/09\/Card-eleicao-conselho-tutelar-Juazeiro.png",500,583,false],"2048x2048":["https:\/\/blogopara.com.br\/wp-content\/uploads\/2023\/09\/Card-eleicao-conselho-tutelar-Juazeiro.png",500,583,false],"mantranews-slider-large":["https:\/\/blogopara.com.br\/wp-content\/uploads\/2023\/09\/Card-eleicao-conselho-tutelar-Juazeiro.png",500,583,false],"mantranews-featured-medium":["https:\/\/blogopara.com.br\/wp-content\/uploads\/2023\/09\/Card-eleicao-conselho-tutelar-Juazeiro-420x307.png",420,307,true],"mantranews-featured-long":["https:\/\/blogopara.com.br\/wp-content\/uploads\/2023\/09\/Card-eleicao-conselho-tutelar-Juazeiro-300x443.png",300,443,true],"mantranews-block-medium":["https:\/\/blogopara.com.br\/wp-content\/uploads\/2023\/09\/Card-eleicao-conselho-tutelar-Juazeiro-464x290.png",464,290,true],"mantranews-carousel-image":["https:\/\/blogopara.com.br\/wp-content\/uploads\/2023\/09\/Card-eleicao-conselho-tutelar-Juazeiro-500x500.png",500,500,true],"mantranews-block-thumb":["https:\/\/blogopara.com.br\/wp-content\/uploads\/2023\/09\/Card-eleicao-conselho-tutelar-Juazeiro-322x230.png",322,230,true],"mantranews-single-large":["https:\/\/blogopara.com.br\/wp-content\/uploads\/2023\/09\/Card-eleicao-conselho-tutelar-Juazeiro.png",500,583,false]},"uagb_author_info":{"display_name":"Reda\u00e7\u00e3o geral","author_link":"https:\/\/blogopara.com.br\/index.php\/author\/blogopara"},"uagb_comment_info":0,"uagb_excerpt":"O Conselho Municipal dos Direitos da Crian\u00e7a e do Adolescente de Juazeiro (CMDCA) apresenta os candidatos que concorrem a uma vaga para o Conselho Tutelar de Juazeiro e que ir\u00e3o atuar no quadri\u00eanio 2024\/2027. Vinte candidatos participam do processo de escolha. Cinco membros ser\u00e3o escolhidos pelos eleitores de Juazeiro. A elei\u00e7\u00e3o ser\u00e1 no dia 1\u00ba&hellip;","jetpack_sharing_enabled":true,"jetpack_likes_enabled":true,"_links":{"self":[{"href":"https:\/\/blogopara.com.br\/index.php\/wp-json\/wp\/v2\/posts\/57054","targetHints":{"allow":["GET"]}}],"collection":[{"href":"https:\/\/blogopara.com.br\/index.php\/wp-json\/wp\/v2\/posts"}],"about":[{"href":"https:\/\/blogopara.com.br\/index.php\/wp-json\/wp\/v2\/types\/post"}],"author":[{"embeddable":true,"href":"https:\/\/blogopara.com.br\/index.php\/wp-json\/wp\/v2\/users\/1"}],"replies":[{"embeddable":true,"href":"https:\/\/blogopara.com.br\/index.php\/wp-json\/wp\/v2\/comments?post=57054"}],"version-history":[{"count":1,"href":"https:\/\/blogopara.com.br\/index.php\/wp-json\/wp\/v2\/posts\/57054\/revisions"}],"predecessor-version":[{"id":57056,"href":"https:\/\/blogopara.com.br\/index.php\/wp-json\/wp\/v2\/posts\/57054\/revisions\/57056"}],"wp:featuredmedia":[{"embeddable":true,"href":"https:\/\/blogopara.com.br\/index.php\/wp-json\/wp\/v2\/media\/57055"}],"wp:attachment":[{"href":"https:\/\/blogopara.com.br\/index.php\/wp-json\/wp\/v2\/media?parent=57054"}],"wp:term":[{"taxonomy":"category","embeddable":true,"href":"https:\/\/blogopara.com.br\/index.php\/wp-json\/wp\/v2\/categories?post=57054"},{"taxonomy":"post_tag","embeddable":true,"href":"https:\/\/blogopara.com.br\/index.php\/wp-json\/wp\/v2\/tags?post=57054"}],"curies":[{"name":"wp","href":"https:\/\/api.w.org\/{rel}","templated":true}]}}