{"id":57069,"date":"2023-09-12T12:09:00","date_gmt":"2023-09-12T15:09:00","guid":{"rendered":"https:\/\/blogopara.com.br\/?p=57069"},"modified":"2023-09-11T17:12:24","modified_gmt":"2023-09-11T20:12:24","slug":"novo-pac-sera-lancado-em-pernambuco","status":"publish","type":"post","link":"https:\/\/blogopara.com.br\/index.php\/2023\/09\/12\/novo-pac-sera-lancado-em-pernambuco","title":{"rendered":"Novo PAC ser\u00e1 lan\u00e7ado em Pernambuco"},"content":{"rendered":"<p style=\"text-align: justify;\">Uma das agendas econ\u00f4micas mais importantes para Pernambuco desde a renova\u00e7\u00e3o dos Executivos federal e estadual ser\u00e1 lan\u00e7ada nesta segunda-feira (11). Trata-se do detalhamento das obras priorit\u00e1rias do Novo PAC no estado.<\/p>\n<p style=\"text-align: justify;\">O evento, que ser\u00e1 realizado no Audit\u00f3rio da Faculdade de Ci\u00eancias da Administra\u00e7\u00e3o de Pernambuco (FCAP\/UPE), na Zona Norte do Recife, contar\u00e1 com a presen\u00e7a do ministro da Casa Civil, Rui Costa, e da governadora Raquel Lyra (PSDB).<\/p>\n<p style=\"text-align: justify;\">Ap\u00f3s o an\u00fancio, com hor\u00e1rio marcado para as 10h, ser\u00e1 feita uma visita ao trecho em obras do Canal do Fragoso, em Olinda, um dos locais que est\u00e3o contemplados pelo PAC, com investimento de cerca de R$ 130 milh\u00f5es para a conclus\u00e3o da obra, que deve ser licitada em breve pelo governo do estado.<\/p>\n<p style=\"text-align: justify;\">Investimentos<\/p>\n<p style=\"text-align: justify;\">Pernambuco receber\u00e1 R$ 91,9 bilh\u00f5es em investimentos pelo Novo PAC, de um total de R$ 1,7 trilh\u00e3o. Ao menos R$ 30,9 bilh\u00f5es (cerca de um ter\u00e7o do montante total) ser\u00e1 destinado para obras de infraestrutura, transporte e mobilidade urbana.<\/p>\n<p style=\"text-align: justify;\">Outros R$ 14,8 bilh\u00f5es financiar\u00e3o projetos de urbaniza\u00e7\u00e3o, saneamento e crescimento sustent\u00e1vel, e mais R$ 10 bilh\u00f5es para investimentos em recursos h\u00eddricos, como a segunda fase da Adutora do Paje\u00fa e a conclus\u00e3o da Transposi\u00e7\u00e3o do Rio S\u00e3o Francisco. Para a transi\u00e7\u00e3o e seguran\u00e7a energ\u00e9tica est\u00e3o assegurados cerca de R$ 16 bilh\u00f5es.<\/p>\n<p style=\"text-align: justify;\">Diversos outros projetos com investimentos menores dever\u00e3o ser realizados, como a requalifica\u00e7\u00e3o do Metr\u00f4 do Recife, a constru\u00e7\u00e3o de um corredor exclusivo de \u00f4nibus na RMR e a duplica\u00e7\u00e3o das BRs 423 (trecho S\u00e3o Caetano\/Lajedo) e 104 (Toritama\/Para\u00edba).<\/p>\n<p style=\"text-align: justify;\">Tamb\u00e9m h\u00e1 expectativa de que seja implementado o Arco Metropolitano, ainda sem detalhamento do montante dispon\u00edvel e prazos para execu\u00e7\u00e3o da obra.<\/p>\n<p style=\"text-align: justify;\">Transnordestina<\/p>\n<p style=\"text-align: justify;\">Prioridade para o desenvolvimento econ\u00f4mico do estado, a conclus\u00e3o da Transnordestina \u00e9 uma das obras mais esperadas e deve contar com investimento de R$ 4,5 bilh\u00f5es.<\/p>\n","protected":false},"excerpt":{"rendered":"<p>Uma das agendas econ\u00f4micas mais importantes para Pernambuco desde a renova\u00e7\u00e3o dos Executivos federal e estadual ser\u00e1 lan\u00e7ada nesta segunda-feira (11). Trata-se do detalhamento das obras priorit\u00e1rias do Novo PAC no estado. O evento, que ser\u00e1 realizado no Audit\u00f3rio da Faculdade de Ci\u00eancias da Administra\u00e7\u00e3o de Pernambuco (FCAP\/UPE), na Zona Norte do Recife, contar\u00e1 com [&hellip;]<\/p>\n","protected":false},"author":1,"featured_media":57070,"comment_status":"closed","ping_status":"open","sticky":false,"template":"","format":"standard","meta":{"_uag_custom_page_level_css":"","_monsterinsights_skip_tracking":false,"_monsterinsights_sitenote_active":false,"_monsterinsights_sitenote_note":"","_monsterinsights_sitenote_category":0,"jetpack_post_was_ever_published":false,"_jetpack_newsletter_access":"","_jetpack_dont_email_post_to_subs":false,"_jetpack_newsletter_tier_id":0,"_jetpack_memberships_contains_paywalled_content":false,"_jetpack_memberships_contains_paid_content":false,"footnotes":"","jetpack_publicize_message":"","jetpack_publicize_feature_enabled":true,"jetpack_social_post_already_shared":true,"jetpack_social_options":{"image_generator_settings":{"template":"highway","default_image_id":0,"font":"","enabled":false},"version":2}},"categories":[203],"tags":[],"class_list":["post-57069","post","type-post","status-publish","format-standard","has-post-thumbnail","hentry","category-juazeiro"],"jetpack_publicize_connections":[],"jetpack_featured_media_url":"https:\/\/blogopara.com.br\/wp-content\/uploads\/2023\/09\/transnordestina-minfra.jpg","uagb_featured_image_src":{"full":["https:\/\/blogopara.com.br\/wp-content\/uploads\/2023\/09\/transnordestina-minfra.jpg",500,320,false],"thumbnail":["https:\/\/blogopara.com.br\/wp-content\/uploads\/2023\/09\/transnordestina-minfra-150x150.jpg",150,150,true],"medium":["https:\/\/blogopara.com.br\/wp-content\/uploads\/2023\/09\/transnordestina-minfra-300x192.jpg",300,192,true],"medium_large":["https:\/\/blogopara.com.br\/wp-content\/uploads\/2023\/09\/transnordestina-minfra.jpg",500,320,false],"large":["https:\/\/blogopara.com.br\/wp-content\/uploads\/2023\/09\/transnordestina-minfra.jpg",500,320,false],"1536x1536":["https:\/\/blogopara.com.br\/wp-content\/uploads\/2023\/09\/transnordestina-minfra.jpg",500,320,false],"2048x2048":["https:\/\/blogopara.com.br\/wp-content\/uploads\/2023\/09\/transnordestina-minfra.jpg",500,320,false],"mantranews-slider-large":["https:\/\/blogopara.com.br\/wp-content\/uploads\/2023\/09\/transnordestina-minfra.jpg",500,320,false],"mantranews-featured-medium":["https:\/\/blogopara.com.br\/wp-content\/uploads\/2023\/09\/transnordestina-minfra-420x307.jpg",420,307,true],"mantranews-featured-long":["https:\/\/blogopara.com.br\/wp-content\/uploads\/2023\/09\/transnordestina-minfra-300x320.jpg",300,320,true],"mantranews-block-medium":["https:\/\/blogopara.com.br\/wp-content\/uploads\/2023\/09\/transnordestina-minfra-464x290.jpg",464,290,true],"mantranews-carousel-image":["https:\/\/blogopara.com.br\/wp-content\/uploads\/2023\/09\/transnordestina-minfra.jpg",500,320,false],"mantranews-block-thumb":["https:\/\/blogopara.com.br\/wp-content\/uploads\/2023\/09\/transnordestina-minfra-322x230.jpg",322,230,true],"mantranews-single-large":["https:\/\/blogopara.com.br\/wp-content\/uploads\/2023\/09\/transnordestina-minfra.jpg",500,320,false]},"uagb_author_info":{"display_name":"Reda\u00e7\u00e3o geral","author_link":"https:\/\/blogopara.com.br\/index.php\/author\/blogopara"},"uagb_comment_info":0,"uagb_excerpt":"Uma das agendas econ\u00f4micas mais importantes para Pernambuco desde a renova\u00e7\u00e3o dos Executivos federal e estadual ser\u00e1 lan\u00e7ada nesta segunda-feira (11). Trata-se do detalhamento das obras priorit\u00e1rias do Novo PAC no estado. O evento, que ser\u00e1 realizado no Audit\u00f3rio da Faculdade de Ci\u00eancias da Administra\u00e7\u00e3o de Pernambuco (FCAP\/UPE), na Zona Norte do Recife, contar\u00e1 com&hellip;","jetpack_sharing_enabled":true,"jetpack_likes_enabled":true,"_links":{"self":[{"href":"https:\/\/blogopara.com.br\/index.php\/wp-json\/wp\/v2\/posts\/57069","targetHints":{"allow":["GET"]}}],"collection":[{"href":"https:\/\/blogopara.com.br\/index.php\/wp-json\/wp\/v2\/posts"}],"about":[{"href":"https:\/\/blogopara.com.br\/index.php\/wp-json\/wp\/v2\/types\/post"}],"author":[{"embeddable":true,"href":"https:\/\/blogopara.com.br\/index.php\/wp-json\/wp\/v2\/users\/1"}],"replies":[{"embeddable":true,"href":"https:\/\/blogopara.com.br\/index.php\/wp-json\/wp\/v2\/comments?post=57069"}],"version-history":[{"count":1,"href":"https:\/\/blogopara.com.br\/index.php\/wp-json\/wp\/v2\/posts\/57069\/revisions"}],"predecessor-version":[{"id":57071,"href":"https:\/\/blogopara.com.br\/index.php\/wp-json\/wp\/v2\/posts\/57069\/revisions\/57071"}],"wp:featuredmedia":[{"embeddable":true,"href":"https:\/\/blogopara.com.br\/index.php\/wp-json\/wp\/v2\/media\/57070"}],"wp:attachment":[{"href":"https:\/\/blogopara.com.br\/index.php\/wp-json\/wp\/v2\/media?parent=57069"}],"wp:term":[{"taxonomy":"category","embeddable":true,"href":"https:\/\/blogopara.com.br\/index.php\/wp-json\/wp\/v2\/categories?post=57069"},{"taxonomy":"post_tag","embeddable":true,"href":"https:\/\/blogopara.com.br\/index.php\/wp-json\/wp\/v2\/tags?post=57069"}],"curies":[{"name":"wp","href":"https:\/\/api.w.org\/{rel}","templated":true}]}}