{"id":57072,"date":"2023-09-12T13:13:00","date_gmt":"2023-09-12T16:13:00","guid":{"rendered":"https:\/\/blogopara.com.br\/?p=57072"},"modified":"2023-09-11T17:17:03","modified_gmt":"2023-09-11T20:17:03","slug":"com-delacao-cid-perde-direito-ao-silencio-e-pode-receber-perdao-de-pena-veja-proximos-passos","status":"publish","type":"post","link":"https:\/\/blogopara.com.br\/index.php\/2023\/09\/12\/com-delacao-cid-perde-direito-ao-silencio-e-pode-receber-perdao-de-pena-veja-proximos-passos","title":{"rendered":"Com dela\u00e7\u00e3o, Cid perde direito ao sil\u00eancio e pode receber perd\u00e3o de pena; veja pr\u00f3ximos passos"},"content":{"rendered":"<p style=\"text-align: justify;\">Ex-ajudante de ordens do ex-presidente Jair Bolsonaro, o tenente-coronel Mauro Cid fechou acordo de dela\u00e7\u00e3o premiada com a Pol\u00edcia Federal.<\/p>\n<p style=\"text-align: justify;\">O fechamento do acordo foi revelado na quarta (6) pela colunista do g1 Andreia Sadi. J\u00e1 a homologa\u00e7\u00e3o, ou seja, a valida\u00e7\u00e3o por parte do Supremo Tribunal Federal (STF) foi revelada pelo colunista Gerson Camarotti.<\/p>\n<p style=\"text-align: justify;\">Acordos de dela\u00e7\u00e3o pressup\u00f5em que o investigado contar\u00e1 aos investigadores o que sabe sobre pr\u00e1ticas il\u00edcitas em troca de benef\u00edcios.<\/p>\n<p style=\"text-align: justify;\">Ou seja: de um lado, o investigado pode obter redu\u00e7\u00e3o de pena ou sair do regime fechado, por exemplo; do outro, os investigadores obt\u00eam novos elementos e provas, avan\u00e7ando na apura\u00e7\u00e3o dos supostos crimes.<\/p>\n<p style=\"text-align: justify;\">O que acontece a partir de agora<br \/>\nCom a homologa\u00e7\u00e3o do acordo, Mauro Cid passa a ter de cumprir uma s\u00e9rie de requisitos.<\/p>\n<p style=\"text-align: justify;\">O tenente-coronel deve, por exemplo, renunciar ao direito de ficar em sil\u00eancio durante os depoimentos relacionados aos fatos investigados.<\/p>\n<p style=\"text-align: justify;\">Ele tamb\u00e9m passa a estar sujeito ao compromisso legal de dizer a verdade sobre aquilo que for indagado.<\/p>\n<p style=\"text-align: justify;\">Al\u00e9m disso, a lei estabelece que, se Mauro Cid omitir alguma informa\u00e7\u00e3o dos investigadores, poder\u00e1 ter o acordo rescindido. O texto estabelece, contudo, que essa omiss\u00e3o precisa ser dolosa, isto \u00e9, que haja o entendimento de que o delator optou por n\u00e3o prestar todas as informa\u00e7\u00f5es.<\/p>\n<p style=\"text-align: justify;\">De acordo com a norma vigente, os depoimentos prestados dever\u00e3o ser mantidos em sigilo at\u00e9 que haja o recebimento de den\u00fancia ou queixa-crime.<\/p>\n<p style=\"text-align: justify;\">]Fonte: G1<\/p>\n","protected":false},"excerpt":{"rendered":"<p>Ex-ajudante de ordens do ex-presidente Jair Bolsonaro, o tenente-coronel Mauro Cid fechou acordo de dela\u00e7\u00e3o premiada com a Pol\u00edcia Federal. O fechamento do acordo foi revelado na quarta (6) pela colunista do g1 Andreia Sadi. J\u00e1 a homologa\u00e7\u00e3o, ou seja, a valida\u00e7\u00e3o por parte do Supremo Tribunal Federal (STF) foi revelada pelo colunista Gerson Camarotti. [&hellip;]<\/p>\n","protected":false},"author":1,"featured_media":53797,"comment_status":"closed","ping_status":"open","sticky":false,"template":"","format":"standard","meta":{"_uag_custom_page_level_css":"","_monsterinsights_skip_tracking":false,"_monsterinsights_sitenote_active":false,"_monsterinsights_sitenote_note":"","_monsterinsights_sitenote_category":0,"jetpack_post_was_ever_published":false,"_jetpack_newsletter_access":"","_jetpack_dont_email_post_to_subs":false,"_jetpack_newsletter_tier_id":0,"_jetpack_memberships_contains_paywalled_content":false,"_jetpack_memberships_contains_paid_content":false,"footnotes":"","jetpack_publicize_message":"","jetpack_publicize_feature_enabled":true,"jetpack_social_post_already_shared":true,"jetpack_social_options":{"image_generator_settings":{"template":"highway","default_image_id":0,"font":"","enabled":false},"version":2}},"categories":[203],"tags":[],"class_list":["post-57072","post","type-post","status-publish","format-standard","has-post-thumbnail","hentry","category-juazeiro"],"jetpack_publicize_connections":[],"jetpack_featured_media_url":"https:\/\/blogopara.com.br\/wp-content\/uploads\/2023\/06\/mauro-cid2.jpg","uagb_featured_image_src":{"full":["https:\/\/blogopara.com.br\/wp-content\/uploads\/2023\/06\/mauro-cid2.jpg",500,332,false],"thumbnail":["https:\/\/blogopara.com.br\/wp-content\/uploads\/2023\/06\/mauro-cid2-150x150.jpg",150,150,true],"medium":["https:\/\/blogopara.com.br\/wp-content\/uploads\/2023\/06\/mauro-cid2-300x199.jpg",300,199,true],"medium_large":["https:\/\/blogopara.com.br\/wp-content\/uploads\/2023\/06\/mauro-cid2.jpg",500,332,false],"large":["https:\/\/blogopara.com.br\/wp-content\/uploads\/2023\/06\/mauro-cid2.jpg",500,332,false],"1536x1536":["https:\/\/blogopara.com.br\/wp-content\/uploads\/2023\/06\/mauro-cid2.jpg",500,332,false],"2048x2048":["https:\/\/blogopara.com.br\/wp-content\/uploads\/2023\/06\/mauro-cid2.jpg",500,332,false],"mantranews-slider-large":["https:\/\/blogopara.com.br\/wp-content\/uploads\/2023\/06\/mauro-cid2.jpg",500,332,false],"mantranews-featured-medium":["https:\/\/blogopara.com.br\/wp-content\/uploads\/2023\/06\/mauro-cid2-420x307.jpg",420,307,true],"mantranews-featured-long":["https:\/\/blogopara.com.br\/wp-content\/uploads\/2023\/06\/mauro-cid2-300x332.jpg",300,332,true],"mantranews-block-medium":["https:\/\/blogopara.com.br\/wp-content\/uploads\/2023\/06\/mauro-cid2-464x290.jpg",464,290,true],"mantranews-carousel-image":["https:\/\/blogopara.com.br\/wp-content\/uploads\/2023\/06\/mauro-cid2.jpg",500,332,false],"mantranews-block-thumb":["https:\/\/blogopara.com.br\/wp-content\/uploads\/2023\/06\/mauro-cid2-322x230.jpg",322,230,true],"mantranews-single-large":["https:\/\/blogopara.com.br\/wp-content\/uploads\/2023\/06\/mauro-cid2.jpg",500,332,false]},"uagb_author_info":{"display_name":"Reda\u00e7\u00e3o geral","author_link":"https:\/\/blogopara.com.br\/index.php\/author\/blogopara"},"uagb_comment_info":0,"uagb_excerpt":"Ex-ajudante de ordens do ex-presidente Jair Bolsonaro, o tenente-coronel Mauro Cid fechou acordo de dela\u00e7\u00e3o premiada com a Pol\u00edcia Federal. O fechamento do acordo foi revelado na quarta (6) pela colunista do g1 Andreia Sadi. J\u00e1 a homologa\u00e7\u00e3o, ou seja, a valida\u00e7\u00e3o por parte do Supremo Tribunal Federal (STF) foi revelada pelo colunista Gerson Camarotti.&hellip;","jetpack_sharing_enabled":true,"jetpack_likes_enabled":true,"_links":{"self":[{"href":"https:\/\/blogopara.com.br\/index.php\/wp-json\/wp\/v2\/posts\/57072","targetHints":{"allow":["GET"]}}],"collection":[{"href":"https:\/\/blogopara.com.br\/index.php\/wp-json\/wp\/v2\/posts"}],"about":[{"href":"https:\/\/blogopara.com.br\/index.php\/wp-json\/wp\/v2\/types\/post"}],"author":[{"embeddable":true,"href":"https:\/\/blogopara.com.br\/index.php\/wp-json\/wp\/v2\/users\/1"}],"replies":[{"embeddable":true,"href":"https:\/\/blogopara.com.br\/index.php\/wp-json\/wp\/v2\/comments?post=57072"}],"version-history":[{"count":1,"href":"https:\/\/blogopara.com.br\/index.php\/wp-json\/wp\/v2\/posts\/57072\/revisions"}],"predecessor-version":[{"id":57073,"href":"https:\/\/blogopara.com.br\/index.php\/wp-json\/wp\/v2\/posts\/57072\/revisions\/57073"}],"wp:featuredmedia":[{"embeddable":true,"href":"https:\/\/blogopara.com.br\/index.php\/wp-json\/wp\/v2\/media\/53797"}],"wp:attachment":[{"href":"https:\/\/blogopara.com.br\/index.php\/wp-json\/wp\/v2\/media?parent=57072"}],"wp:term":[{"taxonomy":"category","embeddable":true,"href":"https:\/\/blogopara.com.br\/index.php\/wp-json\/wp\/v2\/categories?post=57072"},{"taxonomy":"post_tag","embeddable":true,"href":"https:\/\/blogopara.com.br\/index.php\/wp-json\/wp\/v2\/tags?post=57072"}],"curies":[{"name":"wp","href":"https:\/\/api.w.org\/{rel}","templated":true}]}}