{"id":57100,"date":"2023-09-13T08:30:00","date_gmt":"2023-09-13T11:30:00","guid":{"rendered":"https:\/\/blogopara.com.br\/?p=57100"},"modified":"2023-09-13T07:32:33","modified_gmt":"2023-09-13T10:32:33","slug":"transforma-petrolina-vai-arrecadar-alimentos-durante-o-festival-cristao","status":"publish","type":"post","link":"https:\/\/blogopara.com.br\/index.php\/2023\/09\/13\/transforma-petrolina-vai-arrecadar-alimentos-durante-o-festival-cristao","title":{"rendered":"Transforma Petrolina vai arrecadar alimentos durante o Festival Crist\u00e3o"},"content":{"rendered":"<p style=\"text-align: justify;\">Em um gesto de solidariedade e amor, o Transforma Petrolina realizar\u00e1 uma campanha de arrecada\u00e7\u00e3o de alimentos durante as duas noites do Festival Crist\u00e3o. O evento acontecer\u00e1 na sexta-feira (15), com a noite gospel, e no domingo (17), com a noite cat\u00f3lica, na Porta do Rio. A iniciativa tem como objetivo mobilizar os participantes e visitantes do festival a contribuir com a doa\u00e7\u00e3o para ajudar fam\u00edlias em situa\u00e7\u00e3o de vulnerabilidade e institui\u00e7\u00f5es sociais.<\/p>\n<p style=\"text-align: justify;\">Para contribuir, os visitantes do Festival Crist\u00e3o s\u00e3o convidados a levar 1 kg de alimento n\u00e3o perec\u00edvel, que ser\u00e1 coletado estrategicamente na entrada do evento. Al\u00e9m de fortalecer a rede de apoio ao Terceiro Setor, a iniciativa do Transforma Petrolina destaca a import\u00e2ncia de unir-se em prol de causas humanit\u00e1rias durante os eventos realizados na cidade.<\/p>\n<p style=\"text-align: justify;\">De acordo com a coordenadora volunt\u00e1ria do Transforma Petrolina, Alinne Durando, o Festival Crist\u00e3o \u00e9 um momento de celebra\u00e7\u00e3o da f\u00e9 e tamb\u00e9m \u00e9 uma oportunidade \u00fanica de expressarmos solidariedade e amor ao pr\u00f3ximo. \u201cEstamos muito felizes com essa campanha que vai impactar centenas de vidas atrav\u00e9s do gesto simples e espont\u00e2neo da doa\u00e7\u00e3o de alimento. Refor\u00e7amos o convite para que cada participante contribua\u201d, afirma.<\/p>\n","protected":false},"excerpt":{"rendered":"<p>Em um gesto de solidariedade e amor, o Transforma Petrolina realizar\u00e1 uma campanha de arrecada\u00e7\u00e3o de alimentos durante as duas noites do Festival Crist\u00e3o. O evento acontecer\u00e1 na sexta-feira (15), com a noite gospel, e no domingo (17), com a noite cat\u00f3lica, na Porta do Rio. A iniciativa tem como objetivo mobilizar os participantes e [&hellip;]<\/p>\n","protected":false},"author":1,"featured_media":57101,"comment_status":"closed","ping_status":"open","sticky":false,"template":"","format":"standard","meta":{"_uag_custom_page_level_css":"","_monsterinsights_skip_tracking":false,"_monsterinsights_sitenote_active":false,"_monsterinsights_sitenote_note":"","_monsterinsights_sitenote_category":0,"jetpack_post_was_ever_published":false,"_jetpack_newsletter_access":"","_jetpack_dont_email_post_to_subs":false,"_jetpack_newsletter_tier_id":0,"_jetpack_memberships_contains_paywalled_content":false,"_jetpack_memberships_contains_paid_content":false,"footnotes":"","jetpack_publicize_message":"","jetpack_publicize_feature_enabled":true,"jetpack_social_post_already_shared":true,"jetpack_social_options":{"image_generator_settings":{"template":"highway","default_image_id":0,"font":"","enabled":false},"version":2}},"categories":[203],"tags":[],"class_list":["post-57100","post","type-post","status-publish","format-standard","has-post-thumbnail","hentry","category-juazeiro"],"jetpack_publicize_connections":[],"jetpack_featured_media_url":"https:\/\/blogopara.com.br\/wp-content\/uploads\/2023\/09\/WhatsApp-Image-2023-09-12-at-12.02.58-500x491-1.jpeg","uagb_featured_image_src":{"full":["https:\/\/blogopara.com.br\/wp-content\/uploads\/2023\/09\/WhatsApp-Image-2023-09-12-at-12.02.58-500x491-1.jpeg",500,491,false],"thumbnail":["https:\/\/blogopara.com.br\/wp-content\/uploads\/2023\/09\/WhatsApp-Image-2023-09-12-at-12.02.58-500x491-1-150x150.jpeg",150,150,true],"medium":["https:\/\/blogopara.com.br\/wp-content\/uploads\/2023\/09\/WhatsApp-Image-2023-09-12-at-12.02.58-500x491-1-300x295.jpeg",300,295,true],"medium_large":["https:\/\/blogopara.com.br\/wp-content\/uploads\/2023\/09\/WhatsApp-Image-2023-09-12-at-12.02.58-500x491-1.jpeg",500,491,false],"large":["https:\/\/blogopara.com.br\/wp-content\/uploads\/2023\/09\/WhatsApp-Image-2023-09-12-at-12.02.58-500x491-1.jpeg",500,491,false],"1536x1536":["https:\/\/blogopara.com.br\/wp-content\/uploads\/2023\/09\/WhatsApp-Image-2023-09-12-at-12.02.58-500x491-1.jpeg",500,491,false],"2048x2048":["https:\/\/blogopara.com.br\/wp-content\/uploads\/2023\/09\/WhatsApp-Image-2023-09-12-at-12.02.58-500x491-1.jpeg",500,491,false],"mantranews-slider-large":["https:\/\/blogopara.com.br\/wp-content\/uploads\/2023\/09\/WhatsApp-Image-2023-09-12-at-12.02.58-500x491-1.jpeg",500,491,false],"mantranews-featured-medium":["https:\/\/blogopara.com.br\/wp-content\/uploads\/2023\/09\/WhatsApp-Image-2023-09-12-at-12.02.58-500x491-1-420x307.jpeg",420,307,true],"mantranews-featured-long":["https:\/\/blogopara.com.br\/wp-content\/uploads\/2023\/09\/WhatsApp-Image-2023-09-12-at-12.02.58-500x491-1-300x443.jpeg",300,443,true],"mantranews-block-medium":["https:\/\/blogopara.com.br\/wp-content\/uploads\/2023\/09\/WhatsApp-Image-2023-09-12-at-12.02.58-500x491-1-464x290.jpeg",464,290,true],"mantranews-carousel-image":["https:\/\/blogopara.com.br\/wp-content\/uploads\/2023\/09\/WhatsApp-Image-2023-09-12-at-12.02.58-500x491-1.jpeg",500,491,false],"mantranews-block-thumb":["https:\/\/blogopara.com.br\/wp-content\/uploads\/2023\/09\/WhatsApp-Image-2023-09-12-at-12.02.58-500x491-1-322x230.jpeg",322,230,true],"mantranews-single-large":["https:\/\/blogopara.com.br\/wp-content\/uploads\/2023\/09\/WhatsApp-Image-2023-09-12-at-12.02.58-500x491-1.jpeg",500,491,false]},"uagb_author_info":{"display_name":"Reda\u00e7\u00e3o geral","author_link":"https:\/\/blogopara.com.br\/index.php\/author\/blogopara"},"uagb_comment_info":0,"uagb_excerpt":"Em um gesto de solidariedade e amor, o Transforma Petrolina realizar\u00e1 uma campanha de arrecada\u00e7\u00e3o de alimentos durante as duas noites do Festival Crist\u00e3o. O evento acontecer\u00e1 na sexta-feira (15), com a noite gospel, e no domingo (17), com a noite cat\u00f3lica, na Porta do Rio. A iniciativa tem como objetivo mobilizar os participantes e&hellip;","jetpack_sharing_enabled":true,"jetpack_likes_enabled":true,"_links":{"self":[{"href":"https:\/\/blogopara.com.br\/index.php\/wp-json\/wp\/v2\/posts\/57100","targetHints":{"allow":["GET"]}}],"collection":[{"href":"https:\/\/blogopara.com.br\/index.php\/wp-json\/wp\/v2\/posts"}],"about":[{"href":"https:\/\/blogopara.com.br\/index.php\/wp-json\/wp\/v2\/types\/post"}],"author":[{"embeddable":true,"href":"https:\/\/blogopara.com.br\/index.php\/wp-json\/wp\/v2\/users\/1"}],"replies":[{"embeddable":true,"href":"https:\/\/blogopara.com.br\/index.php\/wp-json\/wp\/v2\/comments?post=57100"}],"version-history":[{"count":1,"href":"https:\/\/blogopara.com.br\/index.php\/wp-json\/wp\/v2\/posts\/57100\/revisions"}],"predecessor-version":[{"id":57102,"href":"https:\/\/blogopara.com.br\/index.php\/wp-json\/wp\/v2\/posts\/57100\/revisions\/57102"}],"wp:featuredmedia":[{"embeddable":true,"href":"https:\/\/blogopara.com.br\/index.php\/wp-json\/wp\/v2\/media\/57101"}],"wp:attachment":[{"href":"https:\/\/blogopara.com.br\/index.php\/wp-json\/wp\/v2\/media?parent=57100"}],"wp:term":[{"taxonomy":"category","embeddable":true,"href":"https:\/\/blogopara.com.br\/index.php\/wp-json\/wp\/v2\/categories?post=57100"},{"taxonomy":"post_tag","embeddable":true,"href":"https:\/\/blogopara.com.br\/index.php\/wp-json\/wp\/v2\/tags?post=57100"}],"curies":[{"name":"wp","href":"https:\/\/api.w.org\/{rel}","templated":true}]}}